{"id":299849,"date":"2026-07-13T02:36:16","date_gmt":"2026-07-13T02:36:16","guid":{"rendered":"https:\/\/www.europesays.com\/fi\/299849\/"},"modified":"2026-07-13T02:36:16","modified_gmt":"2026-07-13T02:36:16","slug":"martina-aitolehti-ja-tytar-victoria-eerikainen-villiintyivat-pariisissa","status":"publish","type":"post","link":"https:\/\/www.europesays.com\/fi\/299849\/","title":{"rendered":"Martina Aitolehti ja tyt\u00e4r Victoria Eerik\u00e4inen villiintyiv\u00e4t Pariisissa!"},"content":{"rendered":"<p>\n            20260307, Espoo. Emma Gaala 2026 punainenmatto. Kuvassa Martina Aitolehti.<br \/>\n            Timo Korhonen\n        <\/p>\n<p class=\"subtitle \">\u00c4iti ja tyt\u00e4r todistivat suosikkiartistin vauhdikasta keikkaa.<\/p>\n<p class=\"article-content article-content-width !bg-background\"> ja h\u00e4nen tytt\u00e4rens\u00e4   viettiv\u00e4t viikonloppuna ikimuistoista iltaa Pariisissa.<\/p>\n<p class=\"font-weight-bold m-font-weight-bold article-content article-content-width !bg-background\">Arkistovideo: Martina viihtyy nyrkkeilij\u00e4komistuksen seurassa<\/p>\n<p class=\"article-content article-content-width !bg-background\">Martina ja Victoria p\u00e4\u00e4siv\u00e4t todistamaan artisti   (oik.\u00a0Abel Tesfaye) keikkaa lauantaina 11.7. Ranskan p\u00e4\u00e4kaupunki Pariisissa.<\/p>\n<p class=\"article-content article-content-width !bg-background\">Martina jakoi Instagram-tilill\u00e4\u00e4n ihastuttavia kuvia ja videoita n\u00e4ytt\u00e4v\u00e4st\u00e4 keikasta. Julkaisun ensimm\u00e4isess\u00e4 kuvassa Martina ja Victoria halaavat toisiaan keikkayleis\u00f6n keskell\u00e4.<\/p>\n<p class=\"article-content article-content-width !bg-background\">\u2013\u00a0SAIRAS SHOW ja ihan paras seura, Martina kirjoitti julkaisunsa yhteyteen.<\/p>\n<p>        <a itemprop=\"url\" href=\"https:\/\/www.seiska.fi\/kotimaa\/me-naiset-martina-aitolehti-ja-joonathan-veli-vuosien-valirikossa\/2201125\" rel=\"nofollow noopener\" target=\"_blank\"><\/p>\n<p>\nMe Naiset:\n<\/p>\n<p class=\"section-date\">\n        <strong class=\"article-section\" data-section=\"kotimaa\"><br \/>\n            kotimaa<br \/>\n        <\/strong><br \/>\n        8.7. 07:00\n    <\/p>\n<p>Me Naiset: Martina Aitolehti ja Joonathan-veli vuosien v\u00e4lirikossa\n    <\/p>\n<p itemprop=\"description\" class=\"subtitle \">\n    Martina ja Joonathan j\u00e4iv\u00e4t erossa eri vanhemmille.\n<\/p>\n<p>        <\/a><\/p>\n<p class=\"article-content article-content-width !bg-background\">Er\u00e4\u00e4ll\u00e4 videoklipill\u00e4 \u00e4iti ja tyt\u00e4r bilett\u00e4v\u00e4t vauhdikkaissa tunnelmissa hittibiisien tahtiin.\u00a0<\/p>\n<p class=\"article-content article-content-width !bg-background\">\u2013 Upea kokemus teille yhdess\u00e4, julkaisun kommenteissa ihastellaan.<\/p>\n<p class=\"article-content article-content-width !bg-background\">\u2013 Ihania olette, toinen seuraaja kirjoittaa.<\/p>\n<p>        <a itemprop=\"url\" href=\"https:\/\/www.seiska.fi\/katso\/martinan-ja-eskon-tyttarelta-tayslaidallinen-vanhempiensa-somekayttaytymisesta\/2173547\" rel=\"nofollow noopener\" target=\"_blank\"><\/p>\n<p>\nVictoria Eerik\u00e4inen:\n<\/p>\n<p class=\"section-date\">\n        <strong class=\"article-section\" data-section=\"katso\"><br \/>\n            katso<br \/>\n        <\/strong><br \/>\n        8.6. 05:15\n    <\/p>\n<p>Martinan ja Eskon tytt\u00e4relt\u00e4 t\u00e4yslaidallinen vanhempiensa somek\u00e4ytt\u00e4ytymisest\u00e4\n    <\/p>\n<p itemprop=\"description\" class=\"subtitle \">\n    Victoria Eerik\u00e4inen ei havittele itse julkisuutta.\n<\/p>\n<p>        <\/a><\/p>\n<p class=\"article-content article-content-width !bg-background\">Martina ja Victoria olivat keikkaa varten sonnustautuneet\u00a0yhteen sointuviin asuihin. Musta oli illan teemav\u00e4ri.<\/p>\n<p class=\"article-content article-content-width !bg-background\">The Weeknd: After Hours Til Dawn Tour -kiertue jatkuu kes\u00e4n aikana ymp\u00e4ri Eurooppaa.<\/p>\n<p>Kotiinpaluu<\/p>\n<p class=\"article-content article-content-width !bg-background\">Keikan j\u00e4lkeen sunnuntaina varhain aamulla Martina ilmoitti, ett\u00e4 matka jatkuu koti-Suomeen.\u00a0<\/p>\n<p class=\"article-content article-content-width !bg-background\">Noin viitt\u00e4 ennen aamuseitsem\u00e4\u00e4 julkaistun Instagram-videotarinan yhteydess\u00e4 Martina kuvaa auringonnousua lentokent\u00e4ll\u00e4.<\/p>\n<p class=\"article-content article-content-width !bg-background\">\u2013 Kotimatkalle, Martina kirjoitti somevideonsa yhteyteen.<\/p>\n<p>        <a itemprop=\"url\" href=\"https:\/\/www.seiska.fi\/kotimaa\/martina-aitolehti-ja-hajji-muhis-jalleen-yhdessa\/2202818\" rel=\"nofollow noopener\" target=\"_blank\"><\/p>\n<p>\nJ\u00e4lleen yhdess\u00e4!\n<\/p>\n<p class=\"section-date\">\n        <strong class=\"article-section\" data-section=\"kotimaa\"><br \/>\n            kotimaa<br \/>\n        <\/strong><br \/>\n        9.7. 08:00\n    <\/p>\n<p>Martina Aitolehti ja Hajji Muhis \u2013 j\u00e4lleen yhdess\u00e4!\n    <\/p>\n<p itemprop=\"description\" class=\"subtitle \">\n    Martina ja Hajji Muhis viettiv\u00e4t yhteist\u00e4 hotellilomaa.\n<\/p>\n<p>        <\/a><\/p>\n<p>Victoria on tuttu tv:st\u00e4<\/p>\n<p class=\"article-content article-content-width !bg-background\">Martinan ja   tyt\u00e4r Victoria on t\u00e4hditt\u00e4nyt Ylen uutuussarjaa Nepot. Sarja julkaistiin t\u00e4n\u00e4 vuonna.<\/p>\n<p class=\"article-content article-content-width !bg-background\">Ohjelmassa seurataan, mink\u00e4laista el\u00e4m\u00e4 on, kun omat vanhemmat ovat tuttuja julkisuudesta.<\/p>\n<p>        <a itemprop=\"url\" href=\"https:\/\/www.seiska.fi\/kotimaa\/kuvat-esko-eerikainen-julkkismiehen-kainalossa-lataa-suhdepaljastuksen\/2199422\" rel=\"nofollow noopener\" target=\"_blank\"><\/p>\n<p>\nKuvat: Julkkismiehen kainalossa!\n<\/p>\n<p class=\"section-date\">\n        <strong class=\"article-section\" data-section=\"kotimaa\"><br \/>\n            kotimaa<br \/>\n        <\/strong><br \/>\n        5.7. 15:30\n    <\/p>\n<p>Kuvat: Esko Eerik\u00e4inen julkkismiehen kainalossa \u2013 lataa suhdepaljastuksen!\n    <\/p>\n<p itemprop=\"description\" class=\"subtitle \">\n    Esko on herttainen ja omaa muhkeiden lihasten lis\u00e4ksi my\u00f6s feminiinist\u00e4 energiaa, joka vetoaa moniin naisiin n\u00e4in\u00e4 p\u00e4ivin\u00e4.\n<\/p>\n<p>        <\/a><\/p>\n<p class=\"article-content article-content-width !bg-background\">Victoria on sarjassa esimerkiksi kertonut suhteestaan julkisuuteen.\u00a0Martina ja Esko saattavat viihty\u00e4 h\u00e4nen mukaansa useita tunteja sosiaalisessa mediassa.<\/p>\n<p class=\"article-content article-content-width !bg-background\">\u2013 He miettiv\u00e4t somea koko ajan. Se on mielest\u00e4ni outoa, koska en tykk\u00e4\u00e4 olla itse kameran edess\u00e4, jos se ei ole tyyliin Tiktokiin, Instagramiin tai kaverille, Victoria pohtii Ylen ohjelmassa.<\/p>\n<p>                <img decoding=\"async\" src=\"https:\/\/www.europesays.com\/fi\/wp-content\/uploads\/2026\/07\/2184512.webp\" width=\"576\" height=\"269\" title=\"Victoria Eerik\u00e4inen esiintyy Ylen Nepot-sarjassa.\" alt=\"Nepot: Victoria Eerik\u00e4inen\" loading=\"lazy\" \/>            <\/p>\n<p>\n            Victoria Eerik\u00e4inen esiintyy Ylen Nepot-sarjassa.<br \/>\n            Vicke Eerik\u00e4inen\/Yle\n        <\/p>\n","protected":false},"excerpt":{"rendered":"20260307, Espoo. Emma Gaala 2026 punainenmatto. Kuvassa Martina Aitolehti. Timo Korhonen \u00c4iti ja tyt\u00e4r todistivat suosikkiartistin vauhdikasta keikkaa.&hellip;\n","protected":false},"author":2,"featured_media":299850,"comment_status":"","ping_status":"","sticky":false,"template":"","format":"standard","meta":{"footnotes":"","_share_on_mastodon":"0"},"categories":[130],"tags":[16821,137,33,31,30,4810,3829,2878,47,4684,1422,32,1667,39297,5117,109],"class_list":["post-299849","post","type-post","status-publish","format-standard","has-post-thumbnail","category-viihde","tag-aiti-ja-tytar","tag-entertainment","tag-fi","tag-finland","tag-finnish","tag-keikka","tag-konsertti","tag-martina-aitolehti","tag-musiikki","tag-pariisi","tag-ranska","tag-suomi","tag-tapahtumat","tag-the-weeknd","tag-victoria-eerikainen","tag-viihde"],"share_on_mastodon":{"url":"https:\/\/pubeurope.com\/@fi\/116910344509746315","error":""},"_links":{"self":[{"href":"https:\/\/www.europesays.com\/fi\/wp-json\/wp\/v2\/posts\/299849","targetHints":{"allow":["GET"]}}],"collection":[{"href":"https:\/\/www.europesays.com\/fi\/wp-json\/wp\/v2\/posts"}],"about":[{"href":"https:\/\/www.europesays.com\/fi\/wp-json\/wp\/v2\/types\/post"}],"author":[{"embeddable":true,"href":"https:\/\/www.europesays.com\/fi\/wp-json\/wp\/v2\/users\/2"}],"replies":[{"embeddable":true,"href":"https:\/\/www.europesays.com\/fi\/wp-json\/wp\/v2\/comments?post=299849"}],"version-history":[{"count":0,"href":"https:\/\/www.europesays.com\/fi\/wp-json\/wp\/v2\/posts\/299849\/revisions"}],"wp:featuredmedia":[{"embeddable":true,"href":"https:\/\/www.europesays.com\/fi\/wp-json\/wp\/v2\/media\/299850"}],"wp:attachment":[{"href":"https:\/\/www.europesays.com\/fi\/wp-json\/wp\/v2\/media?parent=299849"}],"wp:term":[{"taxonomy":"category","embeddable":true,"href":"https:\/\/www.europesays.com\/fi\/wp-json\/wp\/v2\/categories?post=299849"},{"taxonomy":"post_tag","embeddable":true,"href":"https:\/\/www.europesays.com\/fi\/wp-json\/wp\/v2\/tags?post=299849"}],"curies":[{"name":"wp","href":"https:\/\/api.w.org\/{rel}","templated":true}]}}