{"id":30018,"date":"2025-09-09T14:31:21","date_gmt":"2025-09-09T14:31:21","guid":{"rendered":"https:\/\/www.europesays.com\/fi\/30018\/"},"modified":"2025-09-09T14:31:21","modified_gmt":"2025-09-09T14:31:21","slug":"petri-kontiola-astui-esiin-julkaisi-videon-instagramissa","status":"publish","type":"post","link":"https:\/\/www.europesays.com\/fi\/30018\/","title":{"rendered":"Petri Kontiola astui esiin \u2013 Julkaisi videon Instagramissa"},"content":{"rendered":"<p>Kiekkosankari kertoo Instagramissa ajatuksiaan alkavasta SM-liigakaudesta.<\/p>\n<p><img decoding=\"async\" class=\"image image-show image-preview\" src=\"https:\/\/www.europesays.com\/fi\/wp-content\/uploads\/2025\/09\/3be4675b33d0a42ea468f0b1c6913f32ad51ec62c0ad2c5165c88f825d5194ec.jpg\" alt=\"\"\/><img decoding=\"async\" class=\"image image-show\" src=\"https:\/\/www.europesays.com\/fi\/wp-content\/uploads\/2025\/09\/1757428281_147_3be4675b33d0a42ea468f0b1c6913f32ad51ec62c0ad2c5165c88f825d5194ec.jpg\" alt=\"\"\/><\/p>\n<p>Petri Kontiola ennakoi Instagramissa tiistaina alkavaa SM-liigaa. Mika Kylm\u00e4niemi<\/p>\n<p class=\"paragraph\"><strong>Petri Kontiola<\/strong> kertoo tuoreella Instagram-videolla, ett\u00e4 h\u00e4nelt\u00e4 on paljon kyselty, miten SM-liigassa t\u00e4ll\u00e4 kaudella k\u00e4y. Runkosarjan voittaja on miehen mukaan selv\u00e4.<\/p>\n<p class=\"paragraph\">\u2013 No K\u00e4rp\u00e4t! Kontiola lataa aluksi.<\/p>\n<p class=\"paragraph\">\u2013 Ei vaiskaan. Tappara.<\/p>\n<p class=\"paragraph\">\u2013 Vai oisko Lukko?<\/p>\n<p class=\"paragraph\">Lopulta Kontiola toteaa, ett\u00e4 joku edell\u00e4 mainitusta kolmikosta vie runkosarjan.<\/p>\n<p class=\"paragraph\">\u2013 K\u00e4rpill\u00e4 ja Tapparalla ihan ylivoimaiset molarit.<\/p>\n<p class=\"paragraph\">K\u00e4rppien maalia vartioi <strong>Niklas Rubin<\/strong>. Tapparan tolppien v\u00e4liss\u00e4 seisoo puolestaan paluumuuttaja <strong>Christian Heljanko<\/strong>.<\/p>\n<p class=\"paragraph\">Pistep\u00f6rssin voittajaksi Kontiola povaa rohkeasti j\u00e4lleen pakkia:<\/p>\n<p class=\"paragraph\">\u2013 <strong>Sami Vatanen<\/strong>.<\/p>\n<p class=\"paragraph\">Viime kaudella SM-liigan pistep\u00f6rssin vei sensaatiomaisesti <strong>Atro Lepp\u00e4nen<\/strong>. Sportin pakki takoi 60 peliss\u00e4 huimat tehot 21+42=63.<\/p>\n<p class=\"paragraph\">Lopuksi mies antaa viel\u00e4 HIFK:lle pienen tipsin.<\/p>\n<p class=\"paragraph\">\u2013 Siell\u00e4 on [<strong>Jussi<\/strong>] <strong>Olkinuora<\/strong> ja [<strong>Ville<\/strong>] <strong>Lajunen<\/strong> viel\u00e4 vapaana. Tai ainakin oli.<\/p>\n<p class=\"paragraph\">HIFK koki kes\u00e4ll\u00e4 pahan takaiskun, kun ykk\u00f6svahdiksi hankittu <strong>Jakub Skarek<\/strong> siirtyikin NHL:\u00e4\u00e4n. Olkinuora voisi olla ihan kelpo paikkaaja h\u00e4nelle.<\/p>\n<p class=\"paragraph\">Kiekko-Espoon kipparina viime kaudella toiminut Lajunen, 37, puolestaan voisi ainakin teoriassa korvata <strong>Luke Martinin<\/strong>, joka j\u00e4tti Stadin kingit viime kauden p\u00e4\u00e4tteeksi.<\/p>\n<p class=\"paragraph\">Kontiola ei mainitse videolla sanaakaan hein\u00e4kuisesta veneilyonnettomuudesta. <a href=\"https:\/\/www.apu.fi\/artikkelit\/aition-tiedot-entinen-jaakiekkoilija-petri-kontiola-ollut-vakavassa-veneonnettomuudessa-viikonloppuna\" target=\"_blank\" rel=\"noopener nofollow\">Aition<\/a> mukaan ex-kiekkoilija ajautui tuolloin veneen potkureihin. <a href=\"https:\/\/yle.fi\/a\/74-20173116\" target=\"_blank\" rel=\"noopener nofollow\">Yle<\/a>n mukaan h\u00e4n sai vakavia vammoja.<\/p>\n<p class=\"paragraph\">Jos video ei n\u00e4y laitteellasi voit katsoa sen <a href=\"https:\/\/www.instagram.com\/p\/DOYBLywjK5-\/\" rel=\"noopener nofollow\" target=\"_blank\">t\u00e4\u00e4lt\u00e4<\/a>.<\/p>\n<p><script async src=\"\/\/www.instagram.com\/embed.js\"><\/script><\/p>\n","protected":false},"excerpt":{"rendered":"Kiekkosankari kertoo Instagramissa ajatuksiaan alkavasta SM-liigakaudesta. Petri Kontiola ennakoi Instagramissa tiistaina alkavaa SM-liigaa. Mika Kylm\u00e4niemi Petri Kontiola kertoo&hellip;\n","protected":false},"author":2,"featured_media":30019,"comment_status":"","ping_status":"","sticky":false,"template":"","format":"standard","meta":{"footnotes":""},"categories":[158],"tags":[35,1144,1274,33,31,30,1143,41,159,32,1145,160],"class_list":{"0":"post-30018","1":"post","2":"type-post","3":"status-publish","4":"format-standard","5":"has-post-thumbnail","7":"category-urheilu","8":"tag-24h","9":"tag-ammattilaisjaakiekko","10":"tag-ammattiurheilu","11":"tag-fi","12":"tag-finland","13":"tag-finnish","14":"tag-jaakiekko","15":"tag-liikunta-ja-urheilu","16":"tag-sports","17":"tag-suomi","18":"tag-talviurheilu","19":"tag-urheilu"},"share_on_mastodon":{"url":"","error":""},"_links":{"self":[{"href":"https:\/\/www.europesays.com\/fi\/wp-json\/wp\/v2\/posts\/30018","targetHints":{"allow":["GET"]}}],"collection":[{"href":"https:\/\/www.europesays.com\/fi\/wp-json\/wp\/v2\/posts"}],"about":[{"href":"https:\/\/www.europesays.com\/fi\/wp-json\/wp\/v2\/types\/post"}],"author":[{"embeddable":true,"href":"https:\/\/www.europesays.com\/fi\/wp-json\/wp\/v2\/users\/2"}],"replies":[{"embeddable":true,"href":"https:\/\/www.europesays.com\/fi\/wp-json\/wp\/v2\/comments?post=30018"}],"version-history":[{"count":0,"href":"https:\/\/www.europesays.com\/fi\/wp-json\/wp\/v2\/posts\/30018\/revisions"}],"wp:featuredmedia":[{"embeddable":true,"href":"https:\/\/www.europesays.com\/fi\/wp-json\/wp\/v2\/media\/30019"}],"wp:attachment":[{"href":"https:\/\/www.europesays.com\/fi\/wp-json\/wp\/v2\/media?parent=30018"}],"wp:term":[{"taxonomy":"category","embeddable":true,"href":"https:\/\/www.europesays.com\/fi\/wp-json\/wp\/v2\/categories?post=30018"},{"taxonomy":"post_tag","embeddable":true,"href":"https:\/\/www.europesays.com\/fi\/wp-json\/wp\/v2\/tags?post=30018"}],"curies":[{"name":"wp","href":"https:\/\/api.w.org\/{rel}","templated":true}]}}