{"id":300202,"date":"2026-07-13T14:05:12","date_gmt":"2026-07-13T14:05:12","guid":{"rendered":"https:\/\/www.europesays.com\/fi\/300202\/"},"modified":"2026-07-13T14:05:12","modified_gmt":"2026-07-13T14:05:12","slug":"viininmaisteluilta-brandon-jurmossa-28-7-2026-kesainen-makumatka-viinien-maailmaan-veneily","status":"publish","type":"post","link":"https:\/\/www.europesays.com\/fi\/300202\/","title":{"rendered":"Viininmaisteluilta Br\u00e4nd\u00f6n Jurmossa 28.7.2026 \u2013 Kes\u00e4inen makumatka viinien maailmaan | veneily"},"content":{"rendered":"<p class=\"lead\">\n                    Br\u00e4nd\u00f6n Jurmossa sijaitseva Caf\u00e9 Kvarnen kutsuu viinin yst\u00e4v\u00e4t kes\u00e4iseen viininmaisteluun tiistaina 28. hein\u00e4kuuta. Osallistujam\u00e4\u00e4r\u00e4 on rajattu 24 henkil\u00f6\u00f6n, joten ennakkoilmoittautuminen on v\u00e4ltt\u00e4m\u00e4t\u00f6n.&#13;\n                <\/p>\n<p>Tilaisuuden vet\u00e4\u00e4 vuodesta 2000 l\u00e4htien koulutettuna viinimestarina toiminut <strong>Krista M\u00e4ntt\u00e4ri<\/strong>. H\u00e4nen mukaansa viininmaistelu ei ole s\u00e4\u00e4nt\u00f6jen opettelua, vaan mahdollisuus tutustua viinien makuihin, rakenteeseen ja omaan makuaistiin rennossa ilmapiiriss\u00e4.<\/p>\n<p>\u2013 Viininmaistelussa harvoin on vain yht\u00e4 oikeaa vastausta. Tavoitteena on tarjota inspiroiva, keskusteleva ja mutkaton kokemus ilman turhaa hienostelua, M\u00e4ntt\u00e4ri kuvailee.<\/p>\n<p>Satamasta suoraan maisteluun<\/p>\n<p>Viininmaistelun voi yhdist\u00e4\u00e4 k\u00e4tev\u00e4sti my\u00f6s veneilylomaan. Br\u00e4nd\u00f6n pohjoisimmassa saaristossa sijaitseva Jurmo on luonnonkaunis ja el\u00e4v\u00e4 saaristokyl\u00e4, jonka vierasvenesataman yhteydess\u00e4 toimii Caf\u00e9 Kvarnen. Kyl\u00e4n keskustassa veneilij\u00f6it\u00e4 palvelevat my\u00f6s paikallinen kauppa.<\/p>\n<p>Sataman l\u00e4heisyydest\u00e4 l\u00f6ytyv\u00e4t my\u00f6s jalkapallokentt\u00e4, lasten leikkim\u00f6kki sek\u00e4 ranta-aitta, jossa myyd\u00e4\u00e4n paikallisia k\u00e4sit\u00f6it\u00e4.<\/p>\n<p>Vain ennakkoilmoittautumisella<\/p>\n<p>Viininmaisteluun osallistuminen edellytt\u00e4\u00e4 ennakkoilmoittautumista, ja paikkoja on tarjolla vain 24. Osallistujat valitaan ilmoittautumisj\u00e4rjestyksess\u00e4.<\/p>\n<p>Ilmoittautumiset on teht\u00e4v\u00e4 viimeist\u00e4\u00e4n torstaina 16. hein\u00e4kuuta, ja 60 euron osallistumismaksu henkil\u00f6\u00e4 kohden maksetaan ennakkoon.<\/p>\n<p><a href=\"https:\/\/www.jurmo.ax\" rel=\"nofollow noopener\" target=\"_blank\">www.jurmo.ax<\/a><\/p>\n<ul class=\"authors\">&#13;<\/p>\n<li>&#13;<br \/>\n          Teksti: Fredrik Eriksson        <\/li>\n<p>&#13;<\/p>\n<li>&#13;<br \/>\n          Kuva: Visit \u00c5land        <\/li>\n<p>&#13;\n                <\/ul>\n","protected":false},"excerpt":{"rendered":"Br\u00e4nd\u00f6n Jurmossa sijaitseva Caf\u00e9 Kvarnen kutsuu viinin yst\u00e4v\u00e4t kes\u00e4iseen viininmaisteluun tiistaina 28. hein\u00e4kuuta. Osallistujam\u00e4\u00e4r\u00e4 on rajattu 24 henkil\u00f6\u00f6n,&hellip;\n","protected":false},"author":2,"featured_media":300203,"comment_status":"","ping_status":"","sticky":false,"template":"","format":"standard","meta":{"footnotes":"","_share_on_mastodon":"0"},"categories":[76],"tags":[8741,34927,79,39333,77,33,31,30,37706,39332,24384,32,78,11094,11093,11092,39331],"class_list":["post-300202","post","type-post","status-publish","format-standard","has-post-thumbnail","category-talous","tag-ahvenanmaa","tag-brando","tag-business","tag-cafe-kvarnen","tag-economy","tag-fi","tag-finland","tag-finnish","tag-jurmo","tag-krista-manttari","tag-sommelier","tag-suomi","tag-talous","tag-totalvene-fi","tag-veneily-nettilehti","tag-veneilyn-verkkomedia","tag-viininmaistelu"],"share_on_mastodon":{"url":"https:\/\/pubeurope.com\/@fi\/116913053870138349","error":""},"_links":{"self":[{"href":"https:\/\/www.europesays.com\/fi\/wp-json\/wp\/v2\/posts\/300202","targetHints":{"allow":["GET"]}}],"collection":[{"href":"https:\/\/www.europesays.com\/fi\/wp-json\/wp\/v2\/posts"}],"about":[{"href":"https:\/\/www.europesays.com\/fi\/wp-json\/wp\/v2\/types\/post"}],"author":[{"embeddable":true,"href":"https:\/\/www.europesays.com\/fi\/wp-json\/wp\/v2\/users\/2"}],"replies":[{"embeddable":true,"href":"https:\/\/www.europesays.com\/fi\/wp-json\/wp\/v2\/comments?post=300202"}],"version-history":[{"count":0,"href":"https:\/\/www.europesays.com\/fi\/wp-json\/wp\/v2\/posts\/300202\/revisions"}],"wp:featuredmedia":[{"embeddable":true,"href":"https:\/\/www.europesays.com\/fi\/wp-json\/wp\/v2\/media\/300203"}],"wp:attachment":[{"href":"https:\/\/www.europesays.com\/fi\/wp-json\/wp\/v2\/media?parent=300202"}],"wp:term":[{"taxonomy":"category","embeddable":true,"href":"https:\/\/www.europesays.com\/fi\/wp-json\/wp\/v2\/categories?post=300202"},{"taxonomy":"post_tag","embeddable":true,"href":"https:\/\/www.europesays.com\/fi\/wp-json\/wp\/v2\/tags?post=300202"}],"curies":[{"name":"wp","href":"https:\/\/api.w.org\/{rel}","templated":true}]}}