{"id":300234,"date":"2026-07-13T14:59:23","date_gmt":"2026-07-13T14:59:23","guid":{"rendered":"https:\/\/www.europesays.com\/fi\/300234\/"},"modified":"2026-07-13T14:59:23","modified_gmt":"2026-07-13T14:59:23","slug":"loimaalainen-perheenaiti-joutui-keskeyttamaan-extreme-uintinsa-suomesta-ruotsiin-varsinais-suomi","status":"publish","type":"post","link":"https:\/\/www.europesays.com\/fi\/300234\/","title":{"rendered":"Loimaalainen perheen\u00e4iti joutui keskeytt\u00e4m\u00e4\u00e4n extreme-uintinsa Suomesta Ruotsiin | Varsinais-Suomi"},"content":{"rendered":"<p class=\"aw__sc-1qwuw0s-0 aw__sc-1vg2sqm-0 epAWpq ecELkD yle__article__paragraph\">Uintimatkan on tarkoitus jatkua heti, kun s\u00e4\u00e4olosuhteet sen sallivat.<\/p>\n<p><img decoding=\"async\" alt=\"Loimaalainen Kristiina Kangastalo-Hoda uimahallin altaassa. P\u00e4\u00e4ss\u00e4 uimalakki ja heijastavat uimalasit.\" src=\"https:\/\/www.europesays.com\/fi\/wp-content\/uploads\/2026\/07\/1769002963.jpeg\" class=\"aw__sc-dklauk-0 LPzKX\"\/><\/p>\n<p>Avaa kuvien katselu<\/p>\n<p>Kristiina Kangastalo-Hodan tavoitteena on uida Pohjanlahden yli ensimm\u00e4isen\u00e4 naisena maailmassa. Arkistokuva. Kuva: Kimmo Gustafsson \/ Yle<\/p>\n<p class=\"aw__sc-1qwuw0s-0 aw__sc-ngllmo-0 epAWpq fzYpjk yle__article__paragraph\">Loimaalainen <strong class=\"aw__sc-ngllmo-2 gdRrun yle__article__strong\">Kristiina Kangastalo-Hoda<\/strong> on joutunut keskeytt\u00e4m\u00e4\u00e4n extreme-uintinsa Suomesta Ruotsiin.<\/p>\n<p class=\"aw__sc-1qwuw0s-0 aw__sc-ngllmo-0 epAWpq fzYpjk yle__article__paragraph\">Tammikuussa <a class=\"aw__sc-ngllmo-1 bTDnwX yle__article__link\" href=\"https:\/\/yle.fi\/a\/74-20204302\" role=\"link\" rel=\"nofollow noopener\" target=\"_blank\">Yle kertoi Kangastalo-Hodan valmistautumisesta pitk\u00e4\u00e4n uintimatkaan.<\/a><\/p>\n<p class=\"aw__sc-1qwuw0s-0 aw__sc-ngllmo-0 epAWpq fzYpjk yle__article__paragraph\">Kangastalo-Hoda l\u00e4hti perjantaina uimaan Siikajoelta kohti Ruotsia, mutta myrsky pys\u00e4ytti etenemisen kahden p\u00e4iv\u00e4n j\u00e4lkeen.<\/p>\n<p class=\"aw__sc-1qwuw0s-0 aw__sc-ngllmo-0 epAWpq fzYpjk yle__article__paragraph\">\u2013 Lauantai-iltana olosuhteet olivat hyv\u00e4t, ja ankkuroiduttiin 11 tunnin uinnin j\u00e4lkeen. Y\u00f6ll\u00e4 luonto\u00e4iti alkoi heitt\u00e4\u00e4 kapuloita rattaisiin. Tuntui, ett\u00e4 pysyyk\u00f6 t\u00e4m\u00e4 vene edes pystyss\u00e4, Kangastalo-Hoda kertoo.<\/p>\n<p class=\"aw__sc-1qwuw0s-0 aw__sc-ngllmo-0 epAWpq fzYpjk yle__article__paragraph\">Uimari ja huoltojoukot tekiv\u00e4t y\u00f6ll\u00e4 p\u00e4\u00e4t\u00f6ksen keskeytt\u00e4misest\u00e4, ja palasivat myrskyn keskelt\u00e4 sunnuntaiaamuna Hailuodon satamaan. He odottavat yh\u00e4 tuulen laantumista, jotta uintia voisi jatkaa.<\/p>\n<p class=\"aw__sc-1qwuw0s-0 aw__sc-ngllmo-0 epAWpq fzYpjk yle__article__paragraph\">\u2013 Nyt n\u00e4ytt\u00e4\u00e4 silt\u00e4, ett\u00e4 kohta p\u00e4\u00e4st\u00e4\u00e4n l\u00e4htem\u00e4\u00e4n takaisin sinne pisteeseen, mihin lauantai-iltana j\u00e4\u00e4tiin.<\/p>\n<p class=\"aw__sc-1qwuw0s-0 aw__sc-ngllmo-0 epAWpq fzYpjk yle__article__paragraph\">Kova aallokko aiheutti Kangastalo-Hodassa ja osassa huoltojoukkoja pahoinvointia. H\u00e4n kertoo, ett\u00e4 olo on viel\u00e4 huono, mutta sen pystyy viel\u00e4 kest\u00e4m\u00e4\u00e4n.<\/p>\n<p class=\"aw__sc-1qwuw0s-0 aw__sc-ngllmo-0 epAWpq fzYpjk yle__article__paragraph\">Kahden p\u00e4iv\u00e4n uintirupeama oli sujunut hyvin ennen myrskyis\u00e4\u00e4 lauantai-iltaa.<\/p>\n<p class=\"aw__sc-1qwuw0s-0 aw__sc-ngllmo-0 epAWpq fzYpjk yle__article__paragraph\">\u2013 Vauhti oli hieman hitaampaa kuin mit\u00e4 normaalisti uin. Hermostossa ehk\u00e4 joku prakaa, mutta hyvin edettiin.<\/p>\n<p class=\"aw__sc-1qwuw0s-0 aw__sc-ngllmo-0 epAWpq fzYpjk yle__article__paragraph\">Lihaskivut, alasel\u00e4n krampit ja m\u00e4rk\u00e4puvun aiheuttamat hiertym\u00e4n Kangastalo-Hoda kertoo kuuluvan asiaan.<\/p>\n","protected":false},"excerpt":{"rendered":"Uintimatkan on tarkoitus jatkua heti, kun s\u00e4\u00e4olosuhteet sen sallivat. Avaa kuvien katselu Kristiina Kangastalo-Hodan tavoitteena on uida Pohjanlahden&hellip;\n","protected":false},"author":2,"featured_media":300235,"comment_status":"","ping_status":"","sticky":false,"template":"","format":"standard","meta":{"footnotes":"","_share_on_mastodon":"0"},"categories":[12],"tags":[22,23,26,27,33,31,30,478,17,71,24,25,28,29,3381,15,18,21,32,19,20,4312,160,16,663],"class_list":["post-300234","post","type-post","status-publish","format-standard","has-post-thumbnail","category-suomi","tag-breaking-news","tag-breakingnews","tag-featured-news","tag-featurednews","tag-fi","tag-finland","tag-finnish","tag-harrastukset","tag-headlines","tag-kotimaa","tag-latest-news","tag-latestnews","tag-main-news","tag-mainnews","tag-myrskyt","tag-news","tag-otsikot","tag-paauutiset","tag-suomi","tag-top-stories","tag-topstories","tag-uinti","tag-urheilu","tag-uutiset","tag-varsinais-suomi"],"share_on_mastodon":{"url":"https:\/\/pubeurope.com\/@fi\/116913266515349590","error":""},"_links":{"self":[{"href":"https:\/\/www.europesays.com\/fi\/wp-json\/wp\/v2\/posts\/300234","targetHints":{"allow":["GET"]}}],"collection":[{"href":"https:\/\/www.europesays.com\/fi\/wp-json\/wp\/v2\/posts"}],"about":[{"href":"https:\/\/www.europesays.com\/fi\/wp-json\/wp\/v2\/types\/post"}],"author":[{"embeddable":true,"href":"https:\/\/www.europesays.com\/fi\/wp-json\/wp\/v2\/users\/2"}],"replies":[{"embeddable":true,"href":"https:\/\/www.europesays.com\/fi\/wp-json\/wp\/v2\/comments?post=300234"}],"version-history":[{"count":0,"href":"https:\/\/www.europesays.com\/fi\/wp-json\/wp\/v2\/posts\/300234\/revisions"}],"wp:featuredmedia":[{"embeddable":true,"href":"https:\/\/www.europesays.com\/fi\/wp-json\/wp\/v2\/media\/300235"}],"wp:attachment":[{"href":"https:\/\/www.europesays.com\/fi\/wp-json\/wp\/v2\/media?parent=300234"}],"wp:term":[{"taxonomy":"category","embeddable":true,"href":"https:\/\/www.europesays.com\/fi\/wp-json\/wp\/v2\/categories?post=300234"},{"taxonomy":"post_tag","embeddable":true,"href":"https:\/\/www.europesays.com\/fi\/wp-json\/wp\/v2\/tags?post=300234"}],"curies":[{"name":"wp","href":"https:\/\/api.w.org\/{rel}","templated":true}]}}