{"id":30036,"date":"2025-09-09T14:58:07","date_gmt":"2025-09-09T14:58:07","guid":{"rendered":"https:\/\/www.europesays.com\/fi\/30036\/"},"modified":"2025-09-09T14:58:07","modified_gmt":"2025-09-09T14:58:07","slug":"breaking-badin-jyraukko-voitti-emmyn-taysin-painvastaisesta-roolista-kuin-kukaan-olisi-uskonut","status":"publish","type":"post","link":"https:\/\/www.europesays.com\/fi\/30036\/","title":{"rendered":"Breaking Badin jyr\u00e4ukko voitti Emmyn \u2013 T\u00e4ysin p\u00e4invastaisesta roolista kuin kukaan olisi uskonut"},"content":{"rendered":"<p><strong>Bryan Cranston <\/strong>voitti eilen uransa ensimm\u00e4isen Emmy-palkinnon, sitten Breaking Bad \u2013sarjan.<\/p>\n<p>Cranstonin rooli <strong>Seth Rogenin <\/strong>luomassa The Studio -sarjassa huomioitiin parhaan vierailevan komedian\u00e4yttelij\u00e4n kategoriassa.<\/p>\n<p>Lue my\u00f6s: <a href=\"https:\/\/www.episodi.fi\/uutiset\/breaking-bad-tahti-on-vihainen-kuin-ampiainen-en-pista-tikkua-ristiin-ennen-kuin-palkka-on-maksettu-kaikille\/\" title=\"Breaking Bad \u2013 t\u00e4hti on vihainen kuin ampiainen \u2013 \u201dEn pist\u00e4 tikkua ristiin ennen kuin palkka on maksettu kaikille\u201d\" class=\"underline-custom !font-montserrat !font-bold !underline-offset-4 !decoration-4 !decoration-episodi-blue !text-md\" rel=\"nofollow noopener\" target=\"_blank\">Breaking Bad \u2013 t\u00e4hti on vihainen kuin ampiainen \u2013 \u201dEn pist\u00e4 tikkua ristiin ennen kuin palkka on maksettu kaikille\u201d<\/a><\/p>\n<p>Lue my\u00f6s: <a href=\"https:\/\/www.episodi.fi\/uutiset\/bryan-cranston-kertoo-ajatuksiaan-veljemme-on-nero-sarjan-paluusta\/\" title=\"Bryan Cranston kertoo ajatuksiaan Veljemme on nero -sarjan paluusta \u2013\u00a0Uusia jaksoja jo t\u00e4n\u00e4 vuonna\" class=\"underline-custom !font-montserrat !font-bold !underline-offset-4 !decoration-4 !decoration-episodi-blue !text-md\" rel=\"nofollow noopener\" target=\"_blank\">Bryan Cranston kertoo ajatuksiaan Veljemme on nero -sarjan paluusta \u2013\u00a0Uusia jaksoja jo t\u00e4n\u00e4 vuonna<\/a><\/p>\n<p>Lue my\u00f6s: <a href=\"https:\/\/www.episodi.fi\/uutiset\/tanaan-tvssa-breaking-bad-tahti-bryan-cranston-tekee-loistavan-roolityon-vuoden-2015-elokuvassa\/\" title=\"T\u00e4n\u00e4\u00e4n tv:ss\u00e4: Breaking Bad -t\u00e4hti Bryan Cranston tekee loistavan roolity\u00f6n vuoden 2015 elokuvassa\" class=\"underline-custom !font-montserrat !font-bold !underline-offset-4 !decoration-4 !decoration-episodi-blue !text-md\" rel=\"nofollow noopener\" target=\"_blank\">T\u00e4n\u00e4\u00e4n tv:ss\u00e4: Breaking Bad -t\u00e4hti Bryan Cranston tekee loistavan roolity\u00f6n vuoden 2015 elokuvassa<\/a><\/p>\n<p>Cranston on tehnyt uransa varrella monentyylisi\u00e4 rooleja. H\u00e4n t\u00e4hditti mm. 2000-luvun alkupuolella py\u00f6rinytt\u00e4 Veljemme on nero -komediasarjaa. Suosittu ja arvostettu Breaking Bad (2008-2013) muokkasi Cranstonin n\u00e4yttelij\u00e4profiilin kuitenkin vahvasti \u201dpaha j\u00e4tk\u00e4\u201d -kategoriaan.<\/p>\n<p>Vaikka Emmy-palkinto oli Cranstonille ensimm\u00e4inen komediaroolista, Breaking Badista niit\u00e4 l\u00f6ytyy valmiiksi jo kuusi. Oscar-ehdokkuus tuli vuoden 2015 elokuvasta Trumbo.<\/p>\n<p>L\u00e4hde: <a href=\"https:\/\/screenrant.com\/bryan-cranston-the-studio-first-comedy-emmy-win\/\" rel=\"nofollow noopener\" target=\"_blank\">Screen Rant<\/a><\/p>\n<p>Lue my\u00f6s: <a href=\"https:\/\/www.episodi.fi\/uutiskirje\/?uutiskirjemainos=tekstilinkkimainos\" title=\"Tilaa Episodin uutiskirje ja voit voittaa leffalippuja! Nappaa tv-vinkit suoraan s\u00e4hk\u00f6postiin t\u00e4st\u00e4.\" class=\"underline-custom !font-montserrat !font-bold !underline-offset-4 !decoration-4 !decoration-episodi-blue !text-md\" rel=\"nofollow noopener\" target=\"_blank\">Tilaa Episodin uutiskirje ja voit voittaa leffalippuja! Nappaa katseluvinkit suoraan s\u00e4hk\u00f6postiin t\u00e4st\u00e4.<\/a><\/p>\n<p>\t\t\t<a href=\"https:\/\/www.facebook.com\/sharer\/sharer.php?u=https:\/\/www.episodi.fi\/uutiset\/breaking-badin-jyraukko-voitti-emmyn-taysin-painvastaisesta-roolista-kuin-kukaan-olisi-uskonut\/\" target=\"_blank\" class=\"block px-4 py-2 text-sm text-gray-800 border-b hover:bg-gray-200\" rel=\"nofollow noopener\"><\/p>\n<p>\t\t\t\tFacebook<br \/>\n\t\t\t<\/a><br \/>\n\t\t\t<a href=\"https:\/\/twitter.com\/intent\/tweet?text=https:\/\/www.episodi.fi\/uutiset\/breaking-badin-jyraukko-voitti-emmyn-taysin-painvastaisesta-roolista-kuin-kukaan-olisi-uskonut\/\" target=\"_blank\" class=\"block px-4 py-2 text-sm text-gray-800 border-b hover:bg-gray-200\" rel=\"nofollow noopener\"><\/p>\n<p>\t\t\t\tTwitter<br \/>\n\t\t\t<\/a><br \/>\n\t\t\t<a href=\"mailto:?subject=Breaking Badin jyr\u00e4ukko voitti Emmyn \u2013 T\u00e4ysin p\u00e4invastaisesta roolista kuin kukaan olisi uskonut&amp;body=https:\/\/www.episodi.fi\/uutiset\/breaking-badin-jyraukko-voitti-emmyn-taysin-painvastaisesta-roolista-kuin-kukaan-olisi-uskonut\/\" target=\"_blank\" class=\"block px-4 py-2 text-sm text-gray-800 border-b hover:bg-gray-200\"><\/p>\n<p>\t\t\t\tS\u00e4hk\u00f6posti<\/a><\/p>\n<p>\t\t\t\t<script async src=\"https:\/\/platform.twitter.com\/widgets.js\" charset=\"utf-8\"><\/script><\/p>\n","protected":false},"excerpt":{"rendered":"Bryan Cranston voitti eilen uransa ensimm\u00e4isen Emmy-palkinnon, sitten Breaking Bad \u2013sarjan. Cranstonin rooli Seth Rogenin luomassa The Studio&hellip;\n","protected":false},"author":2,"featured_media":30037,"comment_status":"","ping_status":"","sticky":false,"template":"","format":"standard","meta":{"footnotes":""},"categories":[130],"tags":[9013,9014,137,33,31,30,32,109],"class_list":{"0":"post-30036","1":"post","2":"type-post","3":"status-publish","4":"format-standard","5":"has-post-thumbnail","7":"category-viihde","8":"tag-bryan-cranston","9":"tag-emmyt","10":"tag-entertainment","11":"tag-fi","12":"tag-finland","13":"tag-finnish","14":"tag-suomi","15":"tag-viihde"},"share_on_mastodon":{"url":"","error":""},"_links":{"self":[{"href":"https:\/\/www.europesays.com\/fi\/wp-json\/wp\/v2\/posts\/30036","targetHints":{"allow":["GET"]}}],"collection":[{"href":"https:\/\/www.europesays.com\/fi\/wp-json\/wp\/v2\/posts"}],"about":[{"href":"https:\/\/www.europesays.com\/fi\/wp-json\/wp\/v2\/types\/post"}],"author":[{"embeddable":true,"href":"https:\/\/www.europesays.com\/fi\/wp-json\/wp\/v2\/users\/2"}],"replies":[{"embeddable":true,"href":"https:\/\/www.europesays.com\/fi\/wp-json\/wp\/v2\/comments?post=30036"}],"version-history":[{"count":0,"href":"https:\/\/www.europesays.com\/fi\/wp-json\/wp\/v2\/posts\/30036\/revisions"}],"wp:featuredmedia":[{"embeddable":true,"href":"https:\/\/www.europesays.com\/fi\/wp-json\/wp\/v2\/media\/30037"}],"wp:attachment":[{"href":"https:\/\/www.europesays.com\/fi\/wp-json\/wp\/v2\/media?parent=30036"}],"wp:term":[{"taxonomy":"category","embeddable":true,"href":"https:\/\/www.europesays.com\/fi\/wp-json\/wp\/v2\/categories?post=30036"},{"taxonomy":"post_tag","embeddable":true,"href":"https:\/\/www.europesays.com\/fi\/wp-json\/wp\/v2\/tags?post=30036"}],"curies":[{"name":"wp","href":"https:\/\/api.w.org\/{rel}","templated":true}]}}