{"id":300450,"date":"2026-07-13T21:14:08","date_gmt":"2026-07-13T21:14:08","guid":{"rendered":"https:\/\/www.europesays.com\/fi\/300450\/"},"modified":"2026-07-13T21:14:08","modified_gmt":"2026-07-13T21:14:08","slug":"googlen-tekoaly-kertoo-poliitikoista-sattumanvaraisia-asioita-uutisia-lyhyesti","status":"publish","type":"post","link":"https:\/\/www.europesays.com\/fi\/300450\/","title":{"rendered":"Googlen teko\u00e4ly kertoo poliitikoista sattuman\u00advaraisia asioita | Uutisia lyhyesti"},"content":{"rendered":"<p class=\"aw__sc-1qwuw0s-0 aw__sc-ngllmo-0 epAWpq fzYpjk yle__article__paragraph\">Ruotsalainen europarlamentaarikko on tehnyt rikosilmoituksen toisesta mepist\u00e4, <a class=\"aw__sc-ngllmo-1 bTDnwX yle__article__link\" href=\"https:\/\/www.theguardian.com\/world\/2026\/jul\/13\/swedish-mep-abir-al-sahlani-files-police-complaint-accusing-danish-mep-of-racist-hate-speech\" role=\"link\" rel=\"nofollow noopener\" target=\"_blank\">kertoo Guardian<\/a>. Irakilaissyntyinen meppi <strong class=\"aw__sc-ngllmo-2 gdRrun yle__article__strong\">Abir Al-Sahlani<\/strong> syytt\u00e4\u00e4 tanskalaista <strong class=\"aw__sc-ngllmo-2 gdRrun yle__article__strong\">Kristoffer Stormia<\/strong> rasistisesta vihapuheesta.<\/p>\n<p class=\"aw__sc-1qwuw0s-0 aw__sc-ngllmo-0 epAWpq fzYpjk yle__article__paragraph\">Al-Sahlani oli kritisoinut verkossa huutomyr\u00e4kk\u00e4\u00e4, joka europarlamentissa nousi palautuslaki\u00e4\u00e4nestyksen j\u00e4lkeen kes\u00e4kuussa. Storm kommentoi Al-Sahlanin videota sanomalla, ett\u00e4 t\u00e4m\u00e4n pit\u00e4isi palata kotiin.<\/p>\n<p class=\"aw__sc-1qwuw0s-0 aw__sc-ngllmo-0 epAWpq fzYpjk yle__article__paragraph\">Perussuomalainen meppi <strong class=\"aw__sc-ngllmo-2 gdRrun yle__article__strong\">Sebastian Tynkkynen<\/strong> puolestaan reagoi videoon kehottamalla Al-Sahlania itkem\u00e4\u00e4n lis\u00e4\u00e4. Guardianin mukaan Al-Sahlani teki rikosilmoituksen vain Stormista, koska Ruotsin poliisi ei osannut k\u00e4sitell\u00e4 Tynkkysen kirjoitusta.<\/p>\n<p><a href=\"https:\/\/yle.fi\/a\/74-20236210\" class=\"aw__sc-46d9se-0 aw__sc-1lkvr9c-0 ejhPiV jIBvCS\" rel=\"nofollow noopener\" target=\"_blank\">Avaa koko juttu<\/a><\/p>\n","protected":false},"excerpt":{"rendered":"Ruotsalainen europarlamentaarikko on tehnyt rikosilmoituksen toisesta mepist\u00e4, kertoo Guardian. Irakilaissyntyinen meppi Abir Al-Sahlani syytt\u00e4\u00e4 tanskalaista Kristoffer Stormia rasistisesta&hellip;\n","protected":false},"author":2,"featured_media":300451,"comment_status":"","ping_status":"","sticky":false,"template":"","format":"standard","meta":{"footnotes":"","_share_on_mastodon":"0"},"categories":[89],"tags":[432,431,33,31,30,716,637,32,91,92,433,28893],"class_list":["post-300450","post","type-post","status-publish","format-standard","has-post-thumbnail","category-tekoaly","tag-ai","tag-artificial-intelligence","tag-fi","tag-finland","tag-finnish","tag-google","tag-politiikka","tag-suomi","tag-technology","tag-teknologia","tag-tekoaly","tag-verifiointi"],"share_on_mastodon":{"url":"https:\/\/pubeurope.com\/@fi\/116914740543677318","error":""},"_links":{"self":[{"href":"https:\/\/www.europesays.com\/fi\/wp-json\/wp\/v2\/posts\/300450","targetHints":{"allow":["GET"]}}],"collection":[{"href":"https:\/\/www.europesays.com\/fi\/wp-json\/wp\/v2\/posts"}],"about":[{"href":"https:\/\/www.europesays.com\/fi\/wp-json\/wp\/v2\/types\/post"}],"author":[{"embeddable":true,"href":"https:\/\/www.europesays.com\/fi\/wp-json\/wp\/v2\/users\/2"}],"replies":[{"embeddable":true,"href":"https:\/\/www.europesays.com\/fi\/wp-json\/wp\/v2\/comments?post=300450"}],"version-history":[{"count":0,"href":"https:\/\/www.europesays.com\/fi\/wp-json\/wp\/v2\/posts\/300450\/revisions"}],"wp:featuredmedia":[{"embeddable":true,"href":"https:\/\/www.europesays.com\/fi\/wp-json\/wp\/v2\/media\/300451"}],"wp:attachment":[{"href":"https:\/\/www.europesays.com\/fi\/wp-json\/wp\/v2\/media?parent=300450"}],"wp:term":[{"taxonomy":"category","embeddable":true,"href":"https:\/\/www.europesays.com\/fi\/wp-json\/wp\/v2\/categories?post=300450"},{"taxonomy":"post_tag","embeddable":true,"href":"https:\/\/www.europesays.com\/fi\/wp-json\/wp\/v2\/tags?post=300450"}],"curies":[{"name":"wp","href":"https:\/\/api.w.org\/{rel}","templated":true}]}}