{"id":300521,"date":"2026-07-13T23:36:15","date_gmt":"2026-07-13T23:36:15","guid":{"rendered":"https:\/\/www.europesays.com\/fi\/300521\/"},"modified":"2026-07-13T23:36:15","modified_gmt":"2026-07-13T23:36:15","slug":"jalkapallon-mm-kisojen-yli-sata-pelia-kayvat-fanien-kunnon-paalle-mutta-nama-miehet-ovat-loytaneet-siihen-ratkaisun-urheilu","status":"publish","type":"post","link":"https:\/\/www.europesays.com\/fi\/300521\/","title":{"rendered":"Jalkapallon MM-kisojen yli sata peli\u00e4 k\u00e4yv\u00e4t fanien kunnon p\u00e4\u00e4lle, mutta n\u00e4m\u00e4 miehet ovat l\u00f6yt\u00e4neet siihen ratkaisun | Urheilu"},"content":{"rendered":"<ul class=\"aw__sc-1yb43iq-0 gFXHv yle__article__list yle__article__list--ul\">\n<li class=\"aw__sc-1yb43iq-1 gVAzbt\">Jotkut innokkaat jalkapallofanit j\u00e4rjest\u00e4v\u00e4t ty\u00f6ns\u00e4 ja lomansa jalkapallon MM-kisojen ymp\u00e4rille.<\/li>\n<li class=\"aw__sc-1yb43iq-1 gVAzbt\">Mustasaarelainen Timo Tiensuu, 55, pit\u00e4\u00e4 kes\u00e4lomansa aina MM-kisojen aikaan.<\/li>\n<li class=\"aw__sc-1yb43iq-1 gVAzbt\">Uusikaarlepyyl\u00e4inen postinjakaja Gustaf H\u00e4ger, 60, rytmitt\u00e4\u00e4 ty\u00f6ns\u00e4 niin, ett\u00e4 voi valvoa y\u00f6ll\u00e4 pelej\u00e4 katsoen.<\/li>\n<li class=\"aw__sc-1yb43iq-1 gVAzbt\">Ty\u00f6terveyslaitoksen tutkimusprofessori ei pid\u00e4 valvomista terveysriskin\u00e4, koska kyse on vapaaehtoisesta valinnasta, joka ei jatku loputtomiin.<\/li>\n<\/ul>\n<p class=\"aw__sc-1qwuw0s-0 aw__sc-ngllmo-0 epAWpq fzYpjk yle__article__paragraph\">Jalkapallon MM-kisat ovat tuottaneet kotisohville haasteita reippaan aikaeron vuoksi. Ty\u00f6ss\u00e4k\u00e4yv\u00e4n futisfanin y\u00f6unet ovat j\u00e4\u00e4neet lyhyiksi.<\/p>\n<p class=\"aw__sc-1qwuw0s-0 aw__sc-ngllmo-0 epAWpq fzYpjk yle__article__paragraph\">Jos suhtautuminen jalkapalloon on tarpeeksi intohimoista ja mielikuvitusta l\u00f6ytyy, voi asian ratkaista niinkin, etteiv\u00e4t ty\u00f6t ole kisojen tiell\u00e4.<\/p>\n<p class=\"aw__sc-1qwuw0s-0 aw__sc-ngllmo-0 epAWpq fzYpjk yle__article__paragraph\">Mustasaaressa asuva, aikanaan itsekin l\u00e4hes 30 vuotta pelannut <strong class=\"aw__sc-ngllmo-2 gdRrun yle__article__strong\">Timo Tiensuu<\/strong> pit\u00e4\u00e4 kes\u00e4lomansa aina MM-kisojen aikaan.<\/p>\n<p class=\"aw__sc-1qwuw0s-0 aw__sc-ngllmo-0 epAWpq fzYpjk yle__article__paragraph\">Toinen vaihtoehto on pyrki\u00e4 rytmitt\u00e4m\u00e4\u00e4n ty\u00f6ns\u00e4 niin, ett\u00e4 ty\u00f6nteko lutviutuu huonostikin nukuttujen y\u00f6n j\u00e4lkeen. N\u00e4in tekee uusikaarlepyyl\u00e4inen <strong class=\"aw__sc-ngllmo-2 gdRrun yle__article__strong\">Gustaf H\u00e4ger.<\/strong><\/p>\n<p class=\"aw__sc-1qwuw0s-0 aw__sc-ngllmo-0 epAWpq fzYpjk yle__article__paragraph\">H\u00e4gerin intohimo jalkapalloiluun leimahti jo kolmevuotiaana, ja sen j\u00e4lkeen MM-kisoja ei ole juuri v\u00e4liin j\u00e4\u00e4nyt.<\/p>\n<p class=\"aw__sc-1qwuw0s-0 aw__sc-ngllmo-0 epAWpq fzYpjk yle__article__paragraph\">N\u00e4m\u00e4 kisat ovat monelle penkkiurheilijalle iso urakka, sill\u00e4 mukana on enn\u00e4tykselliset 48 joukkuetta ja pelej\u00e4 kertyy 104.<\/p>\n<p class=\"aw__sc-1qwuw0s-0 aw__sc-ngllmo-0 epAWpq fzYpjk yle__article__paragraph\">Pit\u00e4\u00e4k\u00f6 kaikki pelit katsoa?<\/p>\n<p class=\"aw__sc-1qwuw0s-0 aw__sc-ngllmo-0 epAWpq fzYpjk yle__article__paragraph\">\u2013 No ei nyt pakko ole, mutta kun on t\u00e4mm\u00f6inen penkkiurheilija ja muutenkin kiinnostaa jalkapallo ja vedonly\u00f6nti, niin tulee kyll\u00e4 katsottua, H\u00e4ger sanoo.<\/p>\n<p>Qatarin 2022 kisat siirsiv\u00e4t kes\u00e4loman joulukuuhun<\/p>\n<p class=\"aw__sc-1qwuw0s-0 aw__sc-ngllmo-0 epAWpq fzYpjk yle__article__paragraph\">Timo Tiensuun jalkapallomania on samaa tasoa ja syttyi jo pikkupoikana.<\/p>\n<p class=\"aw__sc-1qwuw0s-0 aw__sc-ngllmo-0 epAWpq fzYpjk yle__article__paragraph\">P\u00e4\u00e4t\u00f6s lomien pit\u00e4misest\u00e4 MM-kisojen aikaan syntyi vuonna 1994, jolloin h\u00e4n aloitti nykyiset ty\u00f6ns\u00e4 ABB:ll\u00e4. My\u00f6s silloin kisat pelattiin Yhdysvalloissa ja mies katsoi kaikki pelit.<\/p>\n<p class=\"aw__sc-1qwuw0s-0 aw__sc-ngllmo-0 epAWpq fzYpjk yle__article__paragraph\">\u2013 Olin niin v\u00e4syksiss\u00e4, ett\u00e4 p\u00e4\u00e4tin, ett\u00e4 rupean pit\u00e4m\u00e4\u00e4n kisalomia silloin, kun on MM-kisat, h\u00e4n kertoo.<\/p>\n<p><img decoding=\"async\" alt=\"Mies juomassa kahvia ja katsomassa jalkapallopeli\u00e4 kotonaan.\" src=\"https:\/\/www.europesays.com\/fi\/wp-content\/uploads\/2026\/07\/1783515388.jpeg\" loading=\"lazy\" class=\"aw__sc-dklauk-0 LPzKX\"\/><\/p>\n<p>Avaa kuvien katselu<\/p>\n<p>Timo Tiensuulla on pitk\u00e4 kokemus el\u00e4m\u00e4n j\u00e4rjest\u00e4misest\u00e4 niin, ett\u00e4 penkkiurheilukin onnistuu. Kolmivuorot\u00f6it\u00e4 tekev\u00e4n puolison h\u00e4n vei jo aamulla t\u00f6ihin, ja sen j\u00e4lkeen vuorossa on aamukahvi ja n\u00e4kem\u00e4tt\u00e4 j\u00e4\u00e4neiden pelien katsominen tallenteelta. Kuva: Klosse Wistbacka \/ Yle<\/p>\n<p class=\"aw__sc-1qwuw0s-0 aw__sc-ngllmo-0 epAWpq fzYpjk yle__article__paragraph\">Nyt meneill\u00e4\u00e4n ovat jo kahdeksannet jalkapallon MM-kisat lomaillen. V\u00e4lill\u00e4 se on johtanut erikoisiin kompromisseihin.<\/p>\n<p class=\"aw__sc-1qwuw0s-0 aw__sc-ngllmo-0 epAWpq fzYpjk yle__article__paragraph\">\u2013 Vuonna 2022 kun MM-kisat olivat Qatarissa joulukuussa, esimies kysyi, ett\u00e4 meinaatko todella pit\u00e4\u00e4 joulukuussa kes\u00e4loman. Sanoin, ett\u00e4 pid\u00e4n, Tiensuu naurahtaa.<\/p>\n<p class=\"aw__sc-1qwuw0s-0 aw__sc-ngllmo-0 epAWpq fzYpjk yle__article__paragraph\">Perheeseen kuuluvat my\u00f6s 12-vuotias poika ja avovaimo. Onko kotona tullut sanomista?<\/p>\n<p class=\"aw__sc-1qwuw0s-0 aw__sc-ngllmo-0 epAWpq fzYpjk yle__article__paragraph\">\u2013 V\u00e4h\u00e4n shokissa vaimo oli kyll\u00e4, kun sanoin, ett\u00e4 en nyt tule millek\u00e4\u00e4n reissulle, kun olen t\u00f6iss\u00e4 koko kes\u00e4n, ett\u00e4 olen kes\u00e4lomalla sitten koko joulukuun, h\u00e4n sanoo.<\/p>\n<p>Kisaurakka vaatii veronsa<\/p>\n<p class=\"aw__sc-1qwuw0s-0 aw__sc-ngllmo-0 epAWpq fzYpjk yle__article__paragraph\">Eik\u00f6 t\u00e4llainen urakka k\u00e4y jo ty\u00f6st\u00e4, ja mill\u00e4 ev\u00e4ill\u00e4 siit\u00e4 selvi\u00e4\u00e4?<\/p>\n<p class=\"aw__sc-1qwuw0s-0 aw__sc-ngllmo-0 epAWpq fzYpjk yle__article__paragraph\">\u2013 Rehellisesti sanoen, kun katsoo peli\u00e4 y\u00f6ll\u00e4, niin joskushan menee kyll\u00e4 silm\u00e4t kiinni. Mutta sitten kun selostaja huutaa, ett\u00e4 nyt tuli maali tai jotain tapahtuu, niin siihen her\u00e4\u00e4, Gustaf H\u00e4ger kertoo.<\/p>\n<p class=\"aw__sc-1qwuw0s-0 aw__sc-ngllmo-0 epAWpq fzYpjk yle__article__paragraph\">H\u00e4n k\u00e4y p\u00e4ivisin t\u00f6iss\u00e4, mutta t\u00f6iden ja valvomisten nuotittaminen on postin ja mainosten jakajalle mahdollista.<\/p>\n<p class=\"aw__sc-1qwuw0s-0 aw__sc-ngllmo-0 epAWpq fzYpjk yle__article__paragraph\">\u2013 Pystyn sopimaan niin, ett\u00e4 jaksan katsoa jalkapalloa ja jakamaan postia silloin, kun on aikaa siihen, H\u00e4ger kertaa.<\/p>\n<p class=\"aw__sc-1qwuw0s-0 aw__sc-ngllmo-0 epAWpq fzYpjk yle__article__paragraph\">Ent\u00e4 kisojen ajan lomaileva Timo Tiensuu?<\/p>\n<p class=\"aw__sc-1qwuw0s-0 aw__sc-ngllmo-0 epAWpq fzYpjk yle__article__paragraph\">\u2013 Kolme, nelj\u00e4 ensimm\u00e4ist\u00e4 vuorokautta oli kyll\u00e4 kroppa niin sekaisin, ett\u00e4 huomaa, ett\u00e4 ik\u00e4 rupeaa tulemaan vastaan. Mutta on se sen arvoista.<\/p>\n<p class=\"aw__sc-1qwuw0s-0 aw__sc-ngllmo-0 epAWpq fzYpjk yle__article__paragraph\">H\u00e4n on my\u00f6s nauhoittanut kaikki pelit nukahtamisen varalta.<\/p>\n<p class=\"aw__sc-1qwuw0s-0 aw__sc-ngllmo-0 epAWpq fzYpjk yle__article__paragraph\">Pitk\u00e4 kisakokemus on opettanut my\u00f6s rytmityst\u00e4 ja s\u00e4\u00e4nn\u00f6llisyytt\u00e4. Er\u00e4tauoilla keitell\u00e4\u00e4n kahveja, ja olutta enemm\u00e4n juodaan vett\u00e4. Sy\u00f6d\u00e4kin pit\u00e4\u00e4 muistaa, mutta ei liikaa.<\/p>\n<p class=\"aw__sc-1qwuw0s-0 aw__sc-ngllmo-0 epAWpq fzYpjk yle__article__paragraph\">Ja aivan kaikkia pelej\u00e4 ei yritet\u00e4k\u00e4\u00e4n katsoa suorana.<\/p>\n<p><img decoding=\"async\" alt=\"TTL:N Tutkimusprofessori Annina Ropponen istumassa portailla ty\u00f6paikallaan. \" src=\"https:\/\/www.europesays.com\/fi\/wp-content\/uploads\/2026\/07\/1717749203.jpeg\" loading=\"lazy\" class=\"aw__sc-dklauk-0 LPzKX\"\/><\/p>\n<p>Avaa kuvien katselu<\/p>\n<p>Ty\u00f6terveyslaitoksen ty\u00f6nkuormituksen hallinnan tutkimusprofessori Annina Ropposenkin kotona on valvottu kisoja katsoen.  Kuva: TTLOma valinta on eri asia kuin univaikeudet<\/p>\n<p class=\"aw__sc-1qwuw0s-0 aw__sc-ngllmo-0 epAWpq fzYpjk yle__article__paragraph\">Moni tiet\u00e4\u00e4 omastakin kokemuksesta, ett\u00e4 pidemp\u00e4\u00e4n jatkunut univaje alkaa tuntua.<\/p>\n<p class=\"aw__sc-1qwuw0s-0 aw__sc-ngllmo-0 epAWpq fzYpjk yle__article__paragraph\">Kysymys jalkapallon takia valvomisesta ei ole outo Ty\u00f6terveyslaitoksen ty\u00f6nkuormituksen hallinnan tutkimusprofessori <strong class=\"aw__sc-ngllmo-2 gdRrun yle__article__strong\">Annina Ropposelle.<\/strong><\/p>\n<p class=\"aw__sc-1qwuw0s-0 aw__sc-ngllmo-0 epAWpq fzYpjk yle__article__paragraph\">\u2013 Kyll\u00e4h\u00e4n se valitettavasti t\u00e4\u00e4ll\u00e4 kahden miehen perheess\u00e4 on tuttu. Kuulun varmasti niihin, joita laji pikkuisen kiinnostaa, mutta ei niin paljon, ett\u00e4 viitsisin siin\u00e4 omaa y\u00f6untani rikkoa, Ropponen sanoo.<\/p>\n<p class=\"aw__sc-1qwuw0s-0 aw__sc-ngllmo-0 epAWpq fzYpjk yle__article__paragraph\">Timo Tiensuun ja Gustaf H\u00e4gerin kisoista johtuvaa valvomisrupeamaa h\u00e4n ei kuitenkaan pid\u00e4 terveysriskin\u00e4.<\/p>\n<p class=\"aw__sc-1qwuw0s-0 aw__sc-ngllmo-0 epAWpq fzYpjk yle__article__paragraph\">\u2013 He ovat valinneet t\u00e4m\u00e4n ratkaisun ja j\u00e4rjestelleet el\u00e4m\u00e4ns\u00e4 niin, ett\u00e4 on mahdollista valvoa ja joustaa, jolloin he ik\u00e4\u00e4n kuin korvaavat sit\u00e4 mahdollista syntyv\u00e4\u00e4 univajetta, Annina Ropponen sanoo.<\/p>\n<p class=\"aw__sc-1qwuw0s-0 aw__sc-ngllmo-0 epAWpq fzYpjk yle__article__paragraph\">H\u00e4n muistuttaa, ett\u00e4 on suuri ero siin\u00e4, valvooko vapaaehtoisesti mieleisens\u00e4 asian vuoksi vai pidemp\u00e4\u00e4n vaikkapa terveyssyist\u00e4, jolloin unettomuusputki voi olla pitk\u00e4kin.<\/p>\n<p class=\"aw__sc-1qwuw0s-0 aw__sc-ngllmo-0 epAWpq fzYpjk yle__article__paragraph\">Kunnon univaje vastaa tutkimusten mukaan jo suhteellisen tukevaa humalatilaa. Ropposen mukaan jo yhden y\u00f6n valvominen voi aiheuttaa humalatilaa vastaavan olon.<\/p>\n<p class=\"aw__sc-1qwuw0s-0 aw__sc-ngllmo-0 epAWpq fzYpjk yle__article__paragraph\">\u2013 Mutta silloin tarkoitetaan my\u00f6s, ett\u00e4 on todella ollut pakotettu valvomaan koko y\u00f6n, eik\u00e4 ole n\u00e4k\u00f6piiriss\u00e4 tilannetta, jossa seuraavan kerran p\u00e4\u00e4sisi nukkumaan, Annina Ropponen sanoo.<\/p>\n","protected":false},"excerpt":{"rendered":"Jotkut innokkaat jalkapallofanit j\u00e4rjest\u00e4v\u00e4t ty\u00f6ns\u00e4 ja lomansa jalkapallon MM-kisojen ymp\u00e4rille. Mustasaarelainen Timo Tiensuu, 55, pit\u00e4\u00e4 kes\u00e4lomansa aina MM-kisojen&hellip;\n","protected":false},"author":2,"featured_media":300522,"comment_status":"","ping_status":"","sticky":false,"template":"","format":"standard","meta":{"footnotes":"","_share_on_mastodon":"0"},"categories":[158],"tags":[33,31,30,43,36172,8609,71,6356,449,159,32,39343,160,6328,2107],"class_list":["post-300521","post","type-post","status-publish","format-standard","has-post-thumbnail","category-urheilu","tag-fi","tag-finland","tag-finnish","tag-jalkapallo","tag-jalkapallon-miesten-mm-kisat","tag-kansainvaliset-jalkapallo-ottelut-ja-turnaukset","tag-kotimaa","tag-mustasaari","tag-pohjanmaa","tag-sports","tag-suomi","tag-tyoterveyslaitos","tag-urheilu","tag-uusikaarlepyy","tag-vapaa-aika"],"share_on_mastodon":{"url":"https:\/\/pubeurope.com\/@fi\/116915299479674113","error":""},"_links":{"self":[{"href":"https:\/\/www.europesays.com\/fi\/wp-json\/wp\/v2\/posts\/300521","targetHints":{"allow":["GET"]}}],"collection":[{"href":"https:\/\/www.europesays.com\/fi\/wp-json\/wp\/v2\/posts"}],"about":[{"href":"https:\/\/www.europesays.com\/fi\/wp-json\/wp\/v2\/types\/post"}],"author":[{"embeddable":true,"href":"https:\/\/www.europesays.com\/fi\/wp-json\/wp\/v2\/users\/2"}],"replies":[{"embeddable":true,"href":"https:\/\/www.europesays.com\/fi\/wp-json\/wp\/v2\/comments?post=300521"}],"version-history":[{"count":0,"href":"https:\/\/www.europesays.com\/fi\/wp-json\/wp\/v2\/posts\/300521\/revisions"}],"wp:featuredmedia":[{"embeddable":true,"href":"https:\/\/www.europesays.com\/fi\/wp-json\/wp\/v2\/media\/300522"}],"wp:attachment":[{"href":"https:\/\/www.europesays.com\/fi\/wp-json\/wp\/v2\/media?parent=300521"}],"wp:term":[{"taxonomy":"category","embeddable":true,"href":"https:\/\/www.europesays.com\/fi\/wp-json\/wp\/v2\/categories?post=300521"},{"taxonomy":"post_tag","embeddable":true,"href":"https:\/\/www.europesays.com\/fi\/wp-json\/wp\/v2\/tags?post=300521"}],"curies":[{"name":"wp","href":"https:\/\/api.w.org\/{rel}","templated":true}]}}