{"id":30057,"date":"2025-09-09T15:28:08","date_gmt":"2025-09-09T15:28:08","guid":{"rendered":"https:\/\/www.europesays.com\/fi\/30057\/"},"modified":"2025-09-09T15:28:08","modified_gmt":"2025-09-09T15:28:08","slug":"ukrainalainen-iryna-23-surmattiin-ratikkaan-trump-raivostui","status":"publish","type":"post","link":"https:\/\/www.europesays.com\/fi\/30057\/","title":{"rendered":"Ukrainalainen Iryna, 23, surmattiin ratikkaan \u2013 Trump raivostui"},"content":{"rendered":"<p>Yhdysvaltain presidentin mukaan tapaus todistaa, ett\u00e4 h\u00e4nen poikkeuksellisille toimilleen on tarvetta.<\/p>\n<p><img decoding=\"async\" class=\"image image-show image-preview\" src=\"https:\/\/www.europesays.com\/fi\/wp-content\/uploads\/2025\/09\/f13c4fc950d53e349010495cff7557fc9eaef4c02c2fa93dc5689ce5b92e69b9.jpg\" alt=\"\"\/><img decoding=\"async\" class=\"image image-show\" src=\"https:\/\/www.europesays.com\/fi\/wp-content\/uploads\/2025\/09\/1757431688_724_f13c4fc950d53e349010495cff7557fc9eaef4c02c2fa93dc5689ce5b92e69b9.jpg\" alt=\"\"\/><\/p>\n<p>Presidentti Trump puhui maanantaina Washingtonin Raamattu-museossa. AP<\/p>\n<p class=\"paragraph\">Yhdysvaltain presidentti <a href=\"https:\/\/www.iltalehti.fi\/henkilot\/Donald Trump\" class=\"article-link-person-page\" rel=\"nofollow noopener\" target=\"_blank\">Donald Trump<\/a> on ottanut kantaa maata kuohuttavaan <strong>Iryna Zarutskan<\/strong> ep\u00e4iltyyn murhaan.<\/p>\n<p class=\"paragraph\">Sotaa Ukrainasta paennut Zarutska, 23, <a href=\"https:\/\/www.iltalehti.fi\/ulkomaat\/1d328c40-002f-4798-8349-c168b01ecf14\" rel=\"nofollow noopener\" target=\"_blank\">puukotettiin kuoliaaksi<\/a> pikaraitiovaunussa Pohjois-Carolinan Charlottessa. Teosta ep\u00e4ill\u00e4\u00e4n Zarutskalle t\u00e4ysin tuntematonta miest\u00e4, jolla on aiempaa rikoshistoriaa ja taustaa mielenterveyden haasteista.<\/p>\n<p class=\"paragraph\">Tapauksesta julkaistiin viikonloppuna valvontakameramateriaalia, jolla miehen \u00e4kkiarvaamaton hy\u00f6kk\u00e4ys n\u00e4kyy. Trump kertoo <a href=\"https:\/\/truthsocial.com\/@realDonaldTrump\/posts\/115170494005487289\" rel=\"noopener nofollow\" target=\"_blank\">Truth Social -palvelussaan<\/a> n\u00e4hneens\u00e4 \u201dkarmean videon kauniista, nuoresta ukrainalaisesta pakolaisesta\u201d.<\/p>\n<p class=\"paragraph\">\u2013 Henkisesti h\u00e4iriintynyt mielipuoli v\u00e4ijytti h\u00e4net brutaalisti, presidentti kirjoittaa.<\/p>\n<p class=\"paragraph\">Trump kutsuu ep\u00e4ilty\u00e4 <strong>Decarlos Brownia<\/strong> \u201durarikolliseksi\u201d. Brown on pid\u00e4tetty aiemmin ainakin 14 kertaa. Trumpin mukaan ep\u00e4ilty p\u00e4\u00e4stettiin viimeksi vapaalle jalalle tammikuussa niin sanotun cashless bail -j\u00e4rjestelm\u00e4n nimiss\u00e4.<\/p>\n<p class=\"paragraph\">\u2013 Miten helvetiss\u00e4 h\u00e4n sai matkustaa junalla ja kulkea kaduilla? T\u00e4llaiset rikolliset pit\u00e4\u00e4 PANNA TELKIEN TAAKSE, presidentti ihmettelee.<\/p>\n<p class=\"paragraph\">Cashless bail viittaa tuomareiden mahdollisuuteen vapauttaa rikoksesta ep\u00e4ilty tutkintavankeudesta ilman rahallista takuusummaa, mik\u00e4li riski\u00e4 esimerkiksi pakenemisesta tai uusista rikoksista ei katsota olevan. J\u00e4rjestelm\u00e4ll\u00e4 t\u00e4hd\u00e4t\u00e4\u00e4n muun muassa taloudellisen ep\u00e4tasa-arvon kitkemiseen. Valkoinen talo ilmoitti vasta toissa viikolla haluavansa lopettaa j\u00e4rjestelm\u00e4n tyystin.<\/p>\n<p class=\"paragraph\">Brown m\u00e4\u00e4r\u00e4ttiin tammikuussa vapautuksensa yhteydess\u00e4 mielentilatutkimuksiin, mutta asia on j\u00e4\u00e4nyt vaiheeseen, Reuters kertoo.<\/p>\n<p class=\"paragraph\">\u2013 Charlotte petti Iryna Zarutskan ja pohjoiscarolinalaiset ep\u00e4onnistuessaan miehen kunnollisessa rankaisemisessa, Trumpin liikenneministeri <a href=\"https:\/\/www.iltalehti.fi\/henkilot\/Sean Duffy\" class=\"article-link-person-page\" rel=\"nofollow noopener\" target=\"_blank\">Sean Duffy<\/a> kommentoi.<\/p>\n<p>Viranomaiset julkaisivat viikonloppuna valvontakamerakuvaa Iryna Zarutskan ep\u00e4illyst\u00e4 murhasta. KUVAKAAPPAUS\/CATS<\/p>\n<p>Poliittiset motiivit<\/p>\n<p class=\"paragraph\">Toisaalla Trump liitti Zarutskan tapauksen my\u00f6s omaan poliittiseen agendaansa. Trump on l\u00e4hett\u00e4nyt viime kuukausina <a href=\"https:\/\/www.iltalehti.fi\/ulkomaat\/9df02dd9-4596-4b5c-ace8-8e805d06fb97\" rel=\"nofollow noopener\" target=\"_blank\">kansalliskaartin joukkoja<\/a> useisiin suurkaupunkeihin ja uhannut laajentaa m\u00e4\u00e4r\u00e4yst\u00e4\u00e4n.<\/p>\n<p class=\"paragraph\">Kyse on hyvin poikkeuksellisesta toimesta. Presidentin mukaan demokraattijohtoiset kaupungit k\u00e4rsiv\u00e4t lis\u00e4\u00e4ntyneest\u00e4 rikollisuudesta ja turvattomuudesta.<\/p>\n<p class=\"paragraph\">\u2013 Kun tapahtuu kamalia surmia, t\u00e4ytyy ryhty\u00e4 kamaliin toimiin, Trump sanoi maanantaina Washingtonin Raamattu-museossa puhuessaan.<\/p>\n<p class=\"paragraph\">Demokraatit pit\u00e4v\u00e4t Trumpin toimia yrityksen\u00e4 siirt\u00e4\u00e4 huomiota muista asioista. Tilastojen mukaan v\u00e4kivaltarikollisuus on v\u00e4hentynyt kuluvan vuoden aikana merkitt\u00e4v\u00e4sti muun muassa demokraattipormestarin johtamassa Charlottessa. Niin on k\u00e4ynyt my\u00f6s Chicagossa, johon Trump on uhannut l\u00e4hett\u00e4\u00e4 sotilaita seuraavaksi, Reuters kertoo.<\/p>\n<p class=\"paragraph\">Zarutskan kuolemaa k\u00e4sittelev\u00e4ss\u00e4 somep\u00e4ivityksess\u00e4\u00e4n Trump kehottaa pohjoiscarolinalaisia my\u00f6s \u00e4\u00e4nest\u00e4m\u00e4\u00e4n republikaaneja sek\u00e4 nime\u00e4\u00e4 mielest\u00e4\u00e4n ep\u00e4onnistuneita demokraattipoliitikkoja. Presidentin mukaan heill\u00e4 on \u201dviattoman Zarutskan verta k\u00e4siss\u00e4\u00e4n\u201d.<\/p>\n<p class=\"paragraph\">\u2013 Pohjois-Carolina, ja kaikki muutkin osavaltiot, tarvitsevat LAKIA JA J\u00c4RJESTYST\u00c4, ja vain republikaanit toimittavat sit\u00e4!<\/p>\n","protected":false},"excerpt":{"rendered":"Yhdysvaltain presidentin mukaan tapaus todistaa, ett\u00e4 h\u00e4nen poikkeuksellisille toimilleen on tarvetta. Presidentti Trump puhui maanantaina Washingtonin Raamattu-museossa. AP&hellip;\n","protected":false},"author":2,"featured_media":30058,"comment_status":"","ping_status":"","sticky":false,"template":"","format":"standard","meta":{"footnotes":""},"categories":[14],"tags":[35,22,23,26,27,33,31,30,17,24,25,28,29,15,18,21,142,144,32,19,20,56,16,59,60,61,143,751,145],"class_list":{"0":"post-30057","1":"post","2":"type-post","3":"status-publish","4":"format-standard","5":"has-post-thumbnail","7":"category-ulkomaat","8":"tag-24h","9":"tag-breaking-news","10":"tag-breakingnews","11":"tag-featured-news","12":"tag-featurednews","13":"tag-fi","14":"tag-finland","15":"tag-finnish","16":"tag-headlines","17":"tag-latest-news","18":"tag-latestnews","19":"tag-main-news","20":"tag-mainnews","21":"tag-news","22":"tag-otsikot","23":"tag-paauutiset","24":"tag-poliitikot","25":"tag-presidentti","26":"tag-suomi","27":"tag-top-stories","28":"tag-topstories","29":"tag-ulkomaat","30":"tag-uutiset","31":"tag-world","32":"tag-world-news","33":"tag-worldnews","34":"tag-yhdysvaltain-politiikka","35":"tag-yhdysvaltalaiset-poliitikot","36":"tag-yhdysvaltalaiset-poliittiset-puolueet"},"share_on_mastodon":{"url":"","error":""},"_links":{"self":[{"href":"https:\/\/www.europesays.com\/fi\/wp-json\/wp\/v2\/posts\/30057","targetHints":{"allow":["GET"]}}],"collection":[{"href":"https:\/\/www.europesays.com\/fi\/wp-json\/wp\/v2\/posts"}],"about":[{"href":"https:\/\/www.europesays.com\/fi\/wp-json\/wp\/v2\/types\/post"}],"author":[{"embeddable":true,"href":"https:\/\/www.europesays.com\/fi\/wp-json\/wp\/v2\/users\/2"}],"replies":[{"embeddable":true,"href":"https:\/\/www.europesays.com\/fi\/wp-json\/wp\/v2\/comments?post=30057"}],"version-history":[{"count":0,"href":"https:\/\/www.europesays.com\/fi\/wp-json\/wp\/v2\/posts\/30057\/revisions"}],"wp:featuredmedia":[{"embeddable":true,"href":"https:\/\/www.europesays.com\/fi\/wp-json\/wp\/v2\/media\/30058"}],"wp:attachment":[{"href":"https:\/\/www.europesays.com\/fi\/wp-json\/wp\/v2\/media?parent=30057"}],"wp:term":[{"taxonomy":"category","embeddable":true,"href":"https:\/\/www.europesays.com\/fi\/wp-json\/wp\/v2\/categories?post=30057"},{"taxonomy":"post_tag","embeddable":true,"href":"https:\/\/www.europesays.com\/fi\/wp-json\/wp\/v2\/tags?post=30057"}],"curies":[{"name":"wp","href":"https:\/\/api.w.org\/{rel}","templated":true}]}}