{"id":30059,"date":"2025-09-09T15:29:07","date_gmt":"2025-09-09T15:29:07","guid":{"rendered":"https:\/\/www.europesays.com\/fi\/30059\/"},"modified":"2025-09-09T15:29:07","modified_gmt":"2025-09-09T15:29:07","slug":"britannia-ja-norja-mukaan-suomalaisjohtoiseen-panssariajoneuvojen-yhteishankintaohjelmaan-uutissuomalainen","status":"publish","type":"post","link":"https:\/\/www.europesays.com\/fi\/30059\/","title":{"rendered":"Britannia ja Norja mukaan suomalaisjohtoiseen panssariajoneuvojen yhteishankintaohjelmaan | Uutissuomalainen"},"content":{"rendered":"<p>Britannia ja Norja liittyv\u00e4t Suomen johtamaan panssariajoneuvojen yhteishankintaohjelmaan, <a href=\"https:\/\/www.defmin.fi\/ajankohtaista\/tiedotteet_ja_uutiset\/iso-britannia_ja_norja_liittyvat_suomen_johtamaan_panssariajoneuvojen_yhteishankintaohjelmaan.15178.news#6f100ab7\" rel=\"nofollow noopener\" target=\"_blank\">kertoo<\/a> puolustusministeri\u00f6. Puolustusministeri Antti H\u00e4kk\u00e4nen (kok.) sanoo tiedotteessa, ett\u00e4 maiden liittyminen hankkeeseen vahvistaa entisest\u00e4\u00e4n ohjelman j\u00e4senmaiden yhteisty\u00f6t\u00e4 ja operatiivista suorituskyky\u00e4.<\/p>\n<p>\u2013\u2009Kasvava tuotantokyky sek\u00e4 uudet tuotantolinjat eri maissa vahvistavat mukana olevien maiden huoltovarmuutta ja resilienssi\u00e4, H\u00e4kk\u00e4nen sanoo.<\/p>\n<p>Hankkeessa ovat jo mukana Suomen lis\u00e4ksi Latvia, Ruotsi, Saksa ja Tanska, joka liittyi hankkeeseen aiemmin t\u00e4n\u00e4 vuonna.<\/p>\n<p>Monikansallisen CAVS-panssariajoneuvohankkeen hankintoja koskeva puitesopimus k\u00e4ynnistyi Suomen ja Latvian yhteisty\u00f6n\u00e4 vuonna 2020.<\/p>\n<p>\t\t\t\tP atria: Monikansallinen yhteisty\u00f6 yh\u00e4 t\u00e4rke\u00e4mp\u00e4\u00e4<\/p>\n<p>Puolustustarvikkeita valmistava Patria toivottaa maat tervetulleiksi hankkeeseen. Patria johtaa hankkeessa panssaroitujen 6&#215;6-ajoneuvojen j\u00e4rjestelm\u00e4n kehityst\u00e4.<\/p>\n<p>\u2013\u2009Kun Euroopan turvallisuutta on vahvistettava, monikansallinen yhteisty\u00f6 on yh\u00e4 t\u00e4rke\u00e4mp\u00e4\u00e4 liittolaisten kaluston yhteen toimivuuden, vaihdettavuuden ja toimitusvarmuuden kannalta, sanoo Patrian toimitusjohtaja Esa Rautalinko <a href=\"https:\/\/www.patriagroup.com\/newsroom\/news\/2025\/yhdistynyt-kuningaskunta-ja-norja-liittyivat-cavs-ajoneuvohankkeeseen\" rel=\"nofollow noopener\" target=\"_blank\">tiedotteessa<\/a>.<\/p>\n<p>Patria kertoo saaneensa CAVS-yhteishankkeen kautta tilauksia liki tuhannesta miehist\u00f6nkuljetusvaunusta ja toimittaneensa niit\u00e4 yli 250.<\/p>\n<p>Patria kertoi maaliskuussa investoivansa 40 miljoonaa euroa panssaroitujen ajoneuvojen tuotannon kasvattamiseen H\u00e4meenlinnassa. H\u00e4meenlinnan lis\u00e4ksi Patria valmistaa 6&#215;6-ajoneuvoja my\u00f6s Latviassa.<\/p>\n","protected":false},"excerpt":{"rendered":"Britannia ja Norja liittyv\u00e4t Suomen johtamaan panssariajoneuvojen yhteishankintaohjelmaan, kertoo puolustusministeri\u00f6. Puolustusministeri Antti H\u00e4kk\u00e4nen (kok.) sanoo tiedotteessa, ett\u00e4 maiden&hellip;\n","protected":false},"author":2,"featured_media":30060,"comment_status":"","ping_status":"","sticky":false,"template":"","format":"standard","meta":{"footnotes":""},"categories":[12],"tags":[802,22,23,2267,26,27,33,31,30,2109,17,24,25,121,28,29,15,18,21,878,2535,32,19,20,2534,16],"class_list":{"0":"post-30059","1":"post","2":"type-post","3":"status-publish","4":"format-standard","5":"has-post-thumbnail","7":"category-suomi","8":"tag-armeijat-ja-aseelliset-joukot","9":"tag-breaking-news","10":"tag-breakingnews","11":"tag-eurooppa","12":"tag-featured-news","13":"tag-featurednews","14":"tag-fi","15":"tag-finland","16":"tag-finnish","17":"tag-hameenlinna","18":"tag-headlines","19":"tag-latest-news","20":"tag-latestnews","21":"tag-liikenne-ja-kuljetus","22":"tag-main-news","23":"tag-mainnews","24":"tag-news","25":"tag-otsikot","26":"tag-paauutiset","27":"tag-puolustus-ja-rajavalvonta-maanpuolustus","28":"tag-puolustuspolitiikka","29":"tag-suomi","30":"tag-top-stories","31":"tag-topstories","32":"tag-turvallisuuspolitiikka","33":"tag-uutiset"},"share_on_mastodon":{"url":"","error":""},"_links":{"self":[{"href":"https:\/\/www.europesays.com\/fi\/wp-json\/wp\/v2\/posts\/30059","targetHints":{"allow":["GET"]}}],"collection":[{"href":"https:\/\/www.europesays.com\/fi\/wp-json\/wp\/v2\/posts"}],"about":[{"href":"https:\/\/www.europesays.com\/fi\/wp-json\/wp\/v2\/types\/post"}],"author":[{"embeddable":true,"href":"https:\/\/www.europesays.com\/fi\/wp-json\/wp\/v2\/users\/2"}],"replies":[{"embeddable":true,"href":"https:\/\/www.europesays.com\/fi\/wp-json\/wp\/v2\/comments?post=30059"}],"version-history":[{"count":0,"href":"https:\/\/www.europesays.com\/fi\/wp-json\/wp\/v2\/posts\/30059\/revisions"}],"wp:featuredmedia":[{"embeddable":true,"href":"https:\/\/www.europesays.com\/fi\/wp-json\/wp\/v2\/media\/30060"}],"wp:attachment":[{"href":"https:\/\/www.europesays.com\/fi\/wp-json\/wp\/v2\/media?parent=30059"}],"wp:term":[{"taxonomy":"category","embeddable":true,"href":"https:\/\/www.europesays.com\/fi\/wp-json\/wp\/v2\/categories?post=30059"},{"taxonomy":"post_tag","embeddable":true,"href":"https:\/\/www.europesays.com\/fi\/wp-json\/wp\/v2\/tags?post=30059"}],"curies":[{"name":"wp","href":"https:\/\/api.w.org\/{rel}","templated":true}]}}