{"id":30068,"date":"2025-09-09T15:43:12","date_gmt":"2025-09-09T15:43:12","guid":{"rendered":"https:\/\/www.europesays.com\/fi\/30068\/"},"modified":"2025-09-09T15:43:12","modified_gmt":"2025-09-09T15:43:12","slug":"sisustaminen-rohkea-trendi-muuttaa-nyt-suomaisten-kotien-perinteita-koskettaminen-on-myos-muistoja-lansivayla","status":"publish","type":"post","link":"https:\/\/www.europesays.com\/fi\/30068\/","title":{"rendered":"Sisustaminen | Rohkea trendi muuttaa nyt suomaisten kotien perinteit\u00e4 \u2013 &quot;Koskettaminen on my\u00f6s muistoja&quot; &#8211; L\u00e4nsiv\u00e4yl\u00e4"},"content":{"rendered":"<ol>\n<li><a href=\"https:\/\/news.google.com\/rss\/articles\/CBMiWEFVX3lxTE5BRnNkaWRpV3dxTEt1N25jQlF1V1Z0ckVlVi1NaUpSMnFXVlNfYUpLTXRqeDJyVGpjb09lbHc1UjZoZHNRM2kweXp5a2NfWWJqeW9LNHJZRlI?oc=5\" target=\"_blank\" rel=\"nofollow noopener\">Sisustaminen | Rohkea trendi muuttaa nyt suomaisten kotien perinteit\u00e4 \u2013 &#8221;Koskettaminen on my\u00f6s muistoja&#8221;<\/a>&nbsp;&nbsp;L\u00e4nsiv\u00e4yl\u00e4<\/li>\n<li><a href=\"https:\/\/news.google.com\/rss\/articles\/CBMiSEFVX3lxTFAxTGo3cHY1enNPOGRqbkRwVjR2OUJpMmJIRHFCendIZFAtYXV5TFhRMEJlaC1Cd255X2RGRHJuODZZd1d0bEIwUQ?oc=5\" target=\"_blank\" rel=\"nofollow noopener\">Rohkea sisustustrendi alkaa n\u00e4ky\u00e4 Suomessa \u2013 Habitare-messut avautuvat yleis\u00f6lle torstaina<\/a>&nbsp;&nbsp;Etel\u00e4-Suomen Sanomat<\/li>\n<li><a href=\"https:\/\/news.google.com\/rss\/articles\/CBMilgJBVV95cUxPbl82TDZrNmlDOWRubjJfRmFCTHk1SzJDakZ2T0FnT2E5R0dJamFOdkludHZwbHFLMG9WM3E4TDFiMUZ3Q3FrbWtETHR6cTJZTTlrNEN0TXJhMWs2VW9YSGYxYzFDaWZhQ2pxWVlfSklQV3hERDYtNUtTd1E1R1dtdmw3V0RBMXlweFIyQTJJbnBWMUlyTVNIZEtWWWt4aEZWYVhGSjBMUy1yWVNRdWlfWnMySnJQc25KTUt6NkZEc2ZuQWJsbDdVeml4bmRsZ0h0bm91QncyeUZmTGdXRHQ2RnNIbXZDTzRSVzJ6WkFkRkN0dW82cjRqUUpOUWw5MkdEdWp1cUtIQml0b0V3RVhOTUpCa0Zudw?oc=5\" target=\"_blank\" rel=\"nofollow noopener\">Aitous, paluu perinnemateriaaleihin ja tilojen her\u00e4tt\u00e4m\u00e4t tunteet \u2013 Habitare n\u00e4ytt\u00e4\u00e4 sisustuksen ja asumisen suurimmat ilmi\u00f6t<\/a>&nbsp;&nbsp;STT Info<\/li>\n<\/ol>\n","protected":false},"excerpt":{"rendered":"Sisustaminen | Rohkea trendi muuttaa nyt suomaisten kotien perinteit\u00e4 \u2013 &#8221;Koskettaminen on my\u00f6s muistoja&#8221;&nbsp;&nbsp;L\u00e4nsiv\u00e4yl\u00e4 Rohkea sisustustrendi alkaa n\u00e4ky\u00e4&hellip;\n","protected":false},"author":2,"featured_media":30069,"comment_status":"","ping_status":"","sticky":false,"template":"","format":"standard","meta":{"footnotes":""},"categories":[135],"tags":[3594,389,387,388,390,137,33,31,30,2185,9023,899,32,394,393,391,392,398,2347,5509,109],"class_list":{"0":"post-30068","1":"post","2":"type-post","3":"status-publish","4":"format-standard","5":"has-post-thumbnail","7":"category-taiteet-ja-suunnittelu","8":"tag-apple-inc","9":"tag-arts","10":"tag-arts-and-design","11":"tag-artsanddesign","12":"tag-design","13":"tag-entertainment","14":"tag-fi","15":"tag-finland","16":"tag-finnish","17":"tag-marimekko","18":"tag-marimekko-oyj","19":"tag-sisustaminen","20":"tag-suomi","21":"tag-suunnittelu","22":"tag-taiteet","23":"tag-taiteet-ja-suunnittelu","24":"tag-taiteetsuunnittelu","25":"tag-taiteilija","26":"tag-tekstiilit","27":"tag-teollinen-muotoilu","28":"tag-viihde"},"share_on_mastodon":{"url":"","error":""},"_links":{"self":[{"href":"https:\/\/www.europesays.com\/fi\/wp-json\/wp\/v2\/posts\/30068","targetHints":{"allow":["GET"]}}],"collection":[{"href":"https:\/\/www.europesays.com\/fi\/wp-json\/wp\/v2\/posts"}],"about":[{"href":"https:\/\/www.europesays.com\/fi\/wp-json\/wp\/v2\/types\/post"}],"author":[{"embeddable":true,"href":"https:\/\/www.europesays.com\/fi\/wp-json\/wp\/v2\/users\/2"}],"replies":[{"embeddable":true,"href":"https:\/\/www.europesays.com\/fi\/wp-json\/wp\/v2\/comments?post=30068"}],"version-history":[{"count":0,"href":"https:\/\/www.europesays.com\/fi\/wp-json\/wp\/v2\/posts\/30068\/revisions"}],"wp:featuredmedia":[{"embeddable":true,"href":"https:\/\/www.europesays.com\/fi\/wp-json\/wp\/v2\/media\/30069"}],"wp:attachment":[{"href":"https:\/\/www.europesays.com\/fi\/wp-json\/wp\/v2\/media?parent=30068"}],"wp:term":[{"taxonomy":"category","embeddable":true,"href":"https:\/\/www.europesays.com\/fi\/wp-json\/wp\/v2\/categories?post=30068"},{"taxonomy":"post_tag","embeddable":true,"href":"https:\/\/www.europesays.com\/fi\/wp-json\/wp\/v2\/tags?post=30068"}],"curies":[{"name":"wp","href":"https:\/\/api.w.org\/{rel}","templated":true}]}}