{"id":30082,"date":"2025-09-09T15:54:06","date_gmt":"2025-09-09T15:54:06","guid":{"rendered":"https:\/\/www.europesays.com\/fi\/30082\/"},"modified":"2025-09-09T15:54:06","modified_gmt":"2025-09-09T15:54:06","slug":"hamas-oli-jerusalemin-iskun-takana-uutisia-lyhyesti","status":"publish","type":"post","link":"https:\/\/www.europesays.com\/fi\/30082\/","title":{"rendered":"Hamas oli Jerusalemin iskun takana | Uutisia lyhyesti"},"content":{"rendered":"<p class=\"sc-jYczwO sc-ciCoXh biRopy bFUjNZ yle__article__paragraph\">Hamas-j\u00e4rjest\u00f6 ilmoitti olevansa vastuussa Israelin p\u00e4\u00e4kaupungissa <a class=\"sc-jDJeIs gotUgl yle__article__link\" href=\"https:\/\/yle.fi\/a\/74-20181590\" role=\"link\" rel=\"nofollow noopener\" target=\"_blank\">Jerusalemissa tapahtuneesta ampuma-asehy\u00f6kk\u00e4yksest\u00e4<\/a>, jossa kuoli kuusi ihmist\u00e4 ja loukkaantui useita. Ampuminen tapahtui Ramotin risteyksess\u00e4 Jerusalemin pohjoisosissa eilen maanantaina.<\/p>\n<p class=\"sc-jYczwO sc-ciCoXh biRopy bFUjNZ yle__article__paragraph\">Hamasin sotilaallinen siipi Ezzedine al-Qassam -prikaatit julkaisi Telegramissa lausunnon, jossa todettiin prikaattien olevan hy\u00f6kk\u00e4yksen takana.<\/p>\n<p class=\"sc-jYczwO sc-ciCoXh biRopy bFUjNZ yle__article__paragraph\">Poliisi kertoi eilen, ett\u00e4 hy\u00f6kk\u00e4\u00e4j\u00e4t neutralisoitiin eli tapettiin.<\/p>\n<p class=\"sc-jYczwO sc-ciCoXh biRopy bFUjNZ yle__article__paragraph\">Euroopan unioni on tuominnut hy\u00f6kk\u00e4yksen.<\/p>\n<p class=\"sc-jYczwO sc-ciCoXh biRopy bFUjNZ yle__article__paragraph\">AFP<\/p>\n","protected":false},"excerpt":{"rendered":"Hamas-j\u00e4rjest\u00f6 ilmoitti olevansa vastuussa Israelin p\u00e4\u00e4kaupungissa Jerusalemissa tapahtuneesta ampuma-asehy\u00f6kk\u00e4yksest\u00e4, jossa kuoli kuusi ihmist\u00e4 ja loukkaantui useita. Ampuminen tapahtui&hellip;\n","protected":false},"author":2,"featured_media":74,"comment_status":"","ping_status":"","sticky":false,"template":"","format":"standard","meta":{"footnotes":""},"categories":[14],"tags":[22,23,26,27,33,31,30,997,17,993,992,24,25,28,29,15,18,21,32,19,20,56,16,59,60,61],"class_list":{"0":"post-30082","1":"post","2":"type-post","3":"status-publish","4":"format-standard","5":"has-post-thumbnail","7":"category-ulkomaat","8":"tag-breaking-news","9":"tag-breakingnews","10":"tag-featured-news","11":"tag-featurednews","12":"tag-fi","13":"tag-finland","14":"tag-finnish","15":"tag-hamas","16":"tag-headlines","17":"tag-israel","18":"tag-lahi-ita","19":"tag-latest-news","20":"tag-latestnews","21":"tag-main-news","22":"tag-mainnews","23":"tag-news","24":"tag-otsikot","25":"tag-paauutiset","26":"tag-suomi","27":"tag-top-stories","28":"tag-topstories","29":"tag-ulkomaat","30":"tag-uutiset","31":"tag-world","32":"tag-world-news","33":"tag-worldnews"},"share_on_mastodon":{"url":"","error":""},"_links":{"self":[{"href":"https:\/\/www.europesays.com\/fi\/wp-json\/wp\/v2\/posts\/30082","targetHints":{"allow":["GET"]}}],"collection":[{"href":"https:\/\/www.europesays.com\/fi\/wp-json\/wp\/v2\/posts"}],"about":[{"href":"https:\/\/www.europesays.com\/fi\/wp-json\/wp\/v2\/types\/post"}],"author":[{"embeddable":true,"href":"https:\/\/www.europesays.com\/fi\/wp-json\/wp\/v2\/users\/2"}],"replies":[{"embeddable":true,"href":"https:\/\/www.europesays.com\/fi\/wp-json\/wp\/v2\/comments?post=30082"}],"version-history":[{"count":0,"href":"https:\/\/www.europesays.com\/fi\/wp-json\/wp\/v2\/posts\/30082\/revisions"}],"wp:featuredmedia":[{"embeddable":true,"href":"https:\/\/www.europesays.com\/fi\/wp-json\/wp\/v2\/media\/74"}],"wp:attachment":[{"href":"https:\/\/www.europesays.com\/fi\/wp-json\/wp\/v2\/media?parent=30082"}],"wp:term":[{"taxonomy":"category","embeddable":true,"href":"https:\/\/www.europesays.com\/fi\/wp-json\/wp\/v2\/categories?post=30082"},{"taxonomy":"post_tag","embeddable":true,"href":"https:\/\/www.europesays.com\/fi\/wp-json\/wp\/v2\/tags?post=30082"}],"curies":[{"name":"wp","href":"https:\/\/api.w.org\/{rel}","templated":true}]}}