{"id":300839,"date":"2026-07-14T09:41:14","date_gmt":"2026-07-14T09:41:14","guid":{"rendered":"https:\/\/www.europesays.com\/fi\/300839\/"},"modified":"2026-07-14T09:41:14","modified_gmt":"2026-07-14T09:41:14","slug":"uusi-jatti-biltema-haastaa-ikean-euron-hodarien-myynti-alkoi-jo-paikalliset","status":"publish","type":"post","link":"https:\/\/www.europesays.com\/fi\/300839\/","title":{"rendered":"Uusi j\u00e4tti-Biltema haastaa Ikean \u2013 &#8221;euron hodarien&#8221; myynti alkoi jo | Paikalliset"},"content":{"rendered":"<p>Suutarilassa sijaitsevan tavaratalo Biltemaan on avattu Biltema Cafe -halpakahvila. Se tunnetaan erityisesti euron maksavista hodareista. Halvat hodarit ovat olleet vuosia Ikea-tavaratalojen tavaramerkki, mutta my\u00f6s Bilteman hodareista on tullut iso ilmi\u00f6 eri puolilla Suomea. Biltema-kahviloita on yhteens\u00e4 16, mutta Helsingist\u00e4 se on puuttunut.<\/p>\n<p>Ikean tapaan Biltemasta saa my\u00f6s muutaman euron maksavia lihapulla-annoksia. Helsingiss\u00e4 ei ole Ikeaa, mutta l\u00e4himm\u00e4t l\u00f6ytyv\u00e4t Espoosta ja Vantaalta.<\/p>\n<p>Biltema-tavaratalo on osoitteessa Akseli 3.<\/p>\n<p>\t\t<a class=\"diks-gallery__link\" href=\"https:\/\/i.media.fi\/incoming\/br2zze\/9290416.jpg\/alternates\/FREE_1440\/9290416.jpg\" data-thumbnail=\"\" data-sub-html=\"Bilteman avajaisissa on n\u00e4hty Hot dog -maskottia. Kuvia Kangasalan myym\u00e4l\u00e4st\u00e4. Riina Haapala\" aria-label=\"Katso isompi kuva\" rel=\"nofollow noopener\" target=\"_blank\"><br \/>\n\t\t\t\t<img class=\"diks-figure__image\" src=\"https:\/\/www.europesays.com\/fi\/wp-content\/uploads\/2026\/07\/9290416.jpg\" loading=\"lazy\" decoding=\"sync\" alt=\"\"\/><\/p>\n<p>\t\t\t<\/a><br \/>\n\t\t\t\t\tBilteman avajaisissa on n\u00e4hty Hot dog -maskottia. Kuvia Kangasalan myym\u00e4l\u00e4st\u00e4. Riina Haapala<\/p>\n<p>Helsingin Uutiset <a href=\"https:\/\/www.helsinginuutiset.fi\/paikalliset\/8786379\" rel=\"nofollow noopener\" target=\"_blank\">uutisoi viime elokuussa<\/a> j\u00e4tti-Bilteman uusista yli 2000-neli\u00f6n tiloista.<\/p>\n<p><strong class=\"diks-storyline__impact\">Laajentamisen j\u00e4lkeen <\/strong>remontti siirtyy nykyisen myym\u00e4l\u00e4n puolelle, ja jatkuu loppuvuoteen asti.<\/p>\n<p>\u2013 Koko hankkeen pit\u00e4isi t\u00e4ll\u00e4 tietoa olla valmis marraskuun lopussa, eli olemme pysyneet hyvin aikataulussa, Biltema Suomen markkinointip\u00e4\u00e4llikk\u00f6 <strong>Joonas Leinonen<\/strong> kertoi tiedotteessa kev\u00e4\u00e4ll\u00e4.<\/p>\n","protected":false},"excerpt":{"rendered":"Suutarilassa sijaitsevan tavaratalo Biltemaan on avattu Biltema Cafe -halpakahvila. Se tunnetaan erityisesti euron maksavista hodareista. Halvat hodarit ovat&hellip;\n","protected":false},"author":2,"featured_media":300840,"comment_status":"","ping_status":"","sticky":false,"template":"","format":"standard","meta":{"footnotes":"","_share_on_mastodon":"0"},"categories":[76],"tags":[79,77,33,31,30,104,1602,5404,898,3187,900,32,78,2200],"class_list":["post-300839","post","type-post","status-publish","format-standard","has-post-thumbnail","category-talous","tag-business","tag-economy","tag-fi","tag-finland","tag-finnish","tag-helsinki","tag-ikea","tag-ikea-as","tag-kulutustavarat","tag-kulutustavarat-ja-palvelut-sektori","tag-ruoka","tag-suomi","tag-talous","tag-vahittaiskauppa-pl-moottoriajoneuvot-kotitaloustavaroiden-korjaus"],"share_on_mastodon":{"url":"https:\/\/pubeurope.com\/@fi\/116917678461058548","error":""},"_links":{"self":[{"href":"https:\/\/www.europesays.com\/fi\/wp-json\/wp\/v2\/posts\/300839","targetHints":{"allow":["GET"]}}],"collection":[{"href":"https:\/\/www.europesays.com\/fi\/wp-json\/wp\/v2\/posts"}],"about":[{"href":"https:\/\/www.europesays.com\/fi\/wp-json\/wp\/v2\/types\/post"}],"author":[{"embeddable":true,"href":"https:\/\/www.europesays.com\/fi\/wp-json\/wp\/v2\/users\/2"}],"replies":[{"embeddable":true,"href":"https:\/\/www.europesays.com\/fi\/wp-json\/wp\/v2\/comments?post=300839"}],"version-history":[{"count":0,"href":"https:\/\/www.europesays.com\/fi\/wp-json\/wp\/v2\/posts\/300839\/revisions"}],"wp:featuredmedia":[{"embeddable":true,"href":"https:\/\/www.europesays.com\/fi\/wp-json\/wp\/v2\/media\/300840"}],"wp:attachment":[{"href":"https:\/\/www.europesays.com\/fi\/wp-json\/wp\/v2\/media?parent=300839"}],"wp:term":[{"taxonomy":"category","embeddable":true,"href":"https:\/\/www.europesays.com\/fi\/wp-json\/wp\/v2\/categories?post=300839"},{"taxonomy":"post_tag","embeddable":true,"href":"https:\/\/www.europesays.com\/fi\/wp-json\/wp\/v2\/tags?post=300839"}],"curies":[{"name":"wp","href":"https:\/\/api.w.org\/{rel}","templated":true}]}}