{"id":300902,"date":"2026-07-14T11:24:10","date_gmt":"2026-07-14T11:24:10","guid":{"rendered":"https:\/\/www.europesays.com\/fi\/300902\/"},"modified":"2026-07-14T11:24:10","modified_gmt":"2026-07-14T11:24:10","slug":"sylvester-stallonen-hittisarja-saa-spinoffin-paaosassa-nahdaan-samuel-l-jackson","status":"publish","type":"post","link":"https:\/\/www.europesays.com\/fi\/300902\/","title":{"rendered":"Sylvester Stallonen hittisarja saa spinoffin &#8211; p\u00e4\u00e4osassa n\u00e4hd\u00e4\u00e4n Samuel L. Jackson"},"content":{"rendered":"<p>Tulsa Kingin spinoff-sarja on nimelt\u00e4\u00e4n Frisco King.<\/p>\n<p>Paramount+-palvelun loputun Taylor Sheridan -sarjojen liukuhihna rullaa huimaa tahtia. Nyt <a href=\"https:\/\/deadline.com\/2026\/07\/frisco-king-series-cast-tom-pecinka-arturo-del-puerto-1236978800\/\" target=\"_blank\" rel=\"noreferrer noopener nofollow\">Deadline<\/a> uutisoi tulevaan Frisco King -sarjaan kiinnitetyn n\u00e4yttelij\u00e4t Tom Pecinka (American Rust) ja Arturo Del Puerto (Pulse).<\/p>\n<p>Frisco Kingia kuvataan t\u00e4ll\u00e4 hetkell\u00e4 Teksasin Fort Worthissa. Sarjan p\u00e4\u00e4osassa n\u00e4hd\u00e4\u00e4n Samuel L. Jackson.<\/p>\n<p>Pecinka esiintyi Jacksonin kanssa yhdess\u00e4 vuoden 2023 The Kill Room -leffassa, jonka ohjasi Nicol Paone.<\/p>\n<p>Frisco King on Sylvester Stallonen t\u00e4hditt\u00e4m\u00e4n Tulsa King -hittisarjan spinoff, jonka kaikki kahdeksan jaksoa on k\u00e4sikirjoittanut Taylor Sheridan.<\/p>\n<p>Friscon Kingin tarkempaa juonta ei ole viel\u00e4 paljastattu, mutta sen p\u00e4\u00e4henkil\u00f6 on Jacksonin esitt\u00e4m\u00e4 Russell Lee Washington Jr., joka n\u00e4htiin Tulsa Kingin kolmannella kaudella.<\/p>\n<p>Alun perin Jacksonin t\u00e4hditt\u00e4m\u00e4 sarja tunnettiin nimell\u00e4 NOLA King, mutta sen nimi muutettiin Frisco Kingiksi, koska sarja sijoittuu New Orleansin sijaan Teksasin Friscoon.<\/p>\n<p>Friscon Kingin ensi-ilta ei ole viel\u00e4 tiedossa. Suomessa Paramount+:n Taylor Sheridan -tuotoksia esitt\u00e4\u00e4 tuoreeltaan SkyShowtime.<\/p>\n<p>Tulsa Kingin ensimm\u00e4isest\u00e4 kaudesta todettiin Muropaketin arvostelussa vuoden 2022 marraskuussa muun muassa seuraavaa:<\/p>\n<p>\u201dTulsa King on kummallinen sekoitus sitcom-kliseit\u00e4 ja v\u00e4h\u00e4n rajumpia Sopranos-vaikutteita. Koko viritelm\u00e4 lep\u00e4\u00e4 Stallonen hartioilla, jonka puup\u00f6kkel\u00f6m\u00e4inen Dwight on ep\u00e4uskottava. Vanhan muriskon karisma ja taipumus v\u00e4kivaltaan vaikuttavat mahdollistavan melkein mit\u00e4 tahansa. Ep\u00e4selv\u00e4ksi j\u00e4\u00e4 se, miksi katsoja edes haluaisi samaistua rikolliseen muinaisj\u00e4\u00e4nteeseen. Muutama v\u00e4synyt vitsi saa hym\u00e4ht\u00e4m\u00e4\u00e4n, mutta karmeuksiin syyllistyneen miehen touhuissa ei ole mit\u00e4\u00e4n hulvatonta.\u201d<\/p>\n","protected":false},"excerpt":{"rendered":"Tulsa Kingin spinoff-sarja on nimelt\u00e4\u00e4n Frisco King. Paramount+-palvelun loputun Taylor Sheridan -sarjojen liukuhihna rullaa huimaa tahtia. Nyt Deadline&hellip;\n","protected":false},"author":2,"featured_media":300903,"comment_status":"","ping_status":"","sticky":false,"template":"","format":"standard","meta":{"footnotes":"","_share_on_mastodon":"0"},"categories":[130],"tags":[137,33,31,30,3372,10426,341,32,1490,7639,109],"class_list":["post-300902","post","type-post","status-publish","format-standard","has-post-thumbnail","category-viihde","tag-entertainment","tag-fi","tag-finland","tag-finnish","tag-paramount-plus","tag-samuel-l-jackson","tag-skyshowtime","tag-suomi","tag-sylvester-stallone","tag-tulsa-king","tag-viihde"],"share_on_mastodon":{"url":"https:\/\/pubeurope.com\/@fi\/116918082931378690","error":""},"_links":{"self":[{"href":"https:\/\/www.europesays.com\/fi\/wp-json\/wp\/v2\/posts\/300902","targetHints":{"allow":["GET"]}}],"collection":[{"href":"https:\/\/www.europesays.com\/fi\/wp-json\/wp\/v2\/posts"}],"about":[{"href":"https:\/\/www.europesays.com\/fi\/wp-json\/wp\/v2\/types\/post"}],"author":[{"embeddable":true,"href":"https:\/\/www.europesays.com\/fi\/wp-json\/wp\/v2\/users\/2"}],"replies":[{"embeddable":true,"href":"https:\/\/www.europesays.com\/fi\/wp-json\/wp\/v2\/comments?post=300902"}],"version-history":[{"count":0,"href":"https:\/\/www.europesays.com\/fi\/wp-json\/wp\/v2\/posts\/300902\/revisions"}],"wp:featuredmedia":[{"embeddable":true,"href":"https:\/\/www.europesays.com\/fi\/wp-json\/wp\/v2\/media\/300903"}],"wp:attachment":[{"href":"https:\/\/www.europesays.com\/fi\/wp-json\/wp\/v2\/media?parent=300902"}],"wp:term":[{"taxonomy":"category","embeddable":true,"href":"https:\/\/www.europesays.com\/fi\/wp-json\/wp\/v2\/categories?post=300902"},{"taxonomy":"post_tag","embeddable":true,"href":"https:\/\/www.europesays.com\/fi\/wp-json\/wp\/v2\/tags?post=300902"}],"curies":[{"name":"wp","href":"https:\/\/api.w.org\/{rel}","templated":true}]}}