{"id":301008,"date":"2026-07-14T14:37:11","date_gmt":"2026-07-14T14:37:11","guid":{"rendered":"https:\/\/www.europesays.com\/fi\/301008\/"},"modified":"2026-07-14T14:37:11","modified_gmt":"2026-07-14T14:37:11","slug":"epailty-tuhopoltto-talta-palopaikalla-nayttaa-helsingin-uutiset","status":"publish","type":"post","link":"https:\/\/www.europesays.com\/fi\/301008\/","title":{"rendered":"Ep\u00e4ilty tuhopoltto: T\u00e4lt\u00e4 palopaikalla n\u00e4ytt\u00e4\u00e4 &#8211; Helsingin Uutiset"},"content":{"rendered":"<ol>\n<li><a href=\"https:\/\/news.google.com\/rss\/articles\/CBMiYEFVX3lxTE5wc3NWV2lIVDFYNE9oajdqZ0tscktocXFMWWw1aWsxTjVKdWxid0xHMlJCbTQxSnZhR3FBOXBmcmJTUnFTYXJUTDJjejJ4Ml9EYkF3TDZ4QXNmQ0x5Q2l1Tw?oc=5\" target=\"_blank\" rel=\"nofollow noopener\">Ep\u00e4ilty tuhopoltto: T\u00e4lt\u00e4 palopaikalla n\u00e4ytt\u00e4\u00e4<\/a>&nbsp;&nbsp;Helsingin Uutiset<\/li>\n<li><a href=\"https:\/\/news.google.com\/rss\/articles\/CBMiXEFVX3lxTE1kVmdmRVBIV3EyR05xSXh5cWo2VkRseUdpOE9SX0gyZ2ZaVThyOHB5Nk9tNndZdzAtY0phSzFxaFpNQ2dLTm1xSEZsUDd5OHZHNkdBOGs2VXlUdUtF?oc=5\" target=\"_blank\" rel=\"nofollow noopener\">Poliisi ep\u00e4ilee Munkkivuoren kirkon paloa tahallaan sytytetyksi<\/a>&nbsp;&nbsp;Ilta-Sanomat<\/li>\n<li><a href=\"https:\/\/news.google.com\/rss\/articles\/CBMie0FVX3lxTFBvTXdzZzJNOFBFYW1BYnVmTVYxbnloRE01QVZQVWZQd1VNckRxbnJvNXg2T1g5N1E2TEl4TmZ4VGNkLTJMUC1LVXVVMDBlSl8wb2tvMHFCYWlfQlE1a0FYVUc1c0pEOXUybHhNSEZvRGNuNFF5X0hGUnNLTQ?oc=5\" target=\"_blank\" rel=\"nofollow noopener\">Ep\u00e4ilty tuhopoltto kirkolla aiheutti jopa miljoonien eurojen vahingot<\/a>&nbsp;&nbsp;Iltalehti<\/li>\n<li><a href=\"https:\/\/news.google.com\/rss\/articles\/CBMiXkFVX3lxTE10aTQ4WWRlX2lqX3l2aXpodUJyMTNHU2tQYUJ5bGJVOEdKQ3RJQWVkelRnU2lMLVgwUHlUMzc1OS01LUdOenJmbGl1bWV3S2RGdVJFQWpTTTZhQVBoMnc?oc=5\" target=\"_blank\" rel=\"nofollow noopener\">Helsinki | Munkkivuoren kirkolla syttynytt\u00e4 tulipaloa ep\u00e4ill\u00e4\u00e4n tuhopoltoksi<\/a>&nbsp;&nbsp;HS.fi<\/li>\n<li><a href=\"https:\/\/news.google.com\/rss\/articles\/CBMiygJBVV95cUxNd21fNDBKTWRCeFVoVHlrVjVBLS1TNlpfbUVvODRIZ1N2bUViWnVZNWVQRXZWY3lXVDFOci02YkMwZFNvMTkxbEwwR2pwcFFvd0hkN28zbERINzdxem9ObUc2UnB3WkNWTkl1dTBxUFFiLWlPUm9GSm1BYnJXanJMQ3RBU1JhbnFPQUY5czRDVE5oWHduaFVaVlNZb2dnRjk2TVY1ZUNMTFpkODlSVXlnQUVtSF9Cdm9TQVVPcENUUS1vU3VNTnQzaHpkc25FZmJyXy1aUFV1aUtfX2VzYk9jaTBvbFA5eHlPSF83VkpkQmMzRjROWUw2RF85RkQ4ZDJJdHFzbnl3TWRZZE1xTVVGN3BPa1hmT0lMa0dEc2h4aGZoR2NudG12VG1GT3hOSzRHUG13SUo0RjljZDJ3NXRLNHdYVkpFQkZzRHc?oc=5\" target=\"_blank\" rel=\"nofollow noopener\">Munkkivuoren kirkon lis\u00e4rakennuksen tulipalon takia toiminnalle pit\u00e4\u00e4 etsi\u00e4 uusia tiloja \u2013 \u201dSis\u00e4tilat ovat t\u00e4ynn\u00e4 vett\u00e4 ja savua ja kattorakenteita on romahtanut\u201d, kertoo kirkkoherra Visa Viljamaa<\/a>&nbsp;&nbsp;Kirkko ja kaupunki<\/li>\n<\/ol>\n","protected":false},"excerpt":{"rendered":"Ep\u00e4ilty tuhopoltto: T\u00e4lt\u00e4 palopaikalla n\u00e4ytt\u00e4\u00e4&nbsp;&nbsp;Helsingin Uutiset Poliisi ep\u00e4ilee Munkkivuoren kirkon paloa tahallaan sytytetyksi&nbsp;&nbsp;Ilta-Sanomat Ep\u00e4ilty tuhopoltto kirkolla aiheutti jopa&hellip;\n","protected":false},"author":2,"featured_media":301009,"comment_status":"","ping_status":"","sticky":false,"template":"","format":"standard","meta":{"footnotes":"","_share_on_mastodon":"0"},"categories":[5],"tags":[29949,36,22,23,26,27,33,31,30,17,39361,24,25,28,29,3092,15,120,18,21,122,54,32,19,20,16],"class_list":["post-301008","post","type-post","status-publish","format-standard","has-post-thumbnail","category-otsikot","tag-ai-uutiset","tag-asuintalot-ja-asunnot","tag-breaking-news","tag-breakingnews","tag-featured-news","tag-featurednews","tag-fi","tag-finland","tag-finnish","tag-headlines","tag-kirkkopalo","tag-latest-news","tag-latestnews","tag-main-news","tag-mainnews","tag-maunula","tag-news","tag-onnettomuustapaus","tag-otsikot","tag-paauutiset","tag-pelastaminen","tag-pelastuspalvelut","tag-suomi","tag-top-stories","tag-topstories","tag-uutiset"],"share_on_mastodon":{"url":"https:\/\/pubeurope.com\/@fi\/116918841932168822","error":""},"_links":{"self":[{"href":"https:\/\/www.europesays.com\/fi\/wp-json\/wp\/v2\/posts\/301008","targetHints":{"allow":["GET"]}}],"collection":[{"href":"https:\/\/www.europesays.com\/fi\/wp-json\/wp\/v2\/posts"}],"about":[{"href":"https:\/\/www.europesays.com\/fi\/wp-json\/wp\/v2\/types\/post"}],"author":[{"embeddable":true,"href":"https:\/\/www.europesays.com\/fi\/wp-json\/wp\/v2\/users\/2"}],"replies":[{"embeddable":true,"href":"https:\/\/www.europesays.com\/fi\/wp-json\/wp\/v2\/comments?post=301008"}],"version-history":[{"count":0,"href":"https:\/\/www.europesays.com\/fi\/wp-json\/wp\/v2\/posts\/301008\/revisions"}],"wp:featuredmedia":[{"embeddable":true,"href":"https:\/\/www.europesays.com\/fi\/wp-json\/wp\/v2\/media\/301009"}],"wp:attachment":[{"href":"https:\/\/www.europesays.com\/fi\/wp-json\/wp\/v2\/media?parent=301008"}],"wp:term":[{"taxonomy":"category","embeddable":true,"href":"https:\/\/www.europesays.com\/fi\/wp-json\/wp\/v2\/categories?post=301008"},{"taxonomy":"post_tag","embeddable":true,"href":"https:\/\/www.europesays.com\/fi\/wp-json\/wp\/v2\/tags?post=301008"}],"curies":[{"name":"wp","href":"https:\/\/api.w.org\/{rel}","templated":true}]}}