{"id":301018,"date":"2026-07-14T15:02:13","date_gmt":"2026-07-14T15:02:13","guid":{"rendered":"https:\/\/www.europesays.com\/fi\/301018\/"},"modified":"2026-07-14T15:02:13","modified_gmt":"2026-07-14T15:02:13","slug":"tama-kelan-paatos-kuohuttaa-kanteluryoppy","status":"publish","type":"post","link":"https:\/\/www.europesays.com\/fi\/301018\/","title":{"rendered":"T\u00e4m\u00e4 Kelan p\u00e4\u00e4t\u00f6s kuohuttaa \u2013 Kantelury\u00f6ppy"},"content":{"rendered":"<p>Julkisuudessa vellonut keskustelu l\u00e4\u00e4kekorvauksista on poikinut useita kanteluita laillisuusvalvojille. Kantelijoiden luupin alla on sosiaali- ja terveysministeri\u00f6n ja Kelan toiminta.<\/p>\n<p><img decoding=\"async\" class=\"image image-show image-preview\" src=\"https:\/\/www.europesays.com\/fi\/wp-content\/uploads\/2026\/07\/854225821d37f42e9f8242cfb167e4db135ff60c59213b25313ecc506ad7eb81.jpg\" alt=\"\"\/><img decoding=\"async\" class=\"image image-show\" src=\"https:\/\/www.europesays.com\/fi\/wp-content\/uploads\/2026\/07\/1784041333_821_854225821d37f42e9f8242cfb167e4db135ff60c59213b25313ecc506ad7eb81.jpg\" alt=\"\"\/><\/p>\n<p>Kuvituskuva. KAISA VEHKALAHTI<\/p>\n<p class=\"paragraph\">Kela on lopettanut tiettyjen kalliiden l\u00e4\u00e4kkeiden korvaamisen kokonaan hein\u00e4kuun alusta, jos ne annostellaan julkisessa terveydenhuollossa. Korvauslasku siirtyy hyvinvointialueille.<\/p>\n<p class=\"paragraph\">Asiaan liittyy niin Kelan uusi ohjeistus kuin sosiaali- ja terveysministeri\u00f6n ohjauskirje.<\/p>\n<p class=\"paragraph\">Asiasta on noussut melkoinen kohu ja muun muassa Sy\u00f6p\u00e4j\u00e4rjest\u00f6t <a href=\"https:\/\/www.sttinfo.fi\/tiedote\/72189010\/syopajarjestot-huolissaan-syopalaakkeiden-korvausmuutoksen-vaikutuksista?publisherId=69820264&amp;lang=fi\" target=\"_blank\" rel=\"noopener nofollow\">on tiedottanut<\/a> olevansa huolissaan sy\u00f6p\u00e4l\u00e4\u00e4kkeiden korvausk\u00e4yt\u00e4nt\u00f6\u00f6n tehdyn muutoksen vaikutuksista sy\u00f6p\u00e4\u00e4n sairastuneiden hoitoon ja potilaiden yhdenvertaisuuteen.<\/p>\n<p class=\"paragraph\">Kokonaisuus pohdituttaa my\u00f6s kansalaisia. Iltalehti soitti oikeuskanslerin ja oikeusasiamiehen virastoihin, joista selvisi, ett\u00e4 eri kulmiin ilmi\u00f6ss\u00e4 on tartuttu jo yhteens\u00e4 kahdeksan kantelun verran.<\/p>\n<p class=\"paragraph\">Oikeuskanslerille on tehty viisi kantelua ja oikeusasiamiehelle kolme.<\/p>\n<p class=\"paragraph\">Oikeuskanslerinvirastosta kerrotaan, ett\u00e4 yksityishenkil\u00f6iden tekemiss\u00e4 kanteluissa kysyt\u00e4\u00e4n muun muassa sy\u00f6p\u00e4l\u00e4\u00e4kkeiden korvauksista sek\u00e4 pyydet\u00e4\u00e4n arvioimaan sosiaali- ja terveysministeri\u00f6n ja Kelan ohjeiden lainmukaisuutta.<\/p>\n<p>Kovaa kritiikki\u00e4<\/p>\n<p class=\"paragraph\">Eduskunnan oikeusasiamiehell\u00e4 on puolestaan vireill\u00e4 kolme yksityishenkil\u00f6n tekem\u00e4\u00e4 kantelua.<\/p>\n<p class=\"paragraph\">Yhdess\u00e4 arvostellaan Kelaa ja hallitusta rajuin sanoin. Iltalehdelle luetussa kantelussa muun muassa verrataan eutanasiaan, joka ei ole Suomessa laillistettu, sit\u00e4, jos julkisella puolella voisi seurata vaikeuksia saada sy\u00f6p\u00e4l\u00e4\u00e4kkeit\u00e4.<\/p>\n<p class=\"paragraph\">\u2013 Mill\u00e4 sadattuhannet sy\u00f6p\u00e4sairaat henkil\u00f6t Suomessa saavat t\u00e4m\u00e4n n\u00e4iden hulluuden j\u00e4lkeen l\u00e4\u00e4kkeet? Iltalehdelle kerrotaan, mit\u00e4 kantelussa muun muassa kysyt\u00e4\u00e4n.<\/p>\n<p class=\"paragraph\">Toisessa oikeusasiamiehelle saapuneessa kantelussa pyydet\u00e4\u00e4n tutkimaan, onko l\u00e4\u00e4kkeiden Kela-korvattavuuteen liittyvien muutosten valmistelussa ja toimeenpanossa huolehdittu riitt\u00e4v\u00e4sti perusoikeuksien toteutumisesta.<\/p>\n<p class=\"paragraph\">\u2013 Katson, ett\u00e4 muutokset voivat johtaa tilanteeseen, jossa l\u00e4\u00e4ketieteellisesti tarpeellisen l\u00e4\u00e4kehoidon saatavuus riippuu potilaan maksukyvyst\u00e4, kantelija n\u00e4kee oikeusasiamiehelt\u00e4 Iltalehdelle kerrotun mukaan.<\/p>\n<p class=\"paragraph\">\u2013 T\u00e4ll\u00f6in vaarantaa tosiasiallinen yhdenvertaisuus ja oikeus riitt\u00e4viin terveyspalveluin, kantelija jatkaa.<\/p>\n<p class=\"paragraph\">Kantelija pelk\u00e4\u00e4, ett\u00e4 l\u00e4\u00e4kekorvauss\u00e4\u00e4nn\u00f6sten vaikutukset kohdistuvat raskaasti vakavasti sairaisiin ja pitk\u00e4aikaissairaisiin, joilla ei ole taloudellista mahdollisuutta hankkia l\u00e4\u00e4ketieteellisesti tarpeellisiksi arvioituja l\u00e4\u00e4kkeit\u00e4 ilman korvausta.<\/p>\n<p class=\"paragraph\">Kantelija pyyt\u00e4\u00e4 oikeusasiamiest\u00e4 selvitt\u00e4m\u00e4\u00e4n, onko lainvalmistelussa arvioitu riitt\u00e4v\u00e4sti muutoksen vaikutuksen perustuslain turvaamaan yhdenvertaisuuteen, onko riitt\u00e4vien sote-palveluiden toteutuminen arvioitu asianmukaisesti ja onko valmistelussa ja toimeenpanossa huolehdittu siit\u00e4, etteiv\u00e4t taloudelliset tekij\u00e4t muodostu esteeksi l\u00e4\u00e4ketieteellisesti tarpeellisen l\u00e4\u00e4kehoidon saamiselle.<\/p>\n<p class=\"paragraph\">Oikeusasiamiest\u00e4 pyydet\u00e4\u00e4n arvioimaan, t\u00e4ytt\u00e4\u00e4k\u00f6 viranomaisten toiminta perustuslain ja hyv\u00e4n hallinnon vaatimukset.<\/p>\n<p>Kela tikunnokassa<\/p>\n<p class=\"paragraph\">Kolmas kantelu kohdistuu erityisesti Kelan toimintaan ja siihen, ett\u00e4 tietyist\u00e4 l\u00e4\u00e4kkeist\u00e4 saa Kela-korvauksia yksityisell\u00e4 puolella muttei julkisella. Kantelussa arvostellaan <a href=\"https:\/\/www.hs.fi\/alueet\/art-2000012111584.html\" target=\"_blank\" rel=\"noopener nofollow\">Helsingin Sanomille<\/a> Kelasta annettua sitaattia, jonka mukaan yksityisell\u00e4 puolella k\u00e4y keskim\u00e4\u00e4rin paremmassa toimintakyvyss\u00e4 olevia henkil\u00f6id\u00e4.<\/p>\n<p class=\"paragraph\">Kantelija kommentoi n\u00e4kemyst\u00e4 \u201dmielivaltaiseksi\u201d ja sanoo, ett\u00e4 Suomessa ei monin paikoin voi k\u00e4ytt\u00e4\u00e4 yksityisi\u00e4 palveluita.<\/p>\n<p class=\"paragraph\">Kantelija kysyy Kelan toiminnan lainmukaisuuden per\u00e4\u00e4n perustuslakiin ja hallintolakiin viitaten.<\/p>\n<p class=\"paragraph\">\u2013 Perustuuko Kelan p\u00e4\u00e4t\u00f6s ihmisten toimintakyvyn tai ihmisarvon luokitteluun varallisuuden perusteella? kantelija muun muassa tiedustelee.<\/p>\n<p class=\"paragraph\">Niin Kela kuin sosiaali- ja terveysministeri\u00f6 ovat perustelleet omaa toimintaansa sill\u00e4, ett\u00e4 kyse on ollut siit\u00e4, ett\u00e4 ohjeistetaan noudattamaan voimassa olevaa lakia. P\u00e4\u00e4t\u00f6st\u00e4 on my\u00f6s perusteltu potilaan edulla. Kelasta <a href=\"https:\/\/yle.fi\/a\/74-20236062\" target=\"_blank\" rel=\"noopener nofollow\">on sanottu<\/a>, ettei p\u00e4\u00e4t\u00f6s aiheuttanut varsinaista muutosta l\u00e4\u00e4kkeiden korvattavuudessa.<\/p>\n<p class=\"paragraph\">Sosiaali- ja terveysministeri\u00f6st\u00e4 on katsottu muun muassa <a href=\"https:\/\/www.iltalehti.fi\/politiikka\/9c1e2432-4293-40d0-a253-3c827f10693b\" rel=\"nofollow noopener\" target=\"_blank\">Iltalehdelle<\/a>, ett\u00e4 Kelan uudet tai STM:n siihen liittyv\u00e4n ohjauskirjeen linjaukset eiv\u00e4t vaaranna potilaiden l\u00e4\u00e4kkeiden saantia.<\/p>\n","protected":false},"excerpt":{"rendered":"Julkisuudessa vellonut keskustelu l\u00e4\u00e4kekorvauksista on poikinut useita kanteluita laillisuusvalvojille. Kantelijoiden luupin alla on sosiaali- ja terveysministeri\u00f6n ja Kelan&hellip;\n","protected":false},"author":2,"featured_media":301019,"comment_status":"","ping_status":"","sticky":false,"template":"","format":"standard","meta":{"footnotes":"","_share_on_mastodon":"0"},"categories":[12],"tags":[35,22,23,26,27,33,31,30,17,1908,53,24,25,28,29,15,18,21,637,32,502,167,19,20,16],"class_list":["post-301018","post","type-post","status-publish","format-standard","has-post-thumbnail","category-suomi","tag-24h","tag-breaking-news","tag-breakingnews","tag-featured-news","tag-featurednews","tag-fi","tag-finland","tag-finnish","tag-headlines","tag-lainsaadanto","tag-laki-oikeus-ja-rikos","tag-latest-news","tag-latestnews","tag-main-news","tag-mainnews","tag-news","tag-otsikot","tag-paauutiset","tag-politiikka","tag-suomi","tag-terveydenhoito","tag-terveys","tag-top-stories","tag-topstories","tag-uutiset"],"share_on_mastodon":{"url":"","error":""},"_links":{"self":[{"href":"https:\/\/www.europesays.com\/fi\/wp-json\/wp\/v2\/posts\/301018","targetHints":{"allow":["GET"]}}],"collection":[{"href":"https:\/\/www.europesays.com\/fi\/wp-json\/wp\/v2\/posts"}],"about":[{"href":"https:\/\/www.europesays.com\/fi\/wp-json\/wp\/v2\/types\/post"}],"author":[{"embeddable":true,"href":"https:\/\/www.europesays.com\/fi\/wp-json\/wp\/v2\/users\/2"}],"replies":[{"embeddable":true,"href":"https:\/\/www.europesays.com\/fi\/wp-json\/wp\/v2\/comments?post=301018"}],"version-history":[{"count":0,"href":"https:\/\/www.europesays.com\/fi\/wp-json\/wp\/v2\/posts\/301018\/revisions"}],"wp:featuredmedia":[{"embeddable":true,"href":"https:\/\/www.europesays.com\/fi\/wp-json\/wp\/v2\/media\/301019"}],"wp:attachment":[{"href":"https:\/\/www.europesays.com\/fi\/wp-json\/wp\/v2\/media?parent=301018"}],"wp:term":[{"taxonomy":"category","embeddable":true,"href":"https:\/\/www.europesays.com\/fi\/wp-json\/wp\/v2\/categories?post=301018"},{"taxonomy":"post_tag","embeddable":true,"href":"https:\/\/www.europesays.com\/fi\/wp-json\/wp\/v2\/tags?post=301018"}],"curies":[{"name":"wp","href":"https:\/\/api.w.org\/{rel}","templated":true}]}}