{"id":301075,"date":"2026-07-14T16:46:09","date_gmt":"2026-07-14T16:46:09","guid":{"rendered":"https:\/\/www.europesays.com\/fi\/301075\/"},"modified":"2026-07-14T16:46:09","modified_gmt":"2026-07-14T16:46:09","slug":"viisivuotias-tytto-leikki-puistossa-ruotsissa-kun-nuori-poika-puukotti-hanta-yhtakkia-uutisia-lyhyesti","status":"publish","type":"post","link":"https:\/\/www.europesays.com\/fi\/301075\/","title":{"rendered":"Viisivuotias tytt\u00f6 leikki puistossa Ruotsissa, kun nuori poika puukotti h\u00e4nt\u00e4 yht\u00e4kki\u00e4 | Uutisia lyhyesti"},"content":{"rendered":"<p class=\"aw__sc-1qwuw0s-0 aw__sc-1vg2sqm-0 epAWpq ecELkD yle__article__paragraph\">Poliisi otti ep\u00e4illyn hy\u00f6kk\u00e4\u00e4j\u00e4n kiinni pian teon j\u00e4lkeen, mutta kiinniotto kumottiin, koska h\u00e4n on alle 15-vuotias.<\/p>\n<p class=\"aw__sc-1qwuw0s-0 aw__sc-ngllmo-0 epAWpq fzYpjk yle__article__paragraph\">Ruotsia on kuohuttanut poikkeuksellinen v\u00e4kivaltatapaus, jossa 5-vuotiasta tytt\u00f6\u00e4 puukotettiin leikkipuistossa Helsingborgissa Sk\u00e5nen l\u00e4nsirannikolla. Tapauksesta on kirjoitettu laajalti Ruotsin mediassa.<\/p>\n<p class=\"aw__sc-1qwuw0s-0 aw__sc-ngllmo-0 epAWpq fzYpjk yle__article__paragraph\">Ep\u00e4ilty hy\u00f6kk\u00e4\u00e4j\u00e4 oli alle 15-vuotias poika. <a class=\"aw__sc-ngllmo-1 bTDnwX yle__article__link\" href=\"https:\/\/www.aftonbladet.se\/nyheter\/a\/V65rjJ\/uppgifter-attacken-mot-flickan-var-oprovocerad-pojke-larmade-sjalv\" role=\"link\" rel=\"nofollow noopener\" target=\"_blank\">Iltap\u00e4iv\u00e4lehti Aftonbladetin <\/a>tietojen mukaan poika pakeni paikalta juosten, mutta soitti sitten itse h\u00e4t\u00e4numeroon ja kertoi, mit\u00e4 oli tehnyt.<\/p>\n<p class=\"aw__sc-1qwuw0s-0 aw__sc-ngllmo-0 epAWpq fzYpjk yle__article__paragraph\">Poliisi otti pojan kiinni pian teon j\u00e4lkeen, mutta kiinniotto kumottiin, koska h\u00e4n on niin nuori. Sosiaaliviranomaiset ovat ottaneet h\u00e4net huostaan.<\/p>\n<p>Tytt\u00f6 l\u00f6ytyi verisen\u00e4<\/p>\n<p class=\"aw__sc-1qwuw0s-0 aw__sc-ngllmo-0 epAWpq fzYpjk yle__article__paragraph\">Puistoty\u00f6ntekij\u00e4 <strong class=\"aw__sc-ngllmo-2 gdRrun yle__article__strong\">Axel \u00d6stlund<\/strong> oli ensimm\u00e4isten joukossa tapahtumapaikalla. Tytt\u00f6 oli verinen, mutta seisoi pystyss\u00e4. Veitsi oli edelleen tyt\u00f6n kehossa, <a class=\"aw__sc-ngllmo-1 bTDnwX yle__article__link\" href=\"https:\/\/www.expressen.se\/nyheter\/sverige\/axel-raddade-flickan-efter-knivattacken-i-parken\/\" role=\"link\" rel=\"nofollow noopener\" target=\"_blank\">iltap\u00e4iv\u00e4lehti Expressen<\/a> kertoo.<\/p>\n<p class=\"aw__sc-1qwuw0s-0 aw__sc-ngllmo-0 epAWpq fzYpjk yle__article__paragraph\">\u2013 Oli todella hyv\u00e4, ett\u00e4 h\u00e4nell\u00e4 oli tarpeeksi mielenmalttia olla vet\u00e4m\u00e4tt\u00e4 sit\u00e4 ulos, \u00d6stlundin esimies <strong class=\"aw__sc-ngllmo-2 gdRrun yle__article__strong\">Bj\u00f6rn Svensson<\/strong> sanoo Expressenille.<\/p>\n<p class=\"aw__sc-1qwuw0s-0 aw__sc-ngllmo-0 epAWpq fzYpjk yle__article__paragraph\">Tytt\u00f6 vietiin sairaalaan, ja h\u00e4nen tilansa on vakaa.<\/p>\n<p class=\"aw__sc-1qwuw0s-0 aw__sc-ngllmo-0 epAWpq fzYpjk yle__article__paragraph\">Poliisi ei ole kommentoinut, onko leikkipuistosta l\u00f6ydetty veist\u00e4 tai puukkoa. Poliisi ei my\u00f6sk\u00e4\u00e4n ole kommentoinut, tunsivatko tytt\u00f6 ja poika toisensa.<\/p>\n<p class=\"aw__sc-1qwuw0s-0 aw__sc-ngllmo-0 epAWpq fzYpjk yle__article__paragraph\">Aftonbladetin tietojen mukaan puukotus tapahtui provosoimatta. Rikosluokitus on murhan yritys, ja poliisin tutkimusty\u00f6 on k\u00e4ynniss\u00e4.<\/p>\n<p class=\"aw__sc-1qwuw0s-0 aw__sc-ngllmo-0 epAWpq fzYpjk yle__article__paragraph\">\u2013 Meille on t\u00e4rke\u00e4\u00e4, ett\u00e4 luomme selke\u00e4n kuvan siit\u00e4, mit\u00e4 paikalla tapahtui ja miksi se tapahtui, Helsingborgin paikallispoliisin v\u00e4liaikainen aluejohtaja <strong class=\"aw__sc-ngllmo-2 gdRrun yle__article__strong\">Christian Magnusson<\/strong> sanoo Aftonbladetille.<\/p>\n","protected":false},"excerpt":{"rendered":"Poliisi otti ep\u00e4illyn hy\u00f6kk\u00e4\u00e4j\u00e4n kiinni pian teon j\u00e4lkeen, mutta kiinniotto kumottiin, koska h\u00e4n on alle 15-vuotias. Ruotsia on&hellip;\n","protected":false},"author":2,"featured_media":301076,"comment_status":"","ping_status":"","sticky":false,"template":"","format":"standard","meta":{"footnotes":"","_share_on_mastodon":"0"},"categories":[12],"tags":[22,23,26,27,33,31,30,17,35242,24,25,28,29,15,18,21,1282,1263,110,16730,32,19,20,56,16],"class_list":["post-301075","post","type-post","status-publish","format-standard","has-post-thumbnail","category-suomi","tag-breaking-news","tag-breakingnews","tag-featured-news","tag-featurednews","tag-fi","tag-finland","tag-finnish","tag-headlines","tag-helsingborg","tag-latest-news","tag-latestnews","tag-main-news","tag-mainnews","tag-news","tag-otsikot","tag-paauutiset","tag-puukotus","tag-rikosepailyt","tag-ruotsi","tag-skane","tag-suomi","tag-top-stories","tag-topstories","tag-ulkomaat","tag-uutiset"],"share_on_mastodon":{"url":"https:\/\/pubeurope.com\/@fi\/116919348947384378","error":""},"_links":{"self":[{"href":"https:\/\/www.europesays.com\/fi\/wp-json\/wp\/v2\/posts\/301075","targetHints":{"allow":["GET"]}}],"collection":[{"href":"https:\/\/www.europesays.com\/fi\/wp-json\/wp\/v2\/posts"}],"about":[{"href":"https:\/\/www.europesays.com\/fi\/wp-json\/wp\/v2\/types\/post"}],"author":[{"embeddable":true,"href":"https:\/\/www.europesays.com\/fi\/wp-json\/wp\/v2\/users\/2"}],"replies":[{"embeddable":true,"href":"https:\/\/www.europesays.com\/fi\/wp-json\/wp\/v2\/comments?post=301075"}],"version-history":[{"count":0,"href":"https:\/\/www.europesays.com\/fi\/wp-json\/wp\/v2\/posts\/301075\/revisions"}],"wp:featuredmedia":[{"embeddable":true,"href":"https:\/\/www.europesays.com\/fi\/wp-json\/wp\/v2\/media\/301076"}],"wp:attachment":[{"href":"https:\/\/www.europesays.com\/fi\/wp-json\/wp\/v2\/media?parent=301075"}],"wp:term":[{"taxonomy":"category","embeddable":true,"href":"https:\/\/www.europesays.com\/fi\/wp-json\/wp\/v2\/categories?post=301075"},{"taxonomy":"post_tag","embeddable":true,"href":"https:\/\/www.europesays.com\/fi\/wp-json\/wp\/v2\/tags?post=301075"}],"curies":[{"name":"wp","href":"https:\/\/api.w.org\/{rel}","templated":true}]}}