{"id":301436,"date":"2026-07-15T05:18:12","date_gmt":"2026-07-15T05:18:12","guid":{"rendered":"https:\/\/www.europesays.com\/fi\/301436\/"},"modified":"2026-07-15T05:18:12","modified_gmt":"2026-07-15T05:18:12","slug":"kalle-rovanpera-vahasanaisena-tilanteestaan-lomalla","status":"publish","type":"post","link":"https:\/\/www.europesays.com\/fi\/301436\/","title":{"rendered":"Kalle Rovanper\u00e4 v\u00e4h\u00e4sanaisena tilanteestaan: &#8221;Lomalla&#8221;"},"content":{"rendered":"<p>            Timo Korhonen\n        <\/p>\n<p class=\"subtitle \">Miss\u00e4 kaksinkertainen maailmanmestari mahtaa olla?<\/p>\n<p class=\"article-content article-content-width !bg-background\">Jyv\u00e4skyl\u00e4l\u00e4inen rallimaailman t\u00e4hti  vet\u00e4ytyi luonnonhelmaan.<\/p>\n<p class=\"font-weight-bold m-font-weight-bold article-content article-content-width !bg-background\">Tsekkaa my\u00f6s Seiskan arkistosta! Kalle Rovanper\u00e4 bongattiin uutena vuotena 2023 Levill\u00e4:<\/p>\n<p class=\"article-content article-content-width !bg-background\">Kalle tiedottaa <a href=\"https:\/\/www.instagram.com\/kallerovanpera\/\" target=\"_blank\" rel=\"nofollow noopener\">Instagramissa <\/a>l\u00e4hteneens\u00e4 ulkomaille 13.7. tupsahtaneessa julkaisussa, jonka sijaintitiedoissa lukee suomennettuna merkint\u00e4: Dolomiitit.<\/p>\n<p class=\"article-content article-content-width !bg-background\"> \u2013 Lomalla, h\u00e4n kuittaa v\u00e4h\u00e4puheisesti p\u00e4ivityksens\u00e4 saatetekstiss\u00e4.<\/p>\n<p class=\"article-content article-content-width !bg-background\">Alpeille l\u00e4ksinyt kaasujalka on julkaissut jylhist\u00e4 maisemista kattauksen henke\u00e4salpaavilla maisemilla varustettuja kuvia, joista viimeisess\u00e4 h\u00e4n k\u00f6llii sel\u00e4ll\u00e4\u00e4n uima-altaassa vuoristoisissa maisemissa.<\/p>\n<p class=\"article-content article-content-width !bg-background\">Kalle ei suinkaan ole reissun p\u00e4\u00e4ll\u00e4 itsekseen. Yhdess\u00e4 kuvista vilahtaa kauniskyntisen seuralaisen k\u00e4det h\u00e4nen esitelless\u00e4\u00e4n maiseman pohjalta piirretty\u00e4 kuvaa.<\/p>\n<p class=\"article-content article-content-width !bg-background\">Kaksinkertainen maailmanmestari on kuitenkin jo pitk\u00e4\u00e4n pit\u00e4nyt suhdesutinansa omana tietonaan, eik\u00e4 julkaisusta k\u00e4y ilmi mysteerimatkalaisen henkil\u00f6llisyytt\u00e4.<\/p>\n<p>        <a itemprop=\"url\" href=\"https:\/\/www.seiska.fi\/kotimaa\/kalle-rovanperan-kartturi-jonne-halttunen-viihtyy-suomalaiskaunottaren-kanssa-hempea-yhteiskuva-julki\/1434472\" rel=\"nofollow noopener\" target=\"_blank\"><\/p>\n<p class=\"section-date\">\n        <strong class=\"article-section\" data-section=\"kotimaa\"><br \/>\n            kotimaa<br \/>\n        <\/strong><br \/>\n        19.8.2024 14:03\n    <\/p>\n<p>Kalle Rovanper\u00e4n kartturi Jonne Halttunen viihtyy suomalaiskaunottaren kanssa \u2013 hempe\u00e4 yhteiskuva julki!\n    <\/p>\n<p itemprop=\"description\" class=\"subtitle \">\n    Seiska tavoitti kartturin kommentoimaan suhdehuhuja.\n<\/p>\n<p>        <\/a><\/p>\n<p>Mites Kallen kisakuviot?<\/p>\n<p class=\"article-content article-content-width !bg-background\">Loma patonkien luvatun maan pohjoisosassa tuli Kallelle tarpeeseen.\u00a0H\u00e4n joutui maaliskuussa vet\u00e4ytym\u00e4\u00e4n Super Formula -sarjan t\u00e4lt\u00e4 kaudelta terveysongelmien vuoksi.<\/p>\n<p class=\"article-content article-content-width !bg-background\"> \u2013 Terveydentilani ei t\u00e4ll\u00e4 hetkell\u00e4 salli minun jatkaa turvallisesti. Nyt ensisijaisena tavoitteenani on hoitaa terveysasiat kuntoon, h\u00e4n kirjoitti tuolloin Instagram-tilill\u00e4\u00e4n.<\/p>\n<p class=\"article-content article-content-width !bg-background\">Rallit\u00e4hden tulevaisuuden suunnitelmista tuli kuitenkin uutta tietoa viime kuussa, kun Kallen talli tiedotti t\u00e4m\u00e4n saaneen luvan palata radalle.<\/p>\n<p class=\"article-content article-content-width !bg-background\">Kallelle luvan paluuseen oli antanut h\u00e4nen kotikaupungissaan sijaitseva Kilpa- ja huippu-urheilun tutkimuskeskus, jonka kanssa h\u00e4n on tehnyt yhteisty\u00f6t\u00e4 palautuakseen.<\/p>\n<p class=\"article-content article-content-width !bg-background\">T\u00e4ll\u00e4 tietoa Toyota Gazoo Racing -rallitallin mukaan tavoitteena on, ett\u00e4 25-vuotias huippulupaus palaa rattiin ensi vuonna.\u00a0<\/p>\n<p>        <a itemprop=\"url\" href=\"https:\/\/www.seiska.fi\/kotimaa\/rallin-maailmanmestari-kalle-rovanpera-elamastaan-monacossa-elan-tavallista-arkielamaa\/1113106\" rel=\"nofollow noopener\" target=\"_blank\"><\/p>\n<p class=\"section-date\">\n        <strong class=\"article-section\" data-section=\"kotimaa\"><br \/>\n            kotimaa<br \/>\n        <\/strong><br \/>\n        20.8.2023 15:00\n    <\/p>\n<p>Rallin maailmanmestari Kalle Rovanper\u00e4 el\u00e4m\u00e4st\u00e4\u00e4n Monacossa: El\u00e4n tavallista arkiel\u00e4m\u00e4\u00e4\n    <\/p>\n<p itemprop=\"description\" class=\"subtitle \">\n    Mestari vapaalla! Rallin maailmanmestari viihtyy veroparatiisissa kavereidensa ja tietokonepelien parissa.\n<\/p>\n<p>        <\/a><\/p>\n<p><script async src=\"\/\/www.instagram.com\/embed.js\"><\/script><\/p>\n","protected":false},"excerpt":{"rendered":"Timo Korhonen Miss\u00e4 kaksinkertainen maailmanmestari mahtaa olla? Jyv\u00e4skyl\u00e4l\u00e4inen rallimaailman t\u00e4hti vet\u00e4ytyi luonnonhelmaan. Tsekkaa my\u00f6s Seiskan arkistosta! Kalle Rovanper\u00e4&hellip;\n","protected":false},"author":2,"featured_media":301437,"comment_status":"","ping_status":"","sticky":false,"template":"","format":"standard","meta":{"footnotes":"","_share_on_mastodon":"0"},"categories":[130],"tags":[39385,137,33,31,30,4673,1478,39384,32,4415,4600,109],"class_list":["post-301436","post","type-post","status-publish","format-standard","has-post-thumbnail","category-viihde","tag-dolomiitit","tag-entertainment","tag-fi","tag-finland","tag-finnish","tag-kalle-rovanpera","tag-matkailu","tag-rallimaailma","tag-suomi","tag-terveysongelmat","tag-toyota-gazoo-racing","tag-viihde"],"share_on_mastodon":{"url":"https:\/\/pubeurope.com\/@fi\/116922306113422054","error":""},"_links":{"self":[{"href":"https:\/\/www.europesays.com\/fi\/wp-json\/wp\/v2\/posts\/301436","targetHints":{"allow":["GET"]}}],"collection":[{"href":"https:\/\/www.europesays.com\/fi\/wp-json\/wp\/v2\/posts"}],"about":[{"href":"https:\/\/www.europesays.com\/fi\/wp-json\/wp\/v2\/types\/post"}],"author":[{"embeddable":true,"href":"https:\/\/www.europesays.com\/fi\/wp-json\/wp\/v2\/users\/2"}],"replies":[{"embeddable":true,"href":"https:\/\/www.europesays.com\/fi\/wp-json\/wp\/v2\/comments?post=301436"}],"version-history":[{"count":0,"href":"https:\/\/www.europesays.com\/fi\/wp-json\/wp\/v2\/posts\/301436\/revisions"}],"wp:featuredmedia":[{"embeddable":true,"href":"https:\/\/www.europesays.com\/fi\/wp-json\/wp\/v2\/media\/301437"}],"wp:attachment":[{"href":"https:\/\/www.europesays.com\/fi\/wp-json\/wp\/v2\/media?parent=301436"}],"wp:term":[{"taxonomy":"category","embeddable":true,"href":"https:\/\/www.europesays.com\/fi\/wp-json\/wp\/v2\/categories?post=301436"},{"taxonomy":"post_tag","embeddable":true,"href":"https:\/\/www.europesays.com\/fi\/wp-json\/wp\/v2\/tags?post=301436"}],"curies":[{"name":"wp","href":"https:\/\/api.w.org\/{rel}","templated":true}]}}