{"id":30181,"date":"2025-09-09T18:23:09","date_gmt":"2025-09-09T18:23:09","guid":{"rendered":"https:\/\/www.europesays.com\/fi\/30181\/"},"modified":"2025-09-09T18:23:09","modified_gmt":"2025-09-09T18:23:09","slug":"huhu-kauhuhitti-saa-jatkoa-leffasarjan-luoja-on-kuitenkin-ehka-ulkona","status":"publish","type":"post","link":"https:\/\/www.europesays.com\/fi\/30181\/","title":{"rendered":"Huhu: kauhuhitti saa jatkoa \u2013 leffasarjan luoja on kuitenkin ehk\u00e4 ulkona"},"content":{"rendered":"<p><strong>Michael Chavesin<\/strong> ohjaama Kirottu 4: Viimeiset riitit on kaikkien aikojen suurin kauhuhitti.<\/p>\n<p>Kirottu 4:n piti olla loppu \u2013 tai onhan se Warreneiden loppu (ehk\u00e4) \u2013 mutta koska elokuvasta tuli niin suosittu, tutkitaan Warnerilla jo mahdollisuutta tehd\u00e4 jatkoa.<\/p>\n<p>Lue my\u00f6s: <a href=\"https:\/\/www.episodi.fi\/uutiset\/warner-teki-juuri-hollywood-historiaa-kirottu-elokuvallaan\/\" title=\"Warner teki juuri Hollywood-historiaa Kirottu-elokuvallaan\" class=\"underline-custom !font-montserrat !font-bold !underline-offset-4 !decoration-4 !decoration-episodi-blue !text-md\" rel=\"nofollow noopener\" target=\"_blank\">Warner teki juuri Hollywood-historiaa Kirottu-elokuvallaan<\/a><\/p>\n<p>Lue my\u00f6s: <a href=\"https:\/\/www.episodi.fi\/uutiset\/viimeinen-kirottu-rikkoi-lippukassat-teki-hyytavan-riipivan-tuloksen\/\" title=\"Viimeinen Kirottu rikkoi lippukassat \u2013 teki hyyt\u00e4v\u00e4n riipiv\u00e4n tuloksen\" class=\"underline-custom !font-montserrat !font-bold !underline-offset-4 !decoration-4 !decoration-episodi-blue !text-md\" rel=\"nofollow noopener\" target=\"_blank\">Viimeinen Kirottu rikkoi lippukassat \u2013 teki hyyt\u00e4v\u00e4n riipiv\u00e4n tuloksen<\/a><\/p>\n<p>Huhun mukaan kyseess\u00e4 olisi Kirottu-elokuvien esiosa.<\/p>\n<p>Samaisen huhun mukaan kuitenkin kauhuleffasarjan luoja<strong> James Wan<\/strong> olisi ulkona pelist\u00e4, koska h\u00e4nell\u00e4 on kiista Warner Bros. -studion kanssa. Kyse on tietenkin palkasta.<\/p>\n<p>Wan ohjasi kaksi ensimm\u00e4ist\u00e4 Kirottua, ja on sen j\u00e4lkeen tuottanut ne kaikki. Huhun mukaan jopa Wanin tuottajan paikka olisi nyt uhattuna palkkakiistan takia.<\/p>\n<p>Kirottu 4:n ensi-iltaviikonloppu oli hurja. Elokuva tienasi 194 miljoonaa dollaria. Se on kauhuelokuvien uusi enn\u00e4tys.<\/p>\n<p>L\u00e4hde: <a href=\"https:\/\/fandomwire.com\/the-conjuring-prequel-reportedly-in-works-but-james-wan-might-walk-away-this-time\/\" target=\"_blank\" rel=\"noreferrer noopener nofollow\">Fandomwire<\/a><\/p>\n<p>Lue my\u00f6s: <a href=\"https:\/\/www.episodi.fi\/uutiskirje\/?uutiskirjemainos=tekstilinkkimainos\" title=\"Tilaa Episodin uutiskirje ja voit voittaa leffalippuja! Nappaa tv-vinkit suoraan s\u00e4hk\u00f6postiin t\u00e4st\u00e4.\" class=\"underline-custom !font-montserrat !font-bold !underline-offset-4 !decoration-4 !decoration-episodi-blue !text-md\" rel=\"nofollow noopener\" target=\"_blank\">Tilaa Episodin uutiskirje ja voit voittaa leffalippuja! Nappaa katseluvinkit suoraan s\u00e4hk\u00f6postiin t\u00e4st\u00e4.<\/a><\/p>\n","protected":false},"excerpt":{"rendered":"Michael Chavesin ohjaama Kirottu 4: Viimeiset riitit on kaikkien aikojen suurin kauhuhitti. Kirottu 4:n piti olla loppu \u2013&hellip;\n","protected":false},"author":2,"featured_media":27156,"comment_status":"","ping_status":"","sticky":false,"template":"","format":"standard","meta":{"footnotes":""},"categories":[131],"tags":[155,137,33,173,31,30,9041,3057,7527,172,32,109],"class_list":{"0":"post-30181","1":"post","2":"type-post","3":"status-publish","4":"format-standard","5":"has-post-thumbnail","7":"category-elokuvat","8":"tag-elokuvat","9":"tag-entertainment","10":"tag-fi","11":"tag-film","12":"tag-finland","13":"tag-finnish","14":"tag-james-wan","15":"tag-kauhu","16":"tag-kirottu-4-viimeiset-riitit","17":"tag-movies","18":"tag-suomi","19":"tag-viihde"},"share_on_mastodon":{"url":"","error":""},"_links":{"self":[{"href":"https:\/\/www.europesays.com\/fi\/wp-json\/wp\/v2\/posts\/30181","targetHints":{"allow":["GET"]}}],"collection":[{"href":"https:\/\/www.europesays.com\/fi\/wp-json\/wp\/v2\/posts"}],"about":[{"href":"https:\/\/www.europesays.com\/fi\/wp-json\/wp\/v2\/types\/post"}],"author":[{"embeddable":true,"href":"https:\/\/www.europesays.com\/fi\/wp-json\/wp\/v2\/users\/2"}],"replies":[{"embeddable":true,"href":"https:\/\/www.europesays.com\/fi\/wp-json\/wp\/v2\/comments?post=30181"}],"version-history":[{"count":0,"href":"https:\/\/www.europesays.com\/fi\/wp-json\/wp\/v2\/posts\/30181\/revisions"}],"wp:featuredmedia":[{"embeddable":true,"href":"https:\/\/www.europesays.com\/fi\/wp-json\/wp\/v2\/media\/27156"}],"wp:attachment":[{"href":"https:\/\/www.europesays.com\/fi\/wp-json\/wp\/v2\/media?parent=30181"}],"wp:term":[{"taxonomy":"category","embeddable":true,"href":"https:\/\/www.europesays.com\/fi\/wp-json\/wp\/v2\/categories?post=30181"},{"taxonomy":"post_tag","embeddable":true,"href":"https:\/\/www.europesays.com\/fi\/wp-json\/wp\/v2\/tags?post=30181"}],"curies":[{"name":"wp","href":"https:\/\/api.w.org\/{rel}","templated":true}]}}