{"id":302082,"date":"2026-07-16T02:14:18","date_gmt":"2026-07-16T02:14:18","guid":{"rendered":"https:\/\/www.europesays.com\/fi\/302082\/"},"modified":"2026-07-16T02:14:18","modified_gmt":"2026-07-16T02:14:18","slug":"sonja-aiello-poistatti-huulitaytteensa-ja-someraivo-roihahti-nain-kaunotar-kommentoi-kohua-seiskalle","status":"publish","type":"post","link":"https:\/\/www.europesays.com\/fi\/302082\/","title":{"rendered":"Sonja Aiello poistatti huulit\u00e4ytteens\u00e4 ja someraivo roihahti \u2013 n\u00e4in kaunotar kommentoi kohua Seiskalle"},"content":{"rendered":"<p>\n            20220604 HELSINKI. Creator Awards. Sonja Aiello. PHOTO: ATTE KAJOVA<br \/>\n            ATTE KAJOVA\n        <\/p>\n<p class=\"subtitle \">Sonja Aiello poistatti huulit\u00e4ytteens\u00e4 ja dokumentoi prosessin seuraajilleen. Fiksailu her\u00e4tti nopeasti vilkasta keskustelua somessa, mutta Seiskan tavoittama Sonja kertoo, ettei ole kohusta tietoinen.<\/p>\n<p class=\"article-content article-content-width !bg-background\">Fitnessvaikuttaja  on j\u00e4lleen p\u00e4ivitt\u00e4nyt seuraajiaan kauneustoimenpiteest\u00e4\u00e4n. T\u00e4ll\u00e4 kertaa vuorossa olivat huulit\u00e4ytteet, joista h\u00e4n p\u00e4\u00e4tti luopua \u2013 ainakin hetkeksi.\u00a0<\/p>\n<p class=\"article-content article-content-width !bg-background\">Sonja julkaisi Instagramin Stories-osiossa videon juuri ennen toimenpidett\u00e4.\u00a0<\/p>\n<p class=\"article-content article-content-width !bg-background\">\u2013 Ou mai gaad, mua j\u00e4nnitt\u00e4\u00e4 niin paljon!\u00a0H\u00e4n sanoo videolla.\u00a0<\/p>\n<p class=\"article-content article-content-width !bg-background\">Hetke\u00e4 my\u00f6hemmin vaikuttaja hyv\u00e4stelee n\u00e4ytt\u00e4v\u00e4t huulensa humoristiseen tyyliins\u00e4.\u00a0<\/p>\n<p class=\"article-content article-content-width !bg-background\">\u2013 Viimeist\u00e4 kertaa n\u00e4\u00e4 huulet, h\u00e4n toteaa.\u00a0<\/p>\n<p class=\"article-content article-content-width !bg-background\">Sonja kertoi suunnitelmistaan jo aiemmin Tytti Junna x Viihde -podcastissa. H\u00e4nen mukaansa huulit\u00e4ytteet olivat ajan my\u00f6t\u00e4 levinneet, mink\u00e4 vuoksi h\u00e4n halusi poistattaa ne.\u00a0Tarkoituksena ei kuitenkaan ole j\u00e4\u00e4d\u00e4 kokonaan ilman t\u00e4ytteit\u00e4.\u00a0<\/p>\n<p class=\"article-content article-content-width !bg-background\">Sonja kertoi aikovansa lis\u00e4t\u00e4 huuliinsa my\u00f6hemmin uudet t\u00e4ytteet, mutta t\u00e4ll\u00e4 kertaa aiempaa maltillisemmin.\u00a0Omassa somevideossaan h\u00e4n vitsaili k\u00e4ynniss\u00e4 olevasta ulkon\u00e4k\u00f6remontistaan.\u00a0<\/p>\n<p class=\"article-content article-content-width !bg-background\">\u2013 Julkisivuremppa se on nyt k\u00e4ynniss\u00e4. Kellari on nyt jo tehty, mut jatketaan, Sonja naurahtaa.<\/p>\n<p>N\u00e4ytti lopputuloksen heti: &#8221;T\u00e4\u00e4 on raju&#8221;<\/p>\n<p class=\"article-content article-content-width !bg-background\">Toimenpiteen j\u00e4lkeen Sonja julkaisi kuvan, jossa huulet olivat viel\u00e4 selv\u00e4sti turvonneet.\u00a0<\/p>\n<p class=\"article-content article-content-width !bg-background\">\u2013 Kuolen, milt\u00e4 mun huulet n\u00e4ytti heti poiston j\u00e4lkeen. T\u00e4\u00e4 on raju, Sonja kirjoittaa.\u00a0<\/p>\n<p class=\"article-content article-content-width !bg-background\">Samalla h\u00e4n lupasi kertoa seuraajilleen my\u00f6hemmin koko prosessin alusta loppuun.\u00a0<\/p>\n<p>        <a itemprop=\"url\" href=\"https:\/\/www.seiska.fi\/kotimaa\/sonja-aiello-avautuu-peppuremontin-jalkeen-ensimmainen-kerta\/2173866\" rel=\"nofollow noopener\" target=\"_blank\"><\/p>\n<p>\n&#8221;Ensimm\u00e4inen kerta&#8221; peppuremontin j\u00e4lkeen\n<\/p>\n<p class=\"section-date\">\n        <strong class=\"article-section\" data-section=\"kotimaa\"><br \/>\n            kotimaa<br \/>\n        <\/strong><br \/>\n        5.6. 20:58\n    <\/p>\n<p>Sonja Aiello avautuu peppuremontin j\u00e4lkeen: &#8221;Ensimm\u00e4inen kerta&#8230;&#8221;\n    <\/p>\n<p itemprop=\"description\" class=\"subtitle \">\n    Pakaroiden fiksailu johti valtavaan palautery\u00f6ppyyn.\n<\/p>\n<p>        <\/a><\/p>\n<p>Kauneustoimenpide her\u00e4tti kohun<\/p>\n<p class=\"article-content article-content-width !bg-background\">Huulit\u00e4ytteiden poistosta kertova julkaisu her\u00e4tti runsaasti keskustelua sosiaalisessa mediassa.\u00a0<\/p>\n<p class=\"article-content article-content-width !bg-background\">Anonyymiss\u00e4 keskustelupalvelussa osa k\u00e4ytt\u00e4jist\u00e4 kritisoi sit\u00e4, ett\u00e4 toimenpide toteutettiin kaupallisessa yhteisty\u00f6ss\u00e4 esteettisen klinikan kanssa. Keskustelijat pohtivat klinikan toimintaa, ja ilmoittivat tehneens\u00e4 siit\u00e4 ilmoituksen Valviraan.\u00a0<\/p>\n<p>        <a itemprop=\"url\" href=\"https:\/\/www.seiska.fi\/vain-seiskassa\/ensin-nhl-miljonaari-sitten-liigakiekkoilija-kuvat-sonja-aiellon-villista-ruisrockista\/2199516\" rel=\"nofollow noopener\" target=\"_blank\"><\/p>\n<p>\nNHL-miljon\u00e4\u00e4ri, liigakiekkoilija, kohur\u00e4pp\u00e4ri\n<\/p>\n<p class=\"section-date\">\n        <strong class=\"article-section\" data-section=\"vain seiskassa\"><br \/>\n            vain seiskassa<br \/>\n        <\/strong><br \/>\n        7.7. 06:00\n    <\/p>\n<p>Ensin NHL-miljon\u00e4\u00e4ri, sitten liigakiekkoilija \u2013 kuvat Sonja Aiellon villist\u00e4 Ruisrockista\n    <\/p>\n<p itemprop=\"description\" class=\"subtitle \">\n    Mik\u00e4 yhdist\u00e4\u00e4 NHL-miljon\u00e4\u00e4rin, liigapelaajan ja kohur\u00e4pp\u00e4rin? Sonja Aiello ja Ruisrock.\n<\/p>\n<p>        <\/a><\/p>\n<p class=\"article-content article-content-width !bg-background\">Keskustelua vauhditti my\u00f6s Tiktokissa aiemmin julkaistu video, jossa\u00a0sis\u00e4ll\u00f6ntuottaja arvosteli Sonjan julkisuudessa esill\u00e4 ollutta BBL-operaatiota sek\u00e4 siihen liittyv\u00e4\u00e4 markkinointia.\u00a0<\/p>\n<p class=\"article-content article-content-width !bg-background\">H\u00e4n esitt\u00e4\u00e4 videolla my\u00f6s v\u00e4itteen, jonka mukaan Sonjan toimenpiteen tehnyt l\u00e4\u00e4k\u00e4ri ei ole plastiikkakirurgi, ja ett\u00e4 t\u00e4st\u00e4 on tehty ilmoituksia Valviraan.<\/p>\n<p>        <a itemprop=\"url\" href=\"https:\/\/www.seiska.fi\/kotimaa\/podcast-sonja-aiello-osti-uuden-pepun\/2162018\" rel=\"nofollow noopener\" target=\"_blank\"><\/p>\n<p>\nPodcast:\n<\/p>\n<p class=\"section-date\">\n        <strong class=\"article-section\" data-section=\"kotimaa\"><br \/>\n            kotimaa<br \/>\n        <\/strong><br \/>\n        26.5. 06:00\n    <\/p>\n<p>Podcast: Sonja Aiello osti uuden pepun!\n    <\/p>\n<p itemprop=\"description\" class=\"subtitle \">\n    Sonja Aiello kertoo podcastissa tekem\u00e4st\u00e4\u00e4n kauneusoperaatiosta.\n<\/p>\n<p>        <\/a><\/p>\n<p>Sonja kommentoi Seiskalle<\/p>\n<p class=\"article-content article-content-width !bg-background\">Seiska tavoitti Sonja Aiellon puhelimitse keskiviikkona, 15.7.2026.<\/p>\n<p class=\"article-content article-content-width !bg-background\">Sonja ei kuitenkaan halunnut viel\u00e4 kommentoida huulit\u00e4ytteiden poiston lopputulosta, sill\u00e4 h\u00e4n kertoo julkaisevansa aiheesta my\u00f6hemmin oman sis\u00e4lt\u00f6ns\u00e4.\u00a0<\/p>\n<p class=\"article-content article-content-width !bg-background\">\u2013 Kato, kun m\u00e4 olen tekem\u00e4ss\u00e4 itse jutun t\u00e4st\u00e4 omaan someen, niin m\u00e4 en viel\u00e4 halua kommentoida oikeestaan, Sonja sanoo Seiskalle.\u00a0<\/p>\n<p class=\"article-content article-content-width !bg-background\">Sonja kertoo my\u00f6s, ettei ole tietoinen toimenpiteen ymp\u00e4rille nousseesta keskustelusta sosiaalisessa mediassa.\u00a0<\/p>\n<p class=\"article-content article-content-width !bg-background\">\u2013 En m\u00e4 lue Jodelia, enk\u00e4 ole saanut t\u00e4st\u00e4 mit\u00e4\u00e4n yhteydenottoja, h\u00e4n toteaa.\u00a0<\/p>\n<p>        <a itemprop=\"url\" href=\"https:\/\/www.seiska.fi\/kotimaa\/sonja-aiello-ja-nico-lingman-yllatysuutinen\/2167407\" rel=\"nofollow noopener\" target=\"_blank\"><\/p>\n<p>\nSonja Aiello ja Nico Lingman\n<\/p>\n<p class=\"section-date\">\n        <strong class=\"article-section\" data-section=\"kotimaa\"><br \/>\n            kotimaa<br \/>\n        <\/strong><br \/>\n        29.5. 20:00\n    <\/p>\n<p>Sonja Aiello ja Nico Lingman: Yll\u00e4tysuutinen!\n    <\/p>\n<p itemprop=\"description\" class=\"subtitle \">\n    Seiskalle moottoriturpa kertoi huhtikuun lopussa, ettei h\u00e4n jaksa alkaa viel\u00e4 nuoleskelemaan vaalikarjaa.\n<\/p>\n<p>        <\/a><\/p>\n<p>&#8221;Kelatkaa, jos olisin ollut vaan hiljaa&#8221;<\/p>\n<p class=\"article-content article-content-width !bg-background\">Sonja kommentoi maanantain vastaisena y\u00f6n\u00e4 Instagram-tarinassaan my\u00f6s viime p\u00e4ivin\u00e4 k\u00e4yty\u00e4 keskustelua BBL-operaatiostaan.<\/p>\n<p class=\"article-content article-content-width !bg-background\">\u2013 En ole ikin\u00e4 myynyt mink\u00e4\u00e4nlaista pakaravalmennusta tai markkinoinut valmennuksia niin, ett\u00e4 &#8221;t\u00e4ll\u00e4 valmennuksella saat t\u00e4mm\u00f6iset pakarat&#8221;<\/p>\n<p class=\"article-content article-content-width !bg-background\">H\u00e4n korosti, ettei ole koskaan markkinoinut valmennuksiaan vetoamalla omiin leikkaustuloksiinsa.\u00a0<\/p>\n<p class=\"article-content article-content-width !bg-background\">\u2013 Mut kelatkaa jos olisin ollu vaan hiljaa (niinkuin moni fitnessvaikuttaja on) ja alkanut vaan myym\u00e4\u00e4n n\u00e4ill\u00e4 muutoskuvilla valmennuksia, Sonja sivaltaa.<\/p>\n<p>        <a itemprop=\"url\" href=\"https:\/\/www.seiska.fi\/kotimaa\/sonja-aiello-suorat-sanat-peppukohusta\/2164792\" rel=\"nofollow noopener\" target=\"_blank\"><\/p>\n<p>\nSonja Aiello:\n<\/p>\n<p class=\"section-date\">\n        <strong class=\"article-section\" data-section=\"kotimaa\"><br \/>\n            kotimaa<br \/>\n        <\/strong><br \/>\n        27.5. 20:40\n    <\/p>\n<p>Sonja Aiello: Suorat sanat peppukohusta\n    <\/p>\n<p itemprop=\"description\" class=\"subtitle \">\n    Sonja Aiellon kauneusoperaatio on her\u00e4tt\u00e4nyt keskustelua.\n<\/p>\n<p>        <\/a><\/p>\n<p class=\"article-content article-content-width !bg-background\">Vaikuttajan suunnitelmissa on julkaista my\u00f6hemmin video itse leikkausp\u00e4iv\u00e4st\u00e4, mutta siihen h\u00e4n ker\u00e4\u00e4 viel\u00e4 rohkeutta.\u00a0Sonja toteaa my\u00f6s, ettei kadu sit\u00e4, ett\u00e4 on kertonut esteettisist\u00e4 toimenpiteist\u00e4\u00e4n avoimesti seuraajilleen.<\/p>\n<p>                <img decoding=\"async\" src=\"https:\/\/www.europesays.com\/fi\/wp-content\/uploads\/2026\/07\/1906266.webp\" width=\"576\" height=\"720\" alt=\"Pakaroiden ja huulten fiksailu johti valtavaan palautery\u00f6ppyyn.\" loading=\"lazy\" \/>            <\/p>\n<p>\n            Pakaroiden ja huulten fiksailu johti valtavaan palautery\u00f6ppyyn.<br \/>\n            ATTE KAJOVA\n        <\/p>\n<p class=\"article-content article-content-width !bg-background\">Sonjan mukaan h\u00e4n aikoo avata my\u00f6s huulit\u00e4ytteiden poistattamista seuraajilleen, ja kertoa koko prosessista tarkemmin omassa somessa julkaistavalla videollaan my\u00f6hemmin.<\/p>\n","protected":false},"excerpt":{"rendered":"20220604 HELSINKI. Creator Awards. Sonja Aiello. PHOTO: ATTE KAJOVA ATTE KAJOVA Sonja Aiello poistatti huulit\u00e4ytteens\u00e4 ja dokumentoi prosessin&hellip;\n","protected":false},"author":2,"featured_media":302083,"comment_status":"","ping_status":"","sticky":false,"template":"","format":"standard","meta":{"footnotes":"","_share_on_mastodon":"0"},"categories":[130],"tags":[38637,137,33,31,30,27481,29376,15215,2682,39422,6327,1750,212,14127,23362,12306,2397,5383,32,167,7587,11914,109],"class_list":["post-302082","post","type-post","status-publish","format-standard","has-post-thumbnail","category-viihde","tag-elina-janhunen","tag-entertainment","tag-fi","tag-finland","tag-finnish","tag-fitnessvaikuttaja","tag-huulet","tag-huulitaytteet","tag-kauneus","tag-kauneustoimenpide","tag-kirurgia","tag-kohu","tag-lifestyle","tag-operaatio","tag-pakarat","tag-petra","tag-seiska","tag-sonja-aiello","tag-suomi","tag-terveys","tag-toimittaja","tag-vaikuttaja","tag-viihde"],"share_on_mastodon":{"url":"https:\/\/pubeurope.com\/@fi\/116927245059886275","error":""},"_links":{"self":[{"href":"https:\/\/www.europesays.com\/fi\/wp-json\/wp\/v2\/posts\/302082","targetHints":{"allow":["GET"]}}],"collection":[{"href":"https:\/\/www.europesays.com\/fi\/wp-json\/wp\/v2\/posts"}],"about":[{"href":"https:\/\/www.europesays.com\/fi\/wp-json\/wp\/v2\/types\/post"}],"author":[{"embeddable":true,"href":"https:\/\/www.europesays.com\/fi\/wp-json\/wp\/v2\/users\/2"}],"replies":[{"embeddable":true,"href":"https:\/\/www.europesays.com\/fi\/wp-json\/wp\/v2\/comments?post=302082"}],"version-history":[{"count":0,"href":"https:\/\/www.europesays.com\/fi\/wp-json\/wp\/v2\/posts\/302082\/revisions"}],"wp:featuredmedia":[{"embeddable":true,"href":"https:\/\/www.europesays.com\/fi\/wp-json\/wp\/v2\/media\/302083"}],"wp:attachment":[{"href":"https:\/\/www.europesays.com\/fi\/wp-json\/wp\/v2\/media?parent=302082"}],"wp:term":[{"taxonomy":"category","embeddable":true,"href":"https:\/\/www.europesays.com\/fi\/wp-json\/wp\/v2\/categories?post=302082"},{"taxonomy":"post_tag","embeddable":true,"href":"https:\/\/www.europesays.com\/fi\/wp-json\/wp\/v2\/tags?post=302082"}],"curies":[{"name":"wp","href":"https:\/\/api.w.org\/{rel}","templated":true}]}}