{"id":30214,"date":"2025-09-09T18:58:08","date_gmt":"2025-09-09T18:58:08","guid":{"rendered":"https:\/\/www.europesays.com\/fi\/30214\/"},"modified":"2025-09-09T18:58:08","modified_gmt":"2025-09-09T18:58:08","slug":"ihminen-kuollut-oudosti-helsingissa","status":"publish","type":"post","link":"https:\/\/www.europesays.com\/fi\/30214\/","title":{"rendered":"Ihminen kuollut oudosti Helsingiss\u00e4"},"content":{"rendered":"<p>Merivartioston mukaan ep\u00e4selv\u00e4ss\u00e4 onnettomuudessa kuoli yksi ihminen.<\/p>\n<p><img decoding=\"async\" class=\"image image-show image-preview\" src=\"https:\/\/www.europesays.com\/fi\/wp-content\/uploads\/2025\/09\/3b84b20c2f3b3b24b2533d521a7b63df05c3de06f87be653d035d5f6c06dea3d.jpg\" alt=\"\"\/><img decoding=\"async\" class=\"image image-show\" src=\"https:\/\/www.europesays.com\/fi\/wp-content\/uploads\/2025\/09\/1757444288_169_3b84b20c2f3b3b24b2533d521a7b63df05c3de06f87be653d035d5f6c06dea3d.jpg\" alt=\"\"\/><\/p>\n<p>Arkistokuva Merivartioston aluksesta. Sasu Makinen<\/p>\n<p class=\"paragraph\">Merivartiosto kertoo viestipalvelu X:ss\u00e4, ett\u00e4 merivartiosto sai tiistai-iltana teht\u00e4v\u00e4n ihmisen pelastamiseksi vedest\u00e4 Helsingiss\u00e4.<\/p>\n<p class=\"paragraph\">\u2013 Ep\u00e4selv\u00e4ss\u00e4 onnettomuudessa menehtyi yksi henkil\u00f6. Teht\u00e4v\u00e4ll\u00e4 oli mukana Merivartiosto, Helsingin pelastuslaitos ja Helsingin poliisi.<\/p>\n<p class=\"paragraph\">Merivartioston mukaan poliisi jatkaa tapauksen tutkimista ja vastaa jatkotiedottamisesta.<\/p>\n<p class=\"paragraph\">Helsingin poliisilaitoksen johtokeskuksesta kerrotaan Iltalehdelle, ett\u00e4 sivulliset olivat havainneet elottoman ihmisen vedess\u00e4 ja t\u00e4m\u00e4n l\u00e4hist\u00f6ll\u00e4 tyhj\u00e4n veneen.<\/p>\n<p class=\"paragraph\">Johtokeskuksesta kerrotaan Iltalehdelle, ett\u00e4 poliisi sai teht\u00e4v\u00e4n hieman ennen kahdeksaa tiistai-iltana. Pelastuslaitoksen tiedotteessa teht\u00e4v\u00e4n sijainniksi on kirjattu Repossaarentie, joka sijaitsee Helsingin Laajasalossa.<\/p>\n<p class=\"paragraph\">Poliisin mukaan asiassa ei ep\u00e4ill\u00e4 rikosta, vaan jonkinlaista tapaturmaa. Asiassa k\u00e4ynnistet\u00e4\u00e4n todenn\u00e4k\u00f6isesti kuolemansyyn tutkinta, Helsingin poliisin johtokeskuksesta kerrotaan.<\/p>\n<p class=\"paragraph\">Ilmatieteen laitoksen mukaan Helsingin Harmajan s\u00e4\u00e4asemalla oli kello yhdeks\u00e4n j\u00e4lkeen tiistai-iltana 18 astetta l\u00e4mmint\u00e4 ja hyv\u00e4 n\u00e4kyvyys. Tuulen nopeus oli 6 metri\u00e4 sekunnissa, ja puuskissa 8 metri\u00e4 sekunnissa.<\/p>\n","protected":false},"excerpt":{"rendered":"Merivartioston mukaan ep\u00e4selv\u00e4ss\u00e4 onnettomuudessa kuoli yksi ihminen. Arkistokuva Merivartioston aluksesta. Sasu Makinen Merivartiosto kertoo viestipalvelu X:ss\u00e4, ett\u00e4 merivartiosto&hellip;\n","protected":false},"author":2,"featured_media":30215,"comment_status":"","ping_status":"","sticky":false,"template":"","format":"standard","meta":{"footnotes":""},"categories":[5],"tags":[35,22,23,26,27,33,31,30,17,24,25,28,29,15,18,21,122,54,878,32,19,20,546,4280,16],"class_list":{"0":"post-30214","1":"post","2":"type-post","3":"status-publish","4":"format-standard","5":"has-post-thumbnail","7":"category-otsikot","8":"tag-24h","9":"tag-breaking-news","10":"tag-breakingnews","11":"tag-featured-news","12":"tag-featurednews","13":"tag-fi","14":"tag-finland","15":"tag-finnish","16":"tag-headlines","17":"tag-latest-news","18":"tag-latestnews","19":"tag-main-news","20":"tag-mainnews","21":"tag-news","22":"tag-otsikot","23":"tag-paauutiset","24":"tag-pelastaminen","25":"tag-pelastuspalvelut","26":"tag-puolustus-ja-rajavalvonta-maanpuolustus","27":"tag-suomi","28":"tag-top-stories","29":"tag-topstories","30":"tag-turvallisuus","31":"tag-ulkoasiain-hallinto-maanpuolustus-ja-jarjestystoimi","32":"tag-uutiset"},"share_on_mastodon":{"url":"","error":""},"_links":{"self":[{"href":"https:\/\/www.europesays.com\/fi\/wp-json\/wp\/v2\/posts\/30214","targetHints":{"allow":["GET"]}}],"collection":[{"href":"https:\/\/www.europesays.com\/fi\/wp-json\/wp\/v2\/posts"}],"about":[{"href":"https:\/\/www.europesays.com\/fi\/wp-json\/wp\/v2\/types\/post"}],"author":[{"embeddable":true,"href":"https:\/\/www.europesays.com\/fi\/wp-json\/wp\/v2\/users\/2"}],"replies":[{"embeddable":true,"href":"https:\/\/www.europesays.com\/fi\/wp-json\/wp\/v2\/comments?post=30214"}],"version-history":[{"count":0,"href":"https:\/\/www.europesays.com\/fi\/wp-json\/wp\/v2\/posts\/30214\/revisions"}],"wp:featuredmedia":[{"embeddable":true,"href":"https:\/\/www.europesays.com\/fi\/wp-json\/wp\/v2\/media\/30215"}],"wp:attachment":[{"href":"https:\/\/www.europesays.com\/fi\/wp-json\/wp\/v2\/media?parent=30214"}],"wp:term":[{"taxonomy":"category","embeddable":true,"href":"https:\/\/www.europesays.com\/fi\/wp-json\/wp\/v2\/categories?post=30214"},{"taxonomy":"post_tag","embeddable":true,"href":"https:\/\/www.europesays.com\/fi\/wp-json\/wp\/v2\/tags?post=30214"}],"curies":[{"name":"wp","href":"https:\/\/api.w.org\/{rel}","templated":true}]}}