{"id":302322,"date":"2026-07-16T09:19:21","date_gmt":"2026-07-16T09:19:21","guid":{"rendered":"https:\/\/www.europesays.com\/fi\/302322\/"},"modified":"2026-07-16T09:19:21","modified_gmt":"2026-07-16T09:19:21","slug":"pielinen-on-suomen-suurin-saannostelematon-jarvi-pian-ilmastonmuutos-voi-muuttaa-asian-pohjois-karjala","status":"publish","type":"post","link":"https:\/\/www.europesays.com\/fi\/302322\/","title":{"rendered":"Pielinen on Suomen suurin s\u00e4\u00e4nn\u00f6s\u00adtele\u00adm\u00e4t\u00f6n j\u00e4rvi \u2013 pian ilmastonmuutos voi muuttaa asian | Pohjois-Karjala"},"content":{"rendered":"<p class=\"aw__sc-1qwuw0s-0 aw__sc-1vg2sqm-0 epAWpq ecELkD yle__article__paragraph\">Elinvoima\u00adkeskus selvitt\u00e4\u00e4 Pielisen s\u00e4\u00e4nn\u00f6stely\u00e4 ja sen kustannuksia. Kunnat ottavat asiaan kantaa jo t\u00e4n\u00e4 vuonna.<\/p>\n<p><img decoding=\"async\" alt=\"Ilmakuva Kolin maisemista, jossa n\u00e4kyy harjuja, mets\u00e4\u00e4 ja j\u00e4rvi.\" src=\"https:\/\/www.europesays.com\/fi\/wp-content\/uploads\/2026\/07\/1782288618.jpeg\" class=\"aw__sc-dklauk-0 LPzKX\"\/><\/p>\n<p>Avaa kuvien katselu<\/p>\n<p>Pielisen pinnan heilahtelut ovat puhuttaneet jo yli 50 vuotta. J\u00e4rvi kuuluu erottamattomasti Kolin kansallismaisemaan. Kuva: Patrik Molander \/ Yle<\/p>\n<ul class=\"aw__sc-1yb43iq-0 gFXHv yle__article__list yle__article__list--ul\">\n<li class=\"aw__sc-1yb43iq-1 gVAzbt\">Pielisen s\u00e4\u00e4nn\u00f6stelyst\u00e4 on tekeill\u00e4 selvitys, joka valmistuu syksyll\u00e4. Selvitys tehtiin, jotta rantakunnat voivat ottaa kantaa asiaan.<\/li>\n<li class=\"aw__sc-1yb43iq-1 gVAzbt\">Ilmastonmuutos on lis\u00e4nnyt s\u00e4\u00e4nn\u00f6stelypainetta. Vedenpinnat ovat olleet poikkeuksellisen alhaalla.<\/li>\n<li class=\"aw__sc-1yb43iq-1 gVAzbt\">Pielinen on Suomen suurin s\u00e4\u00e4nn\u00f6stelem\u00e4t\u00f6n j\u00e4rvi. S\u00e4\u00e4nn\u00f6stely\u00e4 on yritetty tuloksetta 1960-luvulta.<\/li>\n<\/ul>\n<p class=\"aw__sc-1qwuw0s-0 aw__sc-ngllmo-0 epAWpq fzYpjk yle__article__paragraph\">Ilmastonmuutos on lis\u00e4nnyt painetta Pielisen s\u00e4\u00e4nn\u00f6stelyyn Pohjois-Karjalassa.<\/p>\n<p class=\"aw__sc-1qwuw0s-0 aw__sc-ngllmo-0 epAWpq fzYpjk yle__article__paragraph\">Elinvoimakeskuksen vesiasiantuntija <strong class=\"aw__sc-ngllmo-2 gdRrun yle__article__strong\">Teppo Linjama<\/strong> sanoo, ett\u00e4 ilmastonmuutoksen vaikutukset ovat olleet n\u00e4ht\u00e4viss\u00e4 vesist\u00f6ss\u00e4 2010-luvulta l\u00e4htien.<\/p>\n<p class=\"aw__sc-1qwuw0s-0 aw__sc-ngllmo-0 epAWpq fzYpjk yle__article__paragraph\">\u2013 Takana on kuivia kesi\u00e4 ja syksyj\u00e4, jolloin vedenpinnat ovat laskeneet todella alas. T\u00e4m\u00e4 on lis\u00e4nnyt painetta s\u00e4\u00e4nn\u00f6stelyn edist\u00e4miseksi, Linjama sanoo.<\/p>\n<p class=\"aw__sc-1qwuw0s-0 aw__sc-ngllmo-0 epAWpq fzYpjk yle__article__paragraph\">Pielisen pinta on ollut t\u00e4n\u00e4 vuonna jo toista kes\u00e4\u00e4 per\u00e4kk\u00e4in poikkeuksellisen alhaalla. Kerroimme tiistaina, kuinka K<a class=\"aw__sc-ngllmo-1 bTDnwX yle__article__link\" href=\"https:\/\/yle.fi\/a\/74-20235205\" role=\"link\" rel=\"nofollow noopener\" target=\"_blank\">olin salainen helmi<\/a> on nyt kaikkien l\u00f6ydett\u00e4viss\u00e4 vedenpinnan laskun takia.<\/p>\n<p><img decoding=\"async\" alt=\"Suurella j\u00e4rvell\u00e4 pitk\u00e4 ja kapea nimi, jonka keskiosa kapea ja kivinen. Aurinkoinen kes\u00e4p\u00e4iv\u00e4.\" src=\"https:\/\/www.europesays.com\/fi\/wp-content\/uploads\/2026\/07\/1783683939.jpeg\" loading=\"lazy\" class=\"aw__sc-dklauk-0 LPzKX\"\/><\/p>\n<p>Avaa kuvien katselu<\/p>\n<p>T\u00e4n\u00e4 kes\u00e4n\u00e4 Kaiskunniemeen on p\u00e4\u00e4ssyt kulkemaan kuivin jaloin. Kun Pielisen pinta on korkealla, hiekkaharjun yli voi ajaa moottoriveneell\u00e4. Kuva: Heikki Haapalainen \/ Yle<\/p>\n<p class=\"aw__sc-1qwuw0s-0 aw__sc-ngllmo-0 epAWpq fzYpjk yle__article__paragraph\">Pielinen on Suomen suurin s\u00e4\u00e4nn\u00f6stelem\u00e4t\u00f6n j\u00e4rvi. Se sijaitsee Pohjois-Karjalassa ja ulottuu Joensuun, Nurmeksen, Lieksan ja Juuan kuntien alueelle. S\u00e4\u00e4nn\u00f6stely vaikuttaisi my\u00f6s j\u00e4rven alapuoliseen Pielisjokeen, jolloin rantakuntien joukkoon kuuluu my\u00f6s Kontiolahti.<\/p>\n<p class=\"aw__sc-1qwuw0s-0 aw__sc-ngllmo-0 epAWpq fzYpjk yle__article__paragraph\">Pielisen s\u00e4\u00e4nn\u00f6stely tarkoittaisi sit\u00e4, ett\u00e4 Pielisjoessa olevat kaksi voimalaitosta saisivat s\u00e4\u00e4dell\u00e4, miten paljon ne p\u00e4\u00e4st\u00e4v\u00e4t vett\u00e4 patojen l\u00e4pi.<\/p>\n<p class=\"aw__sc-1qwuw0s-0 aw__sc-ngllmo-0 epAWpq fzYpjk yle__article__paragraph\">Nykyisin Pielisjoen luontaisesta virtaamasta poikkeaminen eli poikkeusjuoksutus on vaatinut erillisen luvan viranomaisilta.<\/p>\n<p>Kunnilta p\u00e4\u00e4t\u00f6ksi\u00e4 jo t\u00e4n\u00e4 vuonna<\/p>\n<p class=\"aw__sc-1qwuw0s-0 aw__sc-ngllmo-0 epAWpq fzYpjk yle__article__paragraph\">Keskustelut Pielisen s\u00e4\u00e4nn\u00f6stelyst\u00e4 k\u00e4ynnistyiv\u00e4t uudelleen pari vuotta sitten. Rantakuntien kanssa on neuvoteltu vuoden ajan.<\/p>\n<p class=\"aw__sc-1qwuw0s-0 aw__sc-ngllmo-0 epAWpq fzYpjk yle__article__paragraph\">Elinvoimakeskus teetti viime syksyn\u00e4 selvityksen <a class=\"aw__sc-ngllmo-1 bTDnwX yle__article__link\" href=\"https:\/\/yle.fi\/a\/74-20180407\" role=\"link\" rel=\"nofollow noopener\" target=\"_blank\">Pielisjoen virtaamasta<\/a>. Parhaillaan arvioidaan mahdollisen hankkeen kustannuksia, aikataulua ja etenemisprosessia.<\/p>\n<p class=\"aw__sc-1qwuw0s-0 aw__sc-ngllmo-0 epAWpq fzYpjk yle__article__paragraph\">\u2013 Selvitys on tarpeen, jotta kunnat pystyv\u00e4t p\u00e4\u00e4tt\u00e4m\u00e4\u00e4n oman kantansa s\u00e4\u00e4nn\u00f6stelyyn, Linjama toteaa.<\/p>\n<p class=\"aw__sc-1qwuw0s-0 aw__sc-ngllmo-0 epAWpq fzYpjk yle__article__paragraph\">Selvityksen on m\u00e4\u00e4r\u00e4 valmistua syksyll\u00e4, jotta kunnat p\u00e4\u00e4sev\u00e4t tekem\u00e4\u00e4n p\u00e4\u00e4t\u00f6ksi\u00e4 loppuvuoden aikana.<\/p>\n<p class=\"aw__sc-1qwuw0s-0 aw__sc-ngllmo-0 epAWpq fzYpjk yle__article__paragraph\"><strong class=\"aw__sc-ngllmo-2 gdRrun yle__article__strong\">Matala vedenpinta aiheutti harmia Pielisen ja Pielisjoen rannoilla my\u00f6s viime syksyn\u00e4.<\/strong><\/p>\n<p>Yle Uutiset It\u00e4-Suomi 3.9.2025. Video: Heikki Haapalainen \/ YleLyhytaikainen s\u00e4\u00e4tely kiistakapulana<\/p>\n<p class=\"aw__sc-1qwuw0s-0 aw__sc-ngllmo-0 epAWpq fzYpjk yle__article__paragraph\">Pielisen s\u00e4\u00e4nn\u00f6stely\u00e4 on selvitetty tuloksetta 1960-luvulta l\u00e4htien. Edellinen yritys kaatui rantakuntien vastustukseen vuonna 2014.<\/p>\n<p class=\"aw__sc-1qwuw0s-0 aw__sc-ngllmo-0 epAWpq fzYpjk yle__article__paragraph\">Teppo Linjama arvioi tilanteen olevan nyt toinen. Syit\u00e4 siihen on useita.<\/p>\n<p class=\"aw__sc-1qwuw0s-0 aw__sc-ngllmo-0 epAWpq fzYpjk yle__article__paragraph\">Ilmastonmuutoksen vaikutukset n\u00e4kyv\u00e4t. Lis\u00e4ksi energiamarkkinat ovat muuttuneet. Tuuli- ja aurinkoenergian kasvu on lis\u00e4nnyt s\u00e4\u00e4t\u00f6s\u00e4hk\u00f6n tarvetta. Samalla huoltovarmuudesta on tullut entist\u00e4 t\u00e4rke\u00e4mp\u00e4\u00e4.<\/p>\n<p class=\"aw__sc-1qwuw0s-0 aw__sc-ngllmo-0 epAWpq fzYpjk yle__article__paragraph\">Aiemmin Pielisjoen lyhytaikainen s\u00e4\u00e4tely on aiheuttanut kitkaa.<\/p>\n<p class=\"aw__sc-1qwuw0s-0 aw__sc-ngllmo-0 epAWpq fzYpjk yle__article__paragraph\">\u2013 Pielisen s\u00e4\u00e4nn\u00f6stely\u00e4 itsess\u00e4\u00e4n ei juurikaan vastusteta, sill\u00e4 siit\u00e4 olisi hy\u00f6ty\u00e4 j\u00e4rvelle ilman merkitt\u00e4v\u00e4\u00e4 haittaa alapuoliselle vesist\u00f6lle. Virtaaman lyhytaikainen s\u00e4\u00e4tely vaatii enemm\u00e4n yhteensovittamista esimerkiksi virkistysk\u00e4yt\u00f6n kanssa, Linjama sanoo.<\/p>\n<p class=\"aw__sc-1qwuw0s-0 aw__sc-ngllmo-0 epAWpq fzYpjk yle__article__paragraph\"><strong class=\"aw__sc-ngllmo-2 gdRrun yle__article__strong\">Kev\u00e4ttulva nosti Pielisen pinnan korkealle, kertoo Ylen uutisjuttu toukokuulta 2015.<\/strong><\/p>\n<p>Yle Uutiset It\u00e4-Suomi 20.5.2015 Video: Heikki Haapalainen \/ YleVaelluskalat otettava huomioon<\/p>\n<p class=\"aw__sc-1qwuw0s-0 aw__sc-ngllmo-0 epAWpq fzYpjk yle__article__paragraph\">Lyhytaikainen s\u00e4\u00e4nn\u00f6stely antaisi voimalaitoksille luvan vaihdella Pielisjoen virtaamaa vuorokauden tai viikon sis\u00e4ll\u00e4. Alajuoksulla t\u00e4m\u00e4 n\u00e4kyisi vedenpinnan heilahteluna.<\/p>\n<p class=\"aw__sc-1qwuw0s-0 aw__sc-ngllmo-0 epAWpq fzYpjk yle__article__paragraph\">\u2013 Pielisjoella s\u00e4\u00e4nn\u00f6stely\u00e4 suunnitellaan kuitenkin huomattavasti maltillisempana kuin Kemijoen tai Kokem\u00e4enjoen kaltaisissa suurissa voimalaitosvesist\u00f6iss\u00e4, Linjama painottaa.<\/p>\n<p class=\"aw__sc-1qwuw0s-0 aw__sc-ngllmo-0 epAWpq fzYpjk yle__article__paragraph\">Voimalaitokset hakivat lupaa lis\u00e4juoksutuksiin jo pari vuotta sitten s\u00e4hk\u00f6pulan varalta. Aluehallintovirasto <a class=\"aw__sc-ngllmo-1 bTDnwX yle__article__link\" href=\"https:\/\/yle.fi\/a\/74-20100865\" role=\"link\" rel=\"nofollow noopener\" target=\"_blank\">hylk\u00e4si hakemuksen<\/a> vedoten rantojen eroosioon sek\u00e4 uhanalaisten j\u00e4rvilohien ja -taimenien elinolosuhteisiin.<\/p>\n<p class=\"aw__sc-1qwuw0s-0 aw__sc-ngllmo-0 epAWpq fzYpjk yle__article__paragraph\">Linjaman mukaan vaelluskalat on otettu uudessa hankkeessa huomioon alusta asti.<\/p>\n<p class=\"aw__sc-1qwuw0s-0 aw__sc-ngllmo-0 epAWpq fzYpjk yle__article__paragraph\">\u2013 Saimaan j\u00e4rvilohen ja j\u00e4rvitaimenen elinolosuhteiden huomattava parantaminen on yksi koko hankkeen ehdottomista edellytyksist\u00e4.<\/p>\n<p><img decoding=\"async\" alt=\"Ilmakuvassa Kuurnan voimalaitos ja kanava aurinkoisena kes\u00e4p\u00e4iv\u00e4n\u00e4.\" src=\"https:\/\/www.europesays.com\/fi\/wp-content\/uploads\/2026\/07\/1757486344.jpeg\" loading=\"lazy\" class=\"aw__sc-dklauk-0 LPzKX\"\/><\/p>\n<p>Avaa kuvien katselu<\/p>\n<p>Pielisjoella on kaksi voimalaitosta. Kuvan Kuurnan voimalaitoksen omistavat Pohjois-Karjalan S\u00e4hk\u00f6 ja Joensuun kaupunki. Kaltimon voimalaitoksen omistaa UPM Energy Oy. Kuva: Heikki Haapalainen \/ YleEdess\u00e4 vuosien prosessi<\/p>\n<p class=\"aw__sc-1qwuw0s-0 aw__sc-ngllmo-0 epAWpq fzYpjk yle__article__paragraph\">Vaikka Pielisen ja Pielisjoen viisi rantakuntaa n\u00e4ytt\u00e4isiv\u00e4t vihre\u00e4\u00e4 valoa, s\u00e4\u00e4nn\u00f6stelyn aloittamiseen on viel\u00e4 pitk\u00e4 matka.<\/p>\n<p class=\"aw__sc-1qwuw0s-0 aw__sc-ngllmo-0 epAWpq fzYpjk yle__article__paragraph\">Hanke vaatii muun muassa ymp\u00e4rist\u00f6vaikutusten arvioinnin ja uuden vesiluvan.<\/p>\n<p class=\"aw__sc-1qwuw0s-0 aw__sc-ngllmo-0 epAWpq fzYpjk yle__article__paragraph\">Linjaman mukaan edess\u00e4 on vuosien prosessi. S\u00e4\u00e4nn\u00f6stely ei my\u00f6sk\u00e4\u00e4n ratkaise kaikkia ilmastonmuutoksen tuomia haasteita.<\/p>\n<p class=\"aw__sc-1qwuw0s-0 aw__sc-ngllmo-0 epAWpq fzYpjk yle__article__paragraph\">\u2013 S\u00e4\u00e4nn\u00f6stelyll\u00e4 ja juoksutuksilla voidaan tehd\u00e4 paljon, mutta my\u00f6s vesist\u00f6n virkistysk\u00e4ytt\u00e4jien oma sopeutuminen on isossa roolissa, Linjama sanoo.<\/p>\n","protected":false},"excerpt":{"rendered":"Elinvoima\u00adkeskus selvitt\u00e4\u00e4 Pielisen s\u00e4\u00e4nn\u00f6stely\u00e4 ja sen kustannuksia. Kunnat ottavat asiaan kantaa jo t\u00e4n\u00e4 vuonna. Avaa kuvien katselu Pielisen&hellip;\n","protected":false},"author":2,"featured_media":302323,"comment_status":"","ping_status":"","sticky":false,"template":"","format":"standard","meta":{"footnotes":"","_share_on_mastodon":"0"},"categories":[112],"tags":[33,31,30,1133,2947,1255,72,1360,14169,1137,118,32,119],"class_list":["post-302322","post","type-post","status-publish","format-standard","has-post-thumbnail","category-tiede","tag-fi","tag-finland","tag-finnish","tag-joensuu","tag-juuka","tag-lieksa","tag-luonto","tag-nurmes","tag-pielinen","tag-pohjois-karjala","tag-science","tag-suomi","tag-tiede"],"share_on_mastodon":{"url":"https:\/\/pubeurope.com\/@fi\/116928916568085292","error":""},"_links":{"self":[{"href":"https:\/\/www.europesays.com\/fi\/wp-json\/wp\/v2\/posts\/302322","targetHints":{"allow":["GET"]}}],"collection":[{"href":"https:\/\/www.europesays.com\/fi\/wp-json\/wp\/v2\/posts"}],"about":[{"href":"https:\/\/www.europesays.com\/fi\/wp-json\/wp\/v2\/types\/post"}],"author":[{"embeddable":true,"href":"https:\/\/www.europesays.com\/fi\/wp-json\/wp\/v2\/users\/2"}],"replies":[{"embeddable":true,"href":"https:\/\/www.europesays.com\/fi\/wp-json\/wp\/v2\/comments?post=302322"}],"version-history":[{"count":0,"href":"https:\/\/www.europesays.com\/fi\/wp-json\/wp\/v2\/posts\/302322\/revisions"}],"wp:featuredmedia":[{"embeddable":true,"href":"https:\/\/www.europesays.com\/fi\/wp-json\/wp\/v2\/media\/302323"}],"wp:attachment":[{"href":"https:\/\/www.europesays.com\/fi\/wp-json\/wp\/v2\/media?parent=302322"}],"wp:term":[{"taxonomy":"category","embeddable":true,"href":"https:\/\/www.europesays.com\/fi\/wp-json\/wp\/v2\/categories?post=302322"},{"taxonomy":"post_tag","embeddable":true,"href":"https:\/\/www.europesays.com\/fi\/wp-json\/wp\/v2\/tags?post=302322"}],"curies":[{"name":"wp","href":"https:\/\/api.w.org\/{rel}","templated":true}]}}