{"id":302673,"date":"2026-07-16T20:40:08","date_gmt":"2026-07-16T20:40:08","guid":{"rendered":"https:\/\/www.europesays.com\/fi\/302673\/"},"modified":"2026-07-16T20:40:08","modified_gmt":"2026-07-16T20:40:08","slug":"naista-ja-koiraa-puukotettiin-asunnossa-sipoossa-poliisi-etsii-epailtya-uusimaa","status":"publish","type":"post","link":"https:\/\/www.europesays.com\/fi\/302673\/","title":{"rendered":"Naista ja koiraa puukotettiin asunnossa Sipoossa, poliisi etsii ep\u00e4ilty\u00e4 | Uusimaa"},"content":{"rendered":"<p class=\"aw__sc-1qwuw0s-0 aw__sc-1vg2sqm-0 epAWpq ecELkD yle__article__paragraph\">Tekij\u00e4\u00e4 ei tavoitettu. Samoihin aikoihin l\u00e4heisen j\u00e4rven rannalta l\u00f6ytyi vaatteita ja pelastuslaitos teki etsint\u00f6j\u00e4 vedest\u00e4.<\/p>\n<p>21:53\u2022P\u00e4ivitetty 21:54<\/p>\n<p class=\"aw__sc-1qwuw0s-0 aw__sc-ngllmo-0 epAWpq fzYpjk yle__article__paragraph\">Poliisi tutkii, liittyyk\u00f6 torstai-iltap\u00e4iv\u00e4ll\u00e4 Sipoon S\u00f6derkullassa tapahtunut v\u00e4kivaltarikos ja l\u00e4heisell\u00e4 Taasj\u00e4rvell\u00e4 illalla suoritetut etsinn\u00e4t toisiinsa.<\/p>\n<p class=\"aw__sc-1qwuw0s-0 aw__sc-ngllmo-0 epAWpq fzYpjk yle__article__paragraph\">Iltap\u00e4iv\u00e4ll\u00e4 h\u00e4t\u00e4keskukseen tuli ilmoitus, ett\u00e4 naista ja koiraa olisi puukotettu yksityisasunnossa. Paikalle saapuneet partiot tapasivat paikalla rikoksen uhrin, ja h\u00e4net kuljetettiin jatkohoitoon.<\/p>\n<p class=\"aw__sc-1qwuw0s-0 aw__sc-ngllmo-0 epAWpq fzYpjk yle__article__paragraph\"><a class=\"aw__sc-ngllmo-1 bTDnwX yle__article__link\" href=\"https:\/\/poliisi.fi\/-\/poliisi-tutkii-torkeaa-pahoinpitelya-sipoossa\" role=\"link\" rel=\"nofollow noopener\" target=\"_blank\">Poliisin tietojen mukaan<\/a> h\u00e4nen vammansa eiv\u00e4t ole vakavia. Oletettavasti loukkaantunut koira oli paennut tapahtumapaikalta ennen partioiden saapumista.<\/p>\n<p class=\"aw__sc-1qwuw0s-0 aw__sc-ngllmo-0 epAWpq fzYpjk yle__article__paragraph\">Tekij\u00e4 ja uhri tunsivat toisensa entuudestaan. Tapahtumasta ei aiheudu vaaraa sivullisille.<\/p>\n<p class=\"aw__sc-1qwuw0s-0 aw__sc-ngllmo-0 epAWpq fzYpjk yle__article__paragraph\">Ep\u00e4ilty tekij\u00e4 oli poistunut paikalta ennen partioiden saapumista. H\u00e4nen henkil\u00f6llisyytens\u00e4 on poliisin tiedossa. Poliisi jatkaa tekij\u00e4n tavoittelua.<\/p>\n<p class=\"aw__sc-1qwuw0s-0 aw__sc-ngllmo-0 epAWpq fzYpjk yle__article__paragraph\">It\u00e4-Uudenmaan poliisilaitos tutkii tapausta t\u00f6rke\u00e4n\u00e4 pahoinpitelyn\u00e4 sek\u00e4 el\u00e4insuojelurikoksena.<\/p>\n<p class=\"aw__sc-1qwuw0s-0 aw__sc-ngllmo-0 epAWpq fzYpjk yle__article__paragraph\">My\u00f6hemmin iltap\u00e4iv\u00e4ll\u00e4 Taasj\u00e4rven rannasta Sipoosta l\u00f6ydettiin vaatteita. T\u00e4m\u00e4n vuoksi viranomaiset tekiv\u00e4t illalla j\u00e4rvell\u00e4 etsint\u00f6j\u00e4 mahdollisesti vedenvaraan joutuneesta henkil\u00f6st\u00e4.<\/p>\n<p class=\"aw__sc-1qwuw0s-0 aw__sc-ngllmo-0 epAWpq fzYpjk yle__article__paragraph\">Poliisi selvitt\u00e4\u00e4, liittyyk\u00f6 l\u00f6yt\u00f6 mahdollisesti iltap\u00e4iv\u00e4n v\u00e4kivaltateht\u00e4v\u00e4\u00e4n.<\/p>\n<p class=\"aw__sc-1qwuw0s-0 aw__sc-ngllmo-0 epAWpq fzYpjk yle__article__paragraph\">Asiasta kertoi aiemmin <a class=\"aw__sc-ngllmo-1 bTDnwX yle__article__link\" href=\"https:\/\/www.iltalehti.fi\/kotimaa\/a\/37c10940-ada7-4356-a1c7-adda3e58cb3e\" role=\"link\" rel=\"nofollow noopener\" target=\"_blank\">Iltalehti<\/a>.<\/p>\n","protected":false},"excerpt":{"rendered":"Tekij\u00e4\u00e4 ei tavoitettu. Samoihin aikoihin l\u00e4heisen j\u00e4rven rannalta l\u00f6ytyi vaatteita ja pelastuslaitos teki etsint\u00f6j\u00e4 vedest\u00e4. 21:53\u2022P\u00e4ivitetty 21:54 Poliisi&hellip;\n","protected":false},"author":2,"featured_media":302674,"comment_status":"","ping_status":"","sticky":false,"template":"","format":"standard","meta":{"footnotes":"","_share_on_mastodon":"0"},"categories":[12],"tags":[22,23,26,27,33,31,30,17,71,24,25,28,29,15,18,21,52,581,2293,32,19,20,1168,16],"class_list":["post-302673","post","type-post","status-publish","format-standard","has-post-thumbnail","category-suomi","tag-breaking-news","tag-breakingnews","tag-featured-news","tag-featurednews","tag-fi","tag-finland","tag-finnish","tag-headlines","tag-kotimaa","tag-latest-news","tag-latestnews","tag-main-news","tag-mainnews","tag-news","tag-otsikot","tag-paauutiset","tag-poliisi","tag-rikokset","tag-sipoo","tag-suomi","tag-top-stories","tag-topstories","tag-uusimaa","tag-uutiset"],"share_on_mastodon":{"url":"https:\/\/pubeurope.com\/@fi\/116931593843614874","error":""},"_links":{"self":[{"href":"https:\/\/www.europesays.com\/fi\/wp-json\/wp\/v2\/posts\/302673","targetHints":{"allow":["GET"]}}],"collection":[{"href":"https:\/\/www.europesays.com\/fi\/wp-json\/wp\/v2\/posts"}],"about":[{"href":"https:\/\/www.europesays.com\/fi\/wp-json\/wp\/v2\/types\/post"}],"author":[{"embeddable":true,"href":"https:\/\/www.europesays.com\/fi\/wp-json\/wp\/v2\/users\/2"}],"replies":[{"embeddable":true,"href":"https:\/\/www.europesays.com\/fi\/wp-json\/wp\/v2\/comments?post=302673"}],"version-history":[{"count":0,"href":"https:\/\/www.europesays.com\/fi\/wp-json\/wp\/v2\/posts\/302673\/revisions"}],"wp:featuredmedia":[{"embeddable":true,"href":"https:\/\/www.europesays.com\/fi\/wp-json\/wp\/v2\/media\/302674"}],"wp:attachment":[{"href":"https:\/\/www.europesays.com\/fi\/wp-json\/wp\/v2\/media?parent=302673"}],"wp:term":[{"taxonomy":"category","embeddable":true,"href":"https:\/\/www.europesays.com\/fi\/wp-json\/wp\/v2\/categories?post=302673"},{"taxonomy":"post_tag","embeddable":true,"href":"https:\/\/www.europesays.com\/fi\/wp-json\/wp\/v2\/tags?post=302673"}],"curies":[{"name":"wp","href":"https:\/\/api.w.org\/{rel}","templated":true}]}}