{"id":302725,"date":"2026-07-16T22:24:24","date_gmt":"2026-07-16T22:24:24","guid":{"rendered":"https:\/\/www.europesays.com\/fi\/302725\/"},"modified":"2026-07-16T22:24:24","modified_gmt":"2026-07-16T22:24:24","slug":"matkailulinja-auto-tuhoutui-tulipalossa-kiuruvedentiella-iisalmessa-pohjois-savo","status":"publish","type":"post","link":"https:\/\/www.europesays.com\/fi\/302725\/","title":{"rendered":"Matkailulinja-auto tuhoutui tulipalossa Kiuruveden\u00adtiell\u00e4 Iisalmessa | Pohjois-Savo"},"content":{"rendered":"<p class=\"aw__sc-1qwuw0s-0 aw__sc-1vg2sqm-0 epAWpq ecELkD yle__article__paragraph\">Autopalossa ei aiheutunut henkil\u00f6\u00advahinkoja.<\/p>\n<p><img decoding=\"async\" alt=\"Pohjois-Savon Pelastuslaitoksen logo paloauton kyljess\u00e4.\" src=\"https:\/\/www.europesays.com\/fi\/wp-content\/uploads\/2026\/07\/1712571241.jpeg\" class=\"aw__sc-dklauk-0 LPzKX\"\/><\/p>\n<p>Avaa kuvien katselu<\/p>\n<p>Pohjois-Savon pelastuslaitos sai torstaina kello 17.30 h\u00e4lytyksen liikennev\u00e4linepalosta Kiuruvedentiell\u00e4. Kuva: Sami Takkinen \/ Yle<\/p>\n<p class=\"aw__sc-1qwuw0s-0 aw__sc-ngllmo-0 epAWpq fzYpjk yle__article__paragraph\">Matkailuautoksi muunneltu linja-auto tuhoutui torstaina alkuillasta tulipalossa Kiuruvedentiell\u00e4 Iisalmessa.<\/p>\n<p class=\"aw__sc-1qwuw0s-0 aw__sc-ngllmo-0 epAWpq fzYpjk yle__article__paragraph\">Auton kyydiss\u00e4 olleet henkil\u00f6t huomasivat palon ja pys\u00e4k\u00f6iv\u00e4t auton l\u00e4heiselle linja-autopys\u00e4kille. He yrittiv\u00e4t alkusammutusta ensin itse, mutta palo p\u00e4\u00e4si levi\u00e4m\u00e4\u00e4n. Auto tuhoutui palossa t\u00e4ysin.<\/p>\n<p class=\"aw__sc-1qwuw0s-0 aw__sc-ngllmo-0 epAWpq fzYpjk yle__article__paragraph\">Vanhempi pelastaja <strong class=\"aw__sc-ngllmo-2 gdRrun yle__article__strong\">Marko Marjoniemi<\/strong> kertoo, ett\u00e4 alustavan arvion mukaan palo sai alkunsa linja-auton moottoritilasta.<\/p>\n<p class=\"aw__sc-1qwuw0s-0 aw__sc-ngllmo-0 epAWpq fzYpjk yle__article__paragraph\">Matkailulinja-autossa oli palon syttymishetkell\u00e4 nelj\u00e4 ihmist\u00e4, jotka p\u00e4\u00e4siv\u00e4t kaikki turvaan.<\/p>\n<p class=\"aw__sc-1qwuw0s-0 aw__sc-ngllmo-0 epAWpq fzYpjk yle__article__paragraph\">Liikenne Kiuruvedentiell\u00e4 oli palopaikan kohdalla hetken aikaa suljettu liikenteelt\u00e4.<\/p>\n","protected":false},"excerpt":{"rendered":"Autopalossa ei aiheutunut henkil\u00f6\u00advahinkoja. Avaa kuvien katselu Pohjois-Savon pelastuslaitos sai torstaina kello 17.30 h\u00e4lytyksen liikennev\u00e4linepalosta Kiuruvedentiell\u00e4. Kuva: Sami&hellip;\n","protected":false},"author":2,"featured_media":302726,"comment_status":"","ping_status":"","sticky":false,"template":"","format":"standard","meta":{"footnotes":"","_share_on_mastodon":"0"},"categories":[12],"tags":[22,23,26,27,33,31,30,17,4892,24,25,28,29,82,15,837,18,21,1136,32,19,20,1265,16],"class_list":["post-302725","post","type-post","status-publish","format-standard","has-post-thumbnail","category-suomi","tag-breaking-news","tag-breakingnews","tag-featured-news","tag-featurednews","tag-fi","tag-finland","tag-finnish","tag-headlines","tag-iisalmi","tag-latest-news","tag-latestnews","tag-main-news","tag-mainnews","tag-moottoriajoneuvot","tag-news","tag-onnettomuudet","tag-otsikot","tag-paauutiset","tag-pohjois-savo","tag-suomi","tag-top-stories","tag-topstories","tag-tulipalot","tag-uutiset"],"share_on_mastodon":{"url":"https:\/\/pubeurope.com\/@fi\/116932002635738509","error":""},"_links":{"self":[{"href":"https:\/\/www.europesays.com\/fi\/wp-json\/wp\/v2\/posts\/302725","targetHints":{"allow":["GET"]}}],"collection":[{"href":"https:\/\/www.europesays.com\/fi\/wp-json\/wp\/v2\/posts"}],"about":[{"href":"https:\/\/www.europesays.com\/fi\/wp-json\/wp\/v2\/types\/post"}],"author":[{"embeddable":true,"href":"https:\/\/www.europesays.com\/fi\/wp-json\/wp\/v2\/users\/2"}],"replies":[{"embeddable":true,"href":"https:\/\/www.europesays.com\/fi\/wp-json\/wp\/v2\/comments?post=302725"}],"version-history":[{"count":0,"href":"https:\/\/www.europesays.com\/fi\/wp-json\/wp\/v2\/posts\/302725\/revisions"}],"wp:featuredmedia":[{"embeddable":true,"href":"https:\/\/www.europesays.com\/fi\/wp-json\/wp\/v2\/media\/302726"}],"wp:attachment":[{"href":"https:\/\/www.europesays.com\/fi\/wp-json\/wp\/v2\/media?parent=302725"}],"wp:term":[{"taxonomy":"category","embeddable":true,"href":"https:\/\/www.europesays.com\/fi\/wp-json\/wp\/v2\/categories?post=302725"},{"taxonomy":"post_tag","embeddable":true,"href":"https:\/\/www.europesays.com\/fi\/wp-json\/wp\/v2\/tags?post=302725"}],"curies":[{"name":"wp","href":"https:\/\/api.w.org\/{rel}","templated":true}]}}