{"id":302860,"date":"2026-07-17T03:30:20","date_gmt":"2026-07-17T03:30:20","guid":{"rendered":"https:\/\/www.europesays.com\/fi\/302860\/"},"modified":"2026-07-17T03:30:20","modified_gmt":"2026-07-17T03:30:20","slug":"uusi-rahasto-nuorille-tennislupauksille-miljoonapotissa-mukana-raskaansarjan-yritysjohtajia-urheilu","status":"publish","type":"post","link":"https:\/\/www.europesays.com\/fi\/302860\/","title":{"rendered":"Uusi rahasto nuorille tennis\u00adlupauksille \u2013 miljoonapotissa mukana raskaansarjan yritysjohtajia | Urheilu"},"content":{"rendered":"<p class=\"aw__sc-1qwuw0s-0 aw__sc-1vg2sqm-0 epAWpq ecELkD yle__article__paragraph\">Jarkko Nieminen -rahasto tukee nuoria tennislupauksia 225 000 eurolla vuodessa. Mukana ovat mm. Jorma Ollila, Mika Anttonen ja Mikko Kodisoja.<\/p>\n<p><img decoding=\"async\" alt=\"04.11.2024, Oskari Paldaniksen treeni, Talin tenniskeskus.\" src=\"https:\/\/www.europesays.com\/fi\/wp-content\/uploads\/2026\/07\/1730741886.jpeg\" class=\"aw__sc-dklauk-0 LPzKX\"\/><\/p>\n<p>Avaa kuvien katselu<\/p>\n<p>19-vuotias Oskari Paldanius voitti poikien nelinpelin mestaruuden Ranskan avoimissa ja Wimbledonissa 2025. Kuva: Grigory Vorobyev \/ Yle<\/p>\n<p>16.7. 14:00\u2022P\u00e4ivitetty 16.7. 14:06<\/p>\n<p class=\"aw__sc-1qwuw0s-0 aw__sc-ngllmo-0 epAWpq fzYpjk yle__article__paragraph\">Suomen Tenniksen Tukis\u00e4\u00e4ti\u00f6 on perustanut <strong class=\"aw__sc-ngllmo-2 gdRrun yle__article__strong\">Jarkko Niemisen<\/strong> nime\u00e4 kantavan rahaston, jolla tuetaan huipulle t\u00e4ht\u00e4\u00e4vi\u00e4 nuoria pelaajia, Tennisliitto tiedottaa.<\/p>\n<p class=\"aw__sc-1qwuw0s-0 aw__sc-ngllmo-0 epAWpq fzYpjk yle__article__paragraph\">Rahastoon on ker\u00e4tty lahjoituksina yli miljoona euroa. Pottiin ovat osallistuneet kahdeksan yksityist\u00e4 lahjoittajaa sek\u00e4 Suomen Tenniksen Tukis\u00e4\u00e4ti\u00f6.<\/p>\n<p class=\"aw__sc-1qwuw0s-0 aw__sc-ngllmo-0 epAWpq fzYpjk yle__article__paragraph\">Lahjoittajiin kuuluvat mm. Nokian entinen toimitusjohtaja <strong class=\"aw__sc-ngllmo-2 gdRrun yle__article__strong\">Jorma Ollila<\/strong>, energiayhti\u00f6 St1:n p\u00e4\u00e4omistaja <strong class=\"aw__sc-ngllmo-2 gdRrun yle__article__strong\">Mika Anttonen<\/strong> ja Supercell-ohjelmistoyrityksen perustaja <strong class=\"aw__sc-ngllmo-2 gdRrun yle__article__strong\">Mikko Kodisoja<\/strong>.<\/p>\n<p>Jarkko Nieminen -rahaston yksityiset lahjoittajat<\/p>\n<p class=\"aw__sc-1qwuw0s-0 aw__sc-ngllmo-0 epAWpq fzYpjk yle__article__paragraph\">Jorma Ollila<\/p>\n<p class=\"aw__sc-1qwuw0s-0 aw__sc-ngllmo-0 epAWpq fzYpjk yle__article__paragraph\">Mika Anttonen<\/p>\n<p class=\"aw__sc-1qwuw0s-0 aw__sc-ngllmo-0 epAWpq fzYpjk yle__article__paragraph\">Mikko Kodisoja<\/p>\n<p class=\"aw__sc-1qwuw0s-0 aw__sc-ngllmo-0 epAWpq fzYpjk yle__article__paragraph\">Jukka Roiha<\/p>\n<p class=\"aw__sc-1qwuw0s-0 aw__sc-ngllmo-0 epAWpq fzYpjk yle__article__paragraph\">Timo Soininen<\/p>\n<p class=\"aw__sc-1qwuw0s-0 aw__sc-ngllmo-0 epAWpq fzYpjk yle__article__paragraph\">Petri Lempi\u00e4inen<\/p>\n<p class=\"aw__sc-1qwuw0s-0 aw__sc-ngllmo-0 epAWpq fzYpjk yle__article__paragraph\">Janne Larma<\/p>\n<p class=\"aw__sc-1qwuw0s-0 aw__sc-ngllmo-0 epAWpq fzYpjk yle__article__paragraph\">Paul Ehnrooth<\/p>\n<p class=\"aw__sc-1qwuw0s-0 aw__sc-ngllmo-0 epAWpq fzYpjk yle__article__paragraph\">Kaikki lahjoittajat ovat sitoutuneet 25 000 euron vuosittaiseen tukeen viiden vuoden ajan. S\u00e4\u00e4ti\u00f6 jakaa vuosittain 225 000 euron tuen Jarkko Niemisen rahastosta suoraan pelaajatukena sek\u00e4 kansainv\u00e4lisen tason valmennusosaamisen hy\u00f6dynt\u00e4miseen.<\/p>\n<p class=\"aw__sc-1qwuw0s-0 aw__sc-ngllmo-0 epAWpq fzYpjk yle__article__paragraph\">Tennisliiton toimitusjohtaja <strong class=\"aw__sc-ngllmo-2 gdRrun yle__article__strong\">Teemu Purho<\/strong> kertoo, ett\u00e4 rahastosta jaettavat summat tulevat jakautumaan melko pienelle pelaajajoukolle.<\/p>\n<p class=\"aw__sc-1qwuw0s-0 aw__sc-ngllmo-0 epAWpq fzYpjk yle__article__paragraph\">\u2013 Tuki on tarkoitus kohdentaa huippulahjakkuuksille, jotka tavoittelevat huippua ja joilla on n\u00e4ytt\u00f6\u00e4 matkasta kohti ammattilaisuutta, Purho kertoo Yle Urheilulle.<\/p>\n<p><img decoding=\"async\" alt=\"Jarkko Nieminen, simply the best.\" src=\"https:\/\/www.europesays.com\/fi\/wp-content\/uploads\/2026\/07\/1447059367.jpeg\" loading=\"lazy\" class=\"aw__sc-dklauk-0 LPzKX\"\/><\/p>\n<p>Avaa kuvien katselu<\/p>\n<p>Jarkko Nieminen nousi 20 vuotta sitten miesten kaksinpelin maailmanlistalla kaikkien aikojen suomalaissijoitukseen 13:nneksi. Kuva: EPA\/GeorgiosKefalas\/AllOverPressNieminen arvostaa<\/p>\n<p class=\"aw__sc-1qwuw0s-0 aw__sc-ngllmo-0 epAWpq fzYpjk yle__article__paragraph\">Purhon mukaan rahastosta voidaan sen s\u00e4\u00e4nt\u00f6jen puitteissa jakaa rahaa pelaajatukiin urheilun harjoittamista varten sek\u00e4 kansainv\u00e4lisen ja suomalaisen valmennusosaamisen hankkimiseen.<\/p>\n<p class=\"aw__sc-1qwuw0s-0 aw__sc-ngllmo-0 epAWpq fzYpjk yle__article__paragraph\">\u2013 Seuraavassa vaiheessa rakennamme rahastosta entist\u00e4 houkuttelevamman kokonaisuuden ja haemme mukaan lis\u00e4\u00e4 yksityisi\u00e4 tukijoita ryhm\u00e4\u00e4n. Nyt keskitymme kuitenkin saamaan toiminnan nopeasti k\u00e4yntiin ja ohjaamaan tuen nuorten pelaajien kehitykseen, Purho sanoo.<\/p>\n<p class=\"aw__sc-1qwuw0s-0 aw__sc-ngllmo-0 epAWpq fzYpjk yle__article__paragraph\">Rahaston toiminta alkaa hein\u00e4kuussa ja ensimm\u00e4iset tukip\u00e4\u00e4t\u00f6kset on m\u00e4\u00e4r\u00e4 julkaista elokuun aikana.<\/p>\n<p class=\"aw__sc-1qwuw0s-0 aw__sc-ngllmo-0 epAWpq fzYpjk yle__article__paragraph\">Suomen tenniksen kaikkien aikojen paras kaksinpelaaja Nieminen on antanut nimens\u00e4 rahaston k\u00e4ytt\u00f6\u00f6n, muttei itse osallistu rahoitusp\u00e4\u00e4t\u00f6ksiin.<\/p>\n<p class=\"aw__sc-1qwuw0s-0 aw__sc-ngllmo-0 epAWpq fzYpjk yle__article__paragraph\">\u2013 Tie huipulle vaatii pitk\u00e4j\u00e4nteist\u00e4 ty\u00f6t\u00e4 sek\u00e4 ihmisi\u00e4, jotka uskovat pelaajaan ja mahdollistavat kehittymisen eri vaiheissa. Arvostan suuresti sit\u00e4, ett\u00e4 nimeni on liitetty rahastoon, jonka kautta tuetaan nuorten huipputennist\u00e4, Nieminen sanoi Tennisliiton tiedotteessa.<\/p>\n<p class=\"aw__sc-1qwuw0s-0 aw__sc-ngllmo-0 epAWpq fzYpjk yle__article__paragraph\">\u2013 Toivon, ett\u00e4 rahasto voi osaltaan auttaa yh\u00e4 useampaa lahjakasta pelaajaa ottamaan seuraavia askelia kohti kansainv\u00e4list\u00e4 huippua.<\/p>\n","protected":false},"excerpt":{"rendered":"Jarkko Nieminen -rahasto tukee nuoria tennislupauksia 225 000 eurolla vuodessa. Mukana ovat mm. Jorma Ollila, Mika Anttonen ja&hellip;\n","protected":false},"author":2,"featured_media":302861,"comment_status":"","ping_status":"","sticky":false,"template":"","format":"standard","meta":{"footnotes":"","_share_on_mastodon":"0"},"categories":[158],"tags":[33,31,30,24586,24584,6222,1443,159,32,5350,160],"class_list":["post-302860","post","type-post","status-publish","format-standard","has-post-thumbnail","category-urheilu","tag-fi","tag-finland","tag-finnish","tag-jarkko-nieminen","tag-miesten-tennis","tag-naisten-tennis","tag-rahastot","tag-sports","tag-suomi","tag-tennis","tag-urheilu"],"share_on_mastodon":{"url":"https:\/\/pubeurope.com\/@fi\/116933206587425991","error":""},"_links":{"self":[{"href":"https:\/\/www.europesays.com\/fi\/wp-json\/wp\/v2\/posts\/302860","targetHints":{"allow":["GET"]}}],"collection":[{"href":"https:\/\/www.europesays.com\/fi\/wp-json\/wp\/v2\/posts"}],"about":[{"href":"https:\/\/www.europesays.com\/fi\/wp-json\/wp\/v2\/types\/post"}],"author":[{"embeddable":true,"href":"https:\/\/www.europesays.com\/fi\/wp-json\/wp\/v2\/users\/2"}],"replies":[{"embeddable":true,"href":"https:\/\/www.europesays.com\/fi\/wp-json\/wp\/v2\/comments?post=302860"}],"version-history":[{"count":0,"href":"https:\/\/www.europesays.com\/fi\/wp-json\/wp\/v2\/posts\/302860\/revisions"}],"wp:featuredmedia":[{"embeddable":true,"href":"https:\/\/www.europesays.com\/fi\/wp-json\/wp\/v2\/media\/302861"}],"wp:attachment":[{"href":"https:\/\/www.europesays.com\/fi\/wp-json\/wp\/v2\/media?parent=302860"}],"wp:term":[{"taxonomy":"category","embeddable":true,"href":"https:\/\/www.europesays.com\/fi\/wp-json\/wp\/v2\/categories?post=302860"},{"taxonomy":"post_tag","embeddable":true,"href":"https:\/\/www.europesays.com\/fi\/wp-json\/wp\/v2\/tags?post=302860"}],"curies":[{"name":"wp","href":"https:\/\/api.w.org\/{rel}","templated":true}]}}