{"id":302866,"date":"2026-07-17T03:36:16","date_gmt":"2026-07-17T03:36:16","guid":{"rendered":"https:\/\/www.europesays.com\/fi\/302866\/"},"modified":"2026-07-17T03:36:16","modified_gmt":"2026-07-17T03:36:16","slug":"linja-auto-paloi-iisalmessa-liikenne-seisahtui-paikalliset","status":"publish","type":"post","link":"https:\/\/www.europesays.com\/fi\/302866\/","title":{"rendered":"Linja-auto paloi Iisalmessa \u2013 Liikenne seisahtui | Paikalliset"},"content":{"rendered":"<p>Linja-auto tuhoutui tulipalossa Kiuruvedentiell\u00e4 Iisalmessa. Tarkempi tapahtumapaikka sijaitsee valtatiell\u00e4 27 l\u00e4hell\u00e4 Kiuruveden rajaa. H\u00e4lytys teht\u00e4v\u00e4lle tuli kello 17.30:n aikoihin.<\/p>\n<p>Pelastuslaitokselta kerrotaan, ett\u00e4 palo oli saanut alkunsa linja-auton moottoritilasta. Kuljettaja sai pys\u00e4k\u00f6ity\u00e4 autonsa l\u00e4heiselle bussipys\u00e4kille ja ilmoitti tapahtuneesta h\u00e4t\u00e4keskukseen. Kun pelastuslaitos saapui paikalle, oli auto jo t\u00e4yden palon vaiheessa. Pelastajien teht\u00e4v\u00e4ksi j\u00e4i palon sammuttaminen.<\/p>\n<p>Yksityishenkil\u00f6n omistamassa linja-autossa oli syttymishetkell\u00e4 kaksi henkil\u00f6\u00e4. Molemmat selvisiv\u00e4t onnettomuudesta vammoitta.<\/p>\n<p>Pelastuslaitos joutui pys\u00e4ytt\u00e4m\u00e4\u00e4n liikenteen tunniksi. Kun tie saatiin j\u00e4lleen avattua, oli aluksi k\u00e4yt\u00f6ss\u00e4 vain toinen ajokaista.<\/p>\n<p>Uutista p\u00e4ivitetty 16.7.2026 kello 22.46 pelastuslaitoksen jatkotiedotteen pohjalta.<\/p>\n","protected":false},"excerpt":{"rendered":"Linja-auto tuhoutui tulipalossa Kiuruvedentiell\u00e4 Iisalmessa. Tarkempi tapahtumapaikka sijaitsee valtatiell\u00e4 27 l\u00e4hell\u00e4 Kiuruveden rajaa. H\u00e4lytys teht\u00e4v\u00e4lle tuli kello 17.30:n&hellip;\n","protected":false},"author":2,"featured_media":302867,"comment_status":"","ping_status":"","sticky":false,"template":"","format":"standard","meta":{"footnotes":"","_share_on_mastodon":"0"},"categories":[12],"tags":[22,23,26,27,33,31,30,17,4892,4132,24,25,121,28,29,15,837,18,21,32,128,19,20,16707,16],"class_list":["post-302866","post","type-post","status-publish","format-standard","has-post-thumbnail","category-suomi","tag-breaking-news","tag-breakingnews","tag-featured-news","tag-featurednews","tag-fi","tag-finland","tag-finnish","tag-headlines","tag-iisalmi","tag-iltapaivalehdet","tag-latest-news","tag-latestnews","tag-liikenne-ja-kuljetus","tag-main-news","tag-mainnews","tag-news","tag-onnettomuudet","tag-otsikot","tag-paauutiset","tag-suomi","tag-tieliikenne","tag-top-stories","tag-topstories","tag-tulipalo","tag-uutiset"],"share_on_mastodon":{"url":"https:\/\/pubeurope.com\/@fi\/116933229692513776","error":""},"_links":{"self":[{"href":"https:\/\/www.europesays.com\/fi\/wp-json\/wp\/v2\/posts\/302866","targetHints":{"allow":["GET"]}}],"collection":[{"href":"https:\/\/www.europesays.com\/fi\/wp-json\/wp\/v2\/posts"}],"about":[{"href":"https:\/\/www.europesays.com\/fi\/wp-json\/wp\/v2\/types\/post"}],"author":[{"embeddable":true,"href":"https:\/\/www.europesays.com\/fi\/wp-json\/wp\/v2\/users\/2"}],"replies":[{"embeddable":true,"href":"https:\/\/www.europesays.com\/fi\/wp-json\/wp\/v2\/comments?post=302866"}],"version-history":[{"count":0,"href":"https:\/\/www.europesays.com\/fi\/wp-json\/wp\/v2\/posts\/302866\/revisions"}],"wp:featuredmedia":[{"embeddable":true,"href":"https:\/\/www.europesays.com\/fi\/wp-json\/wp\/v2\/media\/302867"}],"wp:attachment":[{"href":"https:\/\/www.europesays.com\/fi\/wp-json\/wp\/v2\/media?parent=302866"}],"wp:term":[{"taxonomy":"category","embeddable":true,"href":"https:\/\/www.europesays.com\/fi\/wp-json\/wp\/v2\/categories?post=302866"},{"taxonomy":"post_tag","embeddable":true,"href":"https:\/\/www.europesays.com\/fi\/wp-json\/wp\/v2\/tags?post=302866"}],"curies":[{"name":"wp","href":"https:\/\/api.w.org\/{rel}","templated":true}]}}