{"id":30312,"date":"2025-09-09T21:32:08","date_gmt":"2025-09-09T21:32:08","guid":{"rendered":"https:\/\/www.europesays.com\/fi\/30312\/"},"modified":"2025-09-09T21:32:08","modified_gmt":"2025-09-09T21:32:08","slug":"seinajoella-kaksi-rakennuspaloa-syttyivat-mahdollisesti-salamaniskusta-etela-pohjanmaa","status":"publish","type":"post","link":"https:\/\/www.europesays.com\/fi\/30312\/","title":{"rendered":"Sein\u00e4joella kaksi rakennuspaloa \u2013 syttyiv\u00e4t mahdollisesti salamaniskusta | Etel\u00e4-Pohjanmaa"},"content":{"rendered":"<p class=\"sc-jYczwO sc-dNFkOE biRopy fvdpYw yle__article__paragraph\">Ylistarossa Alhojoentiell\u00e4 palossa tuhoutuu vanha aittarakennus. Sein\u00e4joen Aittom\u00e4enkadulla pelastuslaitos sammuttaa paritalon tulipaloa. <\/p>\n<p><img decoding=\"async\" alt=\"Etel\u00e4-Pohjanmaan pelastuslaitos, paloauto Sein\u00e4joen asemalla. \" src=\"https:\/\/www.europesays.com\/fi\/wp-content\/uploads\/2025\/09\/39-1289256664dcb7c6b439.jpeg\" class=\"sc-dntSTA iywpZY\"\/><\/p>\n<p>Avaa kuvien katselu<\/p>\n<p>Sein\u00e4joella tiistai-iltana jyrisseen ukkosen ep\u00e4ill\u00e4\u00e4n sytytt\u00e4neen kaksi tulipaloa. Kuva: Birgitta Vuorela \/ Yle<\/p>\n<p class=\"sc-jYczwO sc-ciCoXh biRopy bFUjNZ yle__article__paragraph\">Sein\u00e4joella tiistai-iltana jyrisseen ukkosen ep\u00e4ill\u00e4\u00e4n sytytt\u00e4neen kaksi tulipaloa.<\/p>\n<p class=\"sc-jYczwO sc-ciCoXh biRopy bFUjNZ yle__article__paragraph\">Pelastuslaitos on parhaillaan sammuttamassa Aittom\u00e4enkadulla Sein\u00e4joen Alakyl\u00e4ss\u00e4 syttynytt\u00e4 tulipaloa. Vuonna 1959 rakennetun paritalon toinen asunto k\u00e4rsii palossa vakavia vahinkoja, toinen asunto ainakin savuvahinkoja.<\/p>\n<p class=\"sc-jYczwO sc-ciCoXh biRopy bFUjNZ yle__article__paragraph\">Henkil\u00f6vahingoilta ja vakavilta loukkaantumisilta on pelastuslaitoksen t\u00e4m\u00e4n hetken tietojen mukaan v\u00e4ltytty.<\/p>\n<p class=\"sc-jYczwO sc-ciCoXh biRopy bFUjNZ yle__article__paragraph\">Pelastuslaitos suojav\u00e4isti eli evakuoi rakennuksesta turvaan kolme henkil\u00f6\u00e4, sanoo <strong class=\"sc-eEHciv bAjptV yle__article__strong\">Matti Hietalahti<\/strong> Etel\u00e4-Pohjanmaan pelastuslaitokselta.<\/p>\n<p class=\"sc-jYczwO sc-ciCoXh biRopy bFUjNZ yle__article__paragraph\">Viel\u00e4 ei ole varmuutta palon syttymissyyst\u00e4, mutta alueella on ollut voimakas ukkonen.<\/p>\n<p>Ylistarossa tuhoutui vanha aitta<\/p>\n<p class=\"sc-jYczwO sc-ciCoXh biRopy bFUjNZ yle__article__paragraph\">Ylistarossa Alhojoentiell\u00e4 tuhoutui illalla yli 200-vuotias aittarakennus.<\/p>\n<p class=\"sc-jYczwO sc-ciCoXh biRopy bFUjNZ yle__article__paragraph\">Pelastuslaitoksen arvion mukaan 25-neli\u00f6isen, kaksikerroksisen rakennuksen ep\u00e4ill\u00e4\u00e4n syttyneen salamaniskusta, sill\u00e4 useammassa palosta tehdyst\u00e4 ilmoituksesta oli n\u00e4in arveltu.<\/p>\n<p class=\"sc-jYczwO sc-ciCoXh biRopy bFUjNZ yle__article__paragraph\">Aitta on tilalla, jolla ei ole vuosiin asuttu. Henkil\u00f6vahingoilta v\u00e4ltyttiin.<\/p>\n<p class=\"sc-jYczwO sc-ciCoXh biRopy bFUjNZ yle__article__paragraph\">Pelastuslaitoksen mukaan illan ukkosesta ei ole aiheutunut muita h\u00e4lytyksi\u00e4.<\/p>\n","protected":false},"excerpt":{"rendered":"Ylistarossa Alhojoentiell\u00e4 palossa tuhoutuu vanha aittarakennus. Sein\u00e4joen Aittom\u00e4enkadulla pelastuslaitos sammuttaa paritalon tulipaloa. Avaa kuvien katselu Sein\u00e4joella tiistai-iltana jyrisseen&hellip;\n","protected":false},"author":2,"featured_media":30313,"comment_status":"","ping_status":"","sticky":false,"template":"","format":"standard","meta":{"footnotes":""},"categories":[76],"tags":[79,77,1377,9062,33,31,30,837,680,32,78,9063],"class_list":{"0":"post-30312","1":"post","2":"type-post","3":"status-publish","4":"format-standard","5":"has-post-thumbnail","7":"category-talous","8":"tag-business","9":"tag-economy","10":"tag-etela-pohjanmaa","11":"tag-etela-pohjanmaan-pelastuslaitos","12":"tag-fi","13":"tag-finland","14":"tag-finnish","15":"tag-onnettomuudet","16":"tag-seinajoki","17":"tag-suomi","18":"tag-talous","19":"tag-ylistaro"},"share_on_mastodon":{"url":"","error":""},"_links":{"self":[{"href":"https:\/\/www.europesays.com\/fi\/wp-json\/wp\/v2\/posts\/30312","targetHints":{"allow":["GET"]}}],"collection":[{"href":"https:\/\/www.europesays.com\/fi\/wp-json\/wp\/v2\/posts"}],"about":[{"href":"https:\/\/www.europesays.com\/fi\/wp-json\/wp\/v2\/types\/post"}],"author":[{"embeddable":true,"href":"https:\/\/www.europesays.com\/fi\/wp-json\/wp\/v2\/users\/2"}],"replies":[{"embeddable":true,"href":"https:\/\/www.europesays.com\/fi\/wp-json\/wp\/v2\/comments?post=30312"}],"version-history":[{"count":0,"href":"https:\/\/www.europesays.com\/fi\/wp-json\/wp\/v2\/posts\/30312\/revisions"}],"wp:featuredmedia":[{"embeddable":true,"href":"https:\/\/www.europesays.com\/fi\/wp-json\/wp\/v2\/media\/30313"}],"wp:attachment":[{"href":"https:\/\/www.europesays.com\/fi\/wp-json\/wp\/v2\/media?parent=30312"}],"wp:term":[{"taxonomy":"category","embeddable":true,"href":"https:\/\/www.europesays.com\/fi\/wp-json\/wp\/v2\/categories?post=30312"},{"taxonomy":"post_tag","embeddable":true,"href":"https:\/\/www.europesays.com\/fi\/wp-json\/wp\/v2\/tags?post=30312"}],"curies":[{"name":"wp","href":"https:\/\/api.w.org\/{rel}","templated":true}]}}