{"id":303125,"date":"2026-07-17T11:48:13","date_gmt":"2026-07-17T11:48:13","guid":{"rendered":"https:\/\/www.europesays.com\/fi\/303125\/"},"modified":"2026-07-17T11:48:13","modified_gmt":"2026-07-17T11:48:13","slug":"tommi-nikunen-saa-jatkaa-tehtavassaan-ainakin-kavallustuomioon-asti-paijat-hame","status":"publish","type":"post","link":"https:\/\/www.europesays.com\/fi\/303125\/","title":{"rendered":"Tommi Nikunen saa jatkaa teht\u00e4v\u00e4ss\u00e4\u00e4n ainakin kavallustuomioon asti | P\u00e4ij\u00e4t-H\u00e4me"},"content":{"rendered":"<p>Tammer-Golfin hallitus kertoo olleensa koko ajan selvill\u00e4 Tommi Nikusen tunnustusmenettelyn etenemisest\u00e4 ja jatkaneensa yhteisty\u00f6t\u00e4 normaalisti.<\/p>\n<p>Tamperelaisen Tammer-Golfin hallitus arvioi toiminnanjohtajansa, ex-m\u00e4kihyppyvalmentaja <strong>Tommi Nikusen<\/strong> ty\u00f6suhdetta vasta sitten, kun tuomio kahdesta t\u00f6rke\u00e4st\u00e4 kavalluksesta on annettu eli loppukes\u00e4st\u00e4 tai alkusyksyst\u00e4. Nikusella on siten ainakin oikeuden p\u00e4\u00e4t\u00f6kseen asti golfseuran hallituksen luottamus.<\/p>\n","protected":false},"excerpt":{"rendered":"Tammer-Golfin hallitus kertoo olleensa koko ajan selvill\u00e4 Tommi Nikusen tunnustusmenettelyn etenemisest\u00e4 ja jatkaneensa yhteisty\u00f6t\u00e4 normaalisti. Tamperelaisen Tammer-Golfin hallitus&hellip;\n","protected":false},"author":2,"featured_media":303126,"comment_status":"","ping_status":"","sticky":false,"template":"","format":"standard","meta":{"footnotes":"","_share_on_mastodon":"0"},"categories":[158],"tags":[33,31,30,3978,1801,41,402,581,159,32,78,160,39507],"class_list":["post-303125","post","type-post","status-publish","format-standard","has-post-thumbnail","category-urheilu","tag-fi","tag-finland","tag-finnish","tag-golf","tag-lahti","tag-liikunta-ja-urheilu","tag-rakentaminen-kiinteistot","tag-rikokset","tag-sports","tag-suomi","tag-talous","tag-urheilu","tag-urheiluseurat"],"share_on_mastodon":{"url":"https:\/\/pubeurope.com\/@fi\/116935164262189197","error":""},"_links":{"self":[{"href":"https:\/\/www.europesays.com\/fi\/wp-json\/wp\/v2\/posts\/303125","targetHints":{"allow":["GET"]}}],"collection":[{"href":"https:\/\/www.europesays.com\/fi\/wp-json\/wp\/v2\/posts"}],"about":[{"href":"https:\/\/www.europesays.com\/fi\/wp-json\/wp\/v2\/types\/post"}],"author":[{"embeddable":true,"href":"https:\/\/www.europesays.com\/fi\/wp-json\/wp\/v2\/users\/2"}],"replies":[{"embeddable":true,"href":"https:\/\/www.europesays.com\/fi\/wp-json\/wp\/v2\/comments?post=303125"}],"version-history":[{"count":0,"href":"https:\/\/www.europesays.com\/fi\/wp-json\/wp\/v2\/posts\/303125\/revisions"}],"wp:featuredmedia":[{"embeddable":true,"href":"https:\/\/www.europesays.com\/fi\/wp-json\/wp\/v2\/media\/303126"}],"wp:attachment":[{"href":"https:\/\/www.europesays.com\/fi\/wp-json\/wp\/v2\/media?parent=303125"}],"wp:term":[{"taxonomy":"category","embeddable":true,"href":"https:\/\/www.europesays.com\/fi\/wp-json\/wp\/v2\/categories?post=303125"},{"taxonomy":"post_tag","embeddable":true,"href":"https:\/\/www.europesays.com\/fi\/wp-json\/wp\/v2\/tags?post=303125"}],"curies":[{"name":"wp","href":"https:\/\/api.w.org\/{rel}","templated":true}]}}