{"id":30319,"date":"2025-09-09T21:47:11","date_gmt":"2025-09-09T21:47:11","guid":{"rendered":"https:\/\/www.europesays.com\/fi\/30319\/"},"modified":"2025-09-09T21:47:11","modified_gmt":"2025-09-09T21:47:11","slug":"no-nyt-janni-hussi-rikkoi-hiljaisuuden-uutta-tietoa-tilanteesta-joel-harkimon-kanssa","status":"publish","type":"post","link":"https:\/\/www.europesays.com\/fi\/30319\/","title":{"rendered":"No nyt! Janni Hussi rikkoi hiljaisuuden \u2013 uutta tietoa tilanteesta Joel Harkimon kanssa"},"content":{"rendered":"<p>            Timo Korhonen\n        <\/p>\n<p class=\"subtitle \">Tv-t\u00f6iden pariin palannut t\u00e4htikartturi valotti tilannettaan Nelosen pressitilaisuudessa.<\/p>\n<p class=\"article-content article-content-width !bg-background\">Mediapersoona ja kartturi , 33, tekemiset kiinnostavat kansalaisia valtavasti.<\/p>\n<p class=\"font-weight-bold m-font-weight-bold article-content article-content-width !bg-background\">Video: Janni Hussi Suomen MM-rallissa.<\/p>\n<p class=\"article-content article-content-width !bg-background\">Entinen fitness-t\u00e4hti teki pitk\u00e4\u00e4n n\u00e4ytt\u00e4v\u00e4\u00e4 uraa mediamaailmassa, kunnes hurahti t\u00e4ysin kartanlukijahommiin rallissa.<\/p>\n<p class=\"article-content article-content-width !bg-background\">Hein\u00e4kuussa siviiliel\u00e4m\u00e4st\u00e4 jys\u00e4hti shokkipommi, kun Janni ja  ilmoittivat avioerostaan.<\/p>\n<p class=\"article-content article-content-width !bg-background\">Sen j\u00e4lkeen Jannin ja rallit\u00e4hti  saumattomaan yhteispeliin ralleissa on kiinnitetty erityist\u00e4 huomiota.<\/p>\n<p>Nyt puhuu Janni<\/p>\n<p class=\"article-content article-content-width !bg-background\">Tiistaina Janni otti happihyppelyn rallikuvioista ja palasi j\u00e4lleen valokeilaan mediat\u00f6iden merkeiss\u00e4.<\/p>\n<p class=\"article-content article-content-width !bg-background\">H\u00e4n juontaa Nelosen uutuusohjelman The Box Suomen, joka n\u00e4hd\u00e4\u00e4n telkkarissa ja suoratoistopalvelu Ruudussa 22. syyskuuta alkaen.<\/p>\n<p>        <a itemprop=\"url\" href=\"https:\/\/www.seiska.fi\/urheilu\/janni-hussi-huuli-pyoreana-jari-matti-latvalasta-nyt-puhuu-itse-rallitahti\/1911143\" rel=\"nofollow noopener\" target=\"_blank\"><\/p>\n<p>\nJanni Hussi huuli py\u00f6re\u00e4n\u00e4 Jari-Matti Latvalasta\n<\/p>\n<p class=\"section-date\">\n        <strong class=\"article-section\" data-section=\"urheilu\"><br \/>\n            urheilu<br \/>\n        <\/strong><br \/>\n        1.9. 06:30\n    <\/p>\n<p>    Janni Hussi huuli py\u00f6re\u00e4n\u00e4 Jari-Matti Latvalasta \u2013 nyt puhuu itse rallit\u00e4hti<\/p>\n<p itemprop=\"description\" class=\"subtitle \">\n    Toyotan tallip\u00e4\u00e4llikk\u00f6 kommentoi Seiskalle kartturinsa kehuja.\n<\/p>\n<p>        <\/a><\/p>\n<p class=\"article-content article-content-width !bg-background\">\u2013 Oli tosi hienoa p\u00e4\u00e4st\u00e4 mukaan ihan t\u00e4llaiseen uuteen sarjaan, h\u00e4n hehkuttaa Seiskalle Nelosen masinoimassa mediatilaisuudessa.<\/p>\n<p class=\"article-content article-content-width !bg-background\">\u2013 Kyseess\u00e4 on norjalainen formaatti, josta oli tehty aiemmin ainoastaan yksi demokausi. Teimme tosi tiivist\u00e4 yhteisty\u00f6t\u00e4 tuotantoyhti\u00f6n kanssa ja mietimme, milt\u00e4 nimenomaan The Box Suomi tulee n\u00e4ytt\u00e4m\u00e4\u00e4n.<\/p>\n<p>                <img decoding=\"async\" src=\"https:\/\/www.europesays.com\/fi\/wp-content\/uploads\/2025\/09\/1925900.webp\" width=\"576\" height=\"720\" alt=\"Janni Hussi palasi tauon j\u00e4lkeen parrasvaloihin.\" loading=\"lazy\" \/>            <\/p>\n<p>\n            Janni Hussi palasi tauon j\u00e4lkeen parrasvaloihin.<br \/>\n            Timo Korhonen\n        <\/p>\n<p>Veti hetken happea<\/p>\n<p class=\"article-content article-content-width !bg-background\">Jannin paluu parrasvaloihin on jo itsess\u00e4\u00e4n uutinen, sill\u00e4 h\u00e4n on pit\u00e4nyt viime ajat tarkoituksella matalaa profiilia.<\/p>\n<p class=\"article-content article-content-width !bg-background\">Hein\u00e4kuisen Suomen MM-rallin j\u00e4lkeen Janni langetti suoranaisen radiohiljaisuuden.<\/p>\n<p>        <a itemprop=\"url\" href=\"https:\/\/www.seiska.fi\/urheilu\/janni-hussi-ja-jari-matti-latvala-allistyttivat-lahdessa-koskettava-hetki-hiljensi\/1901231\" rel=\"nofollow noopener\" target=\"_blank\"><\/p>\n<p>\nHerkk\u00e4 episodi Lahdessa\n<\/p>\n<p class=\"section-date\">\n        <strong class=\"article-section\" data-section=\"urheilu\"><br \/>\n            urheilu<br \/>\n        <\/strong><br \/>\n        15.8. 14:56\n    <\/p>\n<p>    Janni Hussi ja Jari-Matti Latvala \u00e4llistyttiv\u00e4t Lahdessa \u2013 koskettava hetki hiljensi<\/p>\n<p itemprop=\"description\" class=\"subtitle \">\n    Jari-Matti ja Janni s\u00e4v\u00e4ytt\u00e4v\u00e4t Suomen Chicagossa.\n<\/p>\n<p>        <\/a><\/p>\n<p class=\"article-content article-content-width !bg-background\">H\u00e4n ei esimerkiksi antanut lainkaan haastatteluja elokuussa Lahti Historic Rallyssa, johon osallistui j\u00e4lleen Jari-Matin kanssa.<\/p>\n<p class=\"article-content article-content-width !bg-background\">\u2013 Teki hyv\u00e4\u00e4 vet\u00e4\u00e4 hetki happea, Janni sanoo Seiskalle.<\/p>\n<p>                <img decoding=\"async\" src=\"https:\/\/www.europesays.com\/fi\/wp-content\/uploads\/2025\/09\/1925904.webp\" width=\"576\" height=\"720\" alt=\"Janni juontaa Nelosen uutuussarjan The Box Suomen.\" loading=\"lazy\" \/>            <\/p>\n<p>\n            Janni juontaa Nelosen uutuussarjan The Box Suomen.<br \/>\n            Timo Korhonen\n        <\/p>\n<p>J\u00e4i ilman kotia<\/p>\n<p class=\"article-content article-content-width !bg-background\">Kuusankoskelaisen ymp\u00e4rill\u00e4 on riitt\u00e4nyt kysymysmerkkej\u00e4 \u2013 eik\u00e4 v\u00e4hiten Seiskan taannoisen paljastusjutun vuoksi.<\/p>\n<p>        <a itemprop=\"url\" href=\"https:\/\/www.seiska.fi\/urheilu\/janni-hussin-shokeeraava-erotilitys-jai-kodittomaksi\/1889782\" rel=\"nofollow noopener\" target=\"_blank\"><\/p>\n<p>\nShokeeraava erotilitys Seiskalle:\n<\/p>\n<p class=\"section-date\">\n        <strong class=\"article-section\" data-section=\"urheilu\"><br \/>\n            urheilu<br \/>\n        <\/strong><br \/>\n        7.8. 05:00\n    <\/p>\n<p>    Janni Hussin shokeeraava erotilitys: J\u00e4i kodittomaksi!<\/p>\n<p itemprop=\"description\" class=\"subtitle \">\n    Joel Harkimosta eronnut t\u00e4htikartturi joutuu muuttamaan ex-avioparin luksuslukaalista.\n<\/p>\n<p>        <\/a><\/p>\n<p class=\"article-content article-content-width !bg-background\">Kerroimme loppukes\u00e4st\u00e4 Jannin j\u00e4\u00e4neen avioeron yhteydess\u00e4 ilman kotia. Mik\u00e4 mahtaa olla asuntotilanne t\u00e4ll\u00e4 hetkell\u00e4?<\/p>\n<p class=\"article-content article-content-width !bg-background\">\u2013 Asiat edistyv\u00e4t. Jutellaan siit\u00e4 sitten my\u00f6hemmin lis\u00e4\u00e4, Janni lupaa.<\/p>\n<p>                <img decoding=\"async\" src=\"https:\/\/www.europesays.com\/fi\/wp-content\/uploads\/2025\/09\/1925908.webp\" width=\"576\" height=\"322\" alt=\"Janni Hussi valottaa Seiskalle v\u00e4lej\u00e4\u00e4n ex-mieheens\u00e4 Joel Harkimoon.\" loading=\"lazy\" \/>            <\/p>\n<p>\n            Janni Hussi valottaa Seiskalle v\u00e4lej\u00e4\u00e4n ex-mieheens\u00e4 Joel Harkimoon.<br \/>\n            Timo Korhonen\n        <\/p>\n<p>T\u00e4llaiset v\u00e4lit Jolleen<\/p>\n<p class=\"article-content article-content-width !bg-background\">On my\u00f6s er\u00e4s seikka, joka on hieman nostattanut kulmakarvoja.<\/p>\n<p class=\"article-content article-content-width !bg-background\">Kun Janni ja Jolle ilmoittivat erostaan, he linjasivat julkisesti j\u00e4tt\u00e4v\u00e4ns\u00e4 avioerohakemuksen &#8221;l\u00e4hiviikkoina&#8221;. Tuo linjaus tehtiin 16. hein\u00e4kuuta eli l\u00e4hes kaksi kuukautta sitten.<\/p>\n<p class=\"article-content article-content-width !bg-background\">Seiskan selvityksen mukaan avioeroa ei ole viel\u00e4k\u00e4\u00e4n haettu. Avioerohakemusta ei l\u00f6ydy Helsingin tai It\u00e4-Uudenmaan k\u00e4r\u00e4j\u00e4oikeudesta.<\/p>\n<p>        <a itemprop=\"url\" href=\"https:\/\/www.seiska.fi\/kotimaa\/hammentavaa-tietoa-janni-hussin-ja-joel-harkimon-avioerosta\/1919667\" rel=\"nofollow noopener\" target=\"_blank\"><\/p>\n<p>\nJanni Hussin ja Joel Harkimon avioero\n<\/p>\n<p class=\"section-date\">\n        <strong class=\"article-section\" data-section=\"kotimaa\"><br \/>\n            kotimaa<br \/>\n        <\/strong><br \/>\n        6.9. 07:00\n    <\/p>\n<p>    H\u00e4mment\u00e4v\u00e4\u00e4 tietoa Janni Hussin ja Joel Harkimon avioerosta<\/p>\n<p itemprop=\"description\" class=\"subtitle \">\n    Entisen superparin touhut puhuttavat.\n<\/p>\n<p>        <\/a><\/p>\n<p class=\"font-weight-bold m-font-weight-bold article-content article-content-width !bg-background\">Miten Janni kommentoi?<\/p>\n<p class=\"article-content article-content-width !bg-background\">\u2013 En oikeastaan halua kommentoida. Ymm\u00e4rr\u00e4n kyll\u00e4, ett\u00e4 ihmisi\u00e4 kiinnostaa, mutta minun on suojeltava my\u00f6s itse\u00e4ni. N\u00e4m\u00e4 eiv\u00e4t loppujen lopuksi kuulu kuin asianomaisille.<\/p>\n<p class=\"article-content article-content-width !bg-background\">\u2013 Meill\u00e4 on tosi hyv\u00e4t v\u00e4lit. Kaikki on hyvin ja olemme tekemisiss\u00e4. Ei ole mit\u00e4\u00e4n draamaa, ja asiat tapahtuvat sitten aikanaan, Janni p\u00e4\u00e4tt\u00e4\u00e4.<\/p>\n<p>                <img decoding=\"async\" src=\"https:\/\/www.europesays.com\/fi\/wp-content\/uploads\/2025\/09\/1925910.webp\" width=\"576\" height=\"720\" alt=\"Janni lupaa kertoa my\u00f6hemmin lis\u00e4\u00e4 uutisia.\" loading=\"lazy\" \/>            <\/p>\n<p>\n            Janni lupaa kertoa my\u00f6hemmin lis\u00e4\u00e4 uutisia.<br \/>\n            Timo Korhonen\n        <\/p>\n","protected":false},"excerpt":{"rendered":"Timo Korhonen Tv-t\u00f6iden pariin palannut t\u00e4htikartturi valotti tilannettaan Nelosen pressitilaisuudessa. Mediapersoona ja kartturi , 33, tekemiset kiinnostavat kansalaisia&hellip;\n","protected":false},"author":2,"featured_media":30320,"comment_status":"","ping_status":"","sticky":false,"template":"","format":"standard","meta":{"footnotes":""},"categories":[136],"tags":[2759,407,137,33,31,30,2597,3631,3520,408,6048,9064,3240,651,32,4523,109],"class_list":{"0":"post-30319","1":"post","2":"type-post","3":"status-publish","4":"format-standard","5":"has-post-thumbnail","7":"category-julkkikset","8":"tag-avioero","9":"tag-celebrities","10":"tag-entertainment","11":"tag-fi","12":"tag-finland","13":"tag-finnish","14":"tag-janni-hussi","15":"tag-jari-matti-latvala","16":"tag-joel-harkimo","17":"tag-julkkikset","18":"tag-juontaja","19":"tag-kartanlukija","20":"tag-ralli","21":"tag-suhteet","22":"tag-suomi","23":"tag-the-box-suomi","24":"tag-viihde"},"share_on_mastodon":{"url":"","error":""},"_links":{"self":[{"href":"https:\/\/www.europesays.com\/fi\/wp-json\/wp\/v2\/posts\/30319","targetHints":{"allow":["GET"]}}],"collection":[{"href":"https:\/\/www.europesays.com\/fi\/wp-json\/wp\/v2\/posts"}],"about":[{"href":"https:\/\/www.europesays.com\/fi\/wp-json\/wp\/v2\/types\/post"}],"author":[{"embeddable":true,"href":"https:\/\/www.europesays.com\/fi\/wp-json\/wp\/v2\/users\/2"}],"replies":[{"embeddable":true,"href":"https:\/\/www.europesays.com\/fi\/wp-json\/wp\/v2\/comments?post=30319"}],"version-history":[{"count":0,"href":"https:\/\/www.europesays.com\/fi\/wp-json\/wp\/v2\/posts\/30319\/revisions"}],"wp:featuredmedia":[{"embeddable":true,"href":"https:\/\/www.europesays.com\/fi\/wp-json\/wp\/v2\/media\/30320"}],"wp:attachment":[{"href":"https:\/\/www.europesays.com\/fi\/wp-json\/wp\/v2\/media?parent=30319"}],"wp:term":[{"taxonomy":"category","embeddable":true,"href":"https:\/\/www.europesays.com\/fi\/wp-json\/wp\/v2\/categories?post=30319"},{"taxonomy":"post_tag","embeddable":true,"href":"https:\/\/www.europesays.com\/fi\/wp-json\/wp\/v2\/tags?post=30319"}],"curies":[{"name":"wp","href":"https:\/\/api.w.org\/{rel}","templated":true}]}}