{"id":303239,"date":"2026-07-17T15:23:15","date_gmt":"2026-07-17T15:23:15","guid":{"rendered":"https:\/\/www.europesays.com\/fi\/303239\/"},"modified":"2026-07-17T15:23:15","modified_gmt":"2026-07-17T15:23:15","slug":"tanskassa-ampumistapaus-jossa-yksi-kuoli-ja-kaksi-haavoittui-uutissuomalainen","status":"publish","type":"post","link":"https:\/\/www.europesays.com\/fi\/303239\/","title":{"rendered":"Tanskassa ampumistapaus, jossa yksi kuoli ja kaksi haavoittui | Uutissuomalainen"},"content":{"rendered":"<p>Tanskan N\u00f8rresundbyssa Aalborgin kunnan pohjoispuolella tapahtui perjantaina iltap\u00e4iv\u00e4ll\u00e4 ammuskelu, jossa yksi ihminen kuoli ja kaksi haavoittui. Pohjois-Jyllannin poliisin mukaan ammuskeluv\u00e4likohtaus on p\u00e4\u00e4ttynyt.<\/p>\n<p>Kuolonuhrista kertoo muun muassa ruotsalaismedia <a href=\"https:\/\/www.svt.se\/nyheter\/utrikes\/medier-skjutning-i-alborg\" rel=\"nofollow noopener\" target=\"_blank\">SVT<\/a>.<\/p>\n<p>Iltap\u00e4iv\u00e4lehti Ekstra Bladet kertoo poliisin tiedotteen pohjalta, ett\u00e4 poliisi sai ensin ilmoituksen tulipalosta ja sen j\u00e4lkeen ampumisesta. Paikalla poliiseja kohti ammuttiin, ja poliisi vastasi tuleen. Ampumisessa osuman saivat ep\u00e4ilty tekij\u00e4, yksi poliisi sek\u00e4 siviili, joka on tilanteessa kuollut henkil\u00f6. <\/p>\n<p>SVT kertoo poliisi tiedottaneen, ett\u00e4 ammuskelussa haavoittuneen poliisin tila on vakaa, mutta ep\u00e4ilty tekij\u00e4 on kriittisess\u00e4 tilassa.<\/p>\n<p>Ekstra Bladet on j<a href=\"https:\/\/ekstrabladet.dk\/krimi\/article11235669.ece\" rel=\"nofollow noopener\" target=\"_blank\">ulkaissut<\/a> video- ja kuvamateriaalia, jolla n\u00e4kyy raskaasti aseistautuneita poliiseja. Median mukaan paikalla oli runsaasti poliiseja.<\/p>\n<p>Ammuskelu k\u00e4ytiin alueella, jossa on paljon yritystoimintaa. Esimerkiksi alueella toimiva St\u00f8vlsig Hestefoder -yritys <a href=\"https:\/\/www.facebook.com\/stovlsighestefoder\" rel=\"nofollow noopener\" target=\"_blank\">kertoo<\/a> Facebook-tilill\u00e4\u00e4n, ett\u00e4 l\u00e4hist\u00f6ll\u00e4 olevasta rakennuksesta kuuluu laukauksia. Yritys kielsi asiakkaitaan saapumasta paikalle. Yrityksen Facebook-julkaisusta kertoi aiemmin <a href=\"https:\/\/yle.fi\/a\/74-20236869\" rel=\"nofollow noopener\" target=\"_blank\">Yle<\/a>.<\/p>\n","protected":false},"excerpt":{"rendered":"Tanskan N\u00f8rresundbyssa Aalborgin kunnan pohjoispuolella tapahtui perjantaina iltap\u00e4iv\u00e4ll\u00e4 ammuskelu, jossa yksi ihminen kuoli ja kaksi haavoittui. Pohjois-Jyllannin poliisin&hellip;\n","protected":false},"author":2,"featured_media":303240,"comment_status":"","ping_status":"","sticky":false,"template":"","format":"standard","meta":{"footnotes":"","_share_on_mastodon":"0"},"categories":[5],"tags":[24721,22,23,26,27,33,31,30,17,55,53,24,25,28,29,15,18,21,122,54,52,38,32,19,20,16],"class_list":["post-303239","post","type-post","status-publish","format-standard","has-post-thumbnail","category-otsikot","tag-aalborg","tag-breaking-news","tag-breakingnews","tag-featured-news","tag-featurednews","tag-fi","tag-finland","tag-finnish","tag-headlines","tag-lainvalvonta","tag-laki-oikeus-ja-rikos","tag-latest-news","tag-latestnews","tag-main-news","tag-mainnews","tag-news","tag-otsikot","tag-paauutiset","tag-pelastaminen","tag-pelastuspalvelut","tag-poliisi","tag-rikos","tag-suomi","tag-top-stories","tag-topstories","tag-uutiset"],"share_on_mastodon":{"url":"https:\/\/pubeurope.com\/@fi\/116936009485057764","error":""},"_links":{"self":[{"href":"https:\/\/www.europesays.com\/fi\/wp-json\/wp\/v2\/posts\/303239","targetHints":{"allow":["GET"]}}],"collection":[{"href":"https:\/\/www.europesays.com\/fi\/wp-json\/wp\/v2\/posts"}],"about":[{"href":"https:\/\/www.europesays.com\/fi\/wp-json\/wp\/v2\/types\/post"}],"author":[{"embeddable":true,"href":"https:\/\/www.europesays.com\/fi\/wp-json\/wp\/v2\/users\/2"}],"replies":[{"embeddable":true,"href":"https:\/\/www.europesays.com\/fi\/wp-json\/wp\/v2\/comments?post=303239"}],"version-history":[{"count":0,"href":"https:\/\/www.europesays.com\/fi\/wp-json\/wp\/v2\/posts\/303239\/revisions"}],"wp:featuredmedia":[{"embeddable":true,"href":"https:\/\/www.europesays.com\/fi\/wp-json\/wp\/v2\/media\/303240"}],"wp:attachment":[{"href":"https:\/\/www.europesays.com\/fi\/wp-json\/wp\/v2\/media?parent=303239"}],"wp:term":[{"taxonomy":"category","embeddable":true,"href":"https:\/\/www.europesays.com\/fi\/wp-json\/wp\/v2\/categories?post=303239"},{"taxonomy":"post_tag","embeddable":true,"href":"https:\/\/www.europesays.com\/fi\/wp-json\/wp\/v2\/tags?post=303239"}],"curies":[{"name":"wp","href":"https:\/\/api.w.org\/{rel}","templated":true}]}}