{"id":303569,"date":"2026-07-18T02:10:17","date_gmt":"2026-07-18T02:10:17","guid":{"rendered":"https:\/\/www.europesays.com\/fi\/303569\/"},"modified":"2026-07-18T02:10:17","modified_gmt":"2026-07-18T02:10:17","slug":"julkisuudesta-kadonnut-salkkarit-tahti-petteri-paavola-rikkoi-hiljaisuuden","status":"publish","type":"post","link":"https:\/\/www.europesays.com\/fi\/303569\/","title":{"rendered":"Julkisuudesta kadonnut Salkkarit-t\u00e4hti Petteri Paavola rikkoi hiljaisuuden"},"content":{"rendered":"<p>            Timo Korhonen\n        <\/p>\n<p class=\"subtitle \">Petteri n\u00e4ytteli sarjassa Eliasta vuosien ajan.<\/p>\n<p class=\"article-content article-content-width !bg-background\">, 34, j\u00e4tti Salatut el\u00e4m\u00e4t jo l\u00e4hes vuosikymmen sitten. Ajan virtaamisesta huolimatta moni muistaa h\u00e4net yh\u00e4 suosikkisarjan Eliaksena.\u00a0<\/p>\n<p class=\"font-weight-bold m-font-weight-bold article-content article-content-width !bg-background\">Video Ronny Rosl\u00f6fin oikeudenk\u00e4ynnist\u00e4:<\/p>\n<p class=\"article-content article-content-width !bg-background\">Saippuat\u00e4hteytens\u00e4 j\u00e4lkeen Petteri ei juuri ole parrasvaloissa viihtynyt.<\/p>\n<p class=\"article-content article-content-width !bg-background\">H\u00e4n avioitui pitk\u00e4aikaisen kumppaninsa kanssa vuonna 2022. Petteri on valmistunut Maanpuolustuskorkeakoulusta upseeriksi, ja vihkimistilaisuus j\u00e4rjestettiin n\u00e4ytt\u00e4v\u00e4sti Pyh\u00e4n Laurin kirkossa <a href=\"https:\/\/www.seiska.fi\/kotimaa\/tallaiset-petteri-paavolan-sotilashaat-olivat-katso-kuvat\/258253\" target=\"_blank\" rel=\"nofollow noopener\">sotilasperinteit\u00e4 kunnioittaen<\/a>.\u00a0<\/p>\n<p>        <a itemprop=\"url\" href=\"https:\/\/www.seiska.fi\/kotimaa\/muistatko-salkkareiden-hemmo-karjan-talta-julkisuudesta-kadonnut-tahti-nayttaa-nyt\/2202053\" rel=\"nofollow noopener\" target=\"_blank\"><\/p>\n<p>\nHemmo Karja katosi julkisuudesta\n<\/p>\n<p class=\"section-date\">\n        <strong class=\"article-section\" data-section=\"kotimaa\"><br \/>\n            kotimaa<br \/>\n        <\/strong><br \/>\n        11.7. 19:00\n    <\/p>\n<p>Muistatko Salkkareiden Hemmo Karjan? T\u00e4lt\u00e4 julkisuudesta kadonnut t\u00e4hti n\u00e4ytt\u00e4\u00e4 nyt!\n    <\/p>\n<p itemprop=\"description\" class=\"subtitle \">\n    Hemmo viett\u00e4\u00e4 nyky\u00e4\u00e4n hiljaiseloa julkisuuden suhteen.\n<\/p>\n<p>        <\/a><\/p>\n<p>                <img decoding=\"async\" src=\"https:\/\/www.europesays.com\/fi\/wp-content\/uploads\/2026\/07\/2210994.webp\" width=\"576\" height=\"480\" alt=\"Morsiusparille tehtiin kunniakuja. Jotta pari p\u00e4\u00e4see etenem\u00e4\u00e4n, tulee heid\u00e4n suudella toisiaan.\" loading=\"lazy\" \/>            <\/p>\n<p>\n            Morsiusparille tehtiin kunniakuja. Jotta pari p\u00e4\u00e4see etenem\u00e4\u00e4n, tulee heid\u00e4n suudella toisiaan.<br \/>\n            matti Matikainen\n        <\/p>\n<p class=\"article-content article-content-width !bg-background\">Huhtikuussa 2023 Petteri paljasti pariskunnan saaneen esikoisensa. Ex-n\u00e4yttelij\u00e4 julkaisi pienokaisesta kuvan yksityisell\u00e4 sometilill\u00e4\u00e4n.<\/p>\n<p class=\"article-content article-content-width !bg-background\">\u2013 Sanoja ei tarvita, h\u00e4n totesi ytimekk\u00e4\u00e4sti englanniksi.<\/p>\n<p>Nopsajalka<\/p>\n<p class=\"article-content article-content-width !bg-background\"><a href=\"https:\/\/www.instagram.com\/petteripaavolaa\/?hl=en\" target=\"_blank\" rel=\"nofollow noopener\">Julkisella Instagram-tilill\u00e4\u00e4n <\/a>Petteri ei kovin usein kuulumisiaan kerrokaan. Viimeisin p\u00e4ivitys on 41 viikon takaa. Tuolloin julkaistussa kuvassa Petterin kanssa poseeraavat Salkkarit-kollegat ,  sek\u00e4 .\u00a0<\/p>\n<p>        <a itemprop=\"url\" href=\"https:\/\/www.seiska.fi\/kotimaa\/tiesitko-nama-julkimot-vaihtoivat-parrasvalot-tavistoihin\/2145867\" rel=\"nofollow noopener\" target=\"_blank\"><\/p>\n<p>\nTiesitk\u00f6?\n<\/p>\n<p class=\"section-date\">\n        <strong class=\"article-section\" data-section=\"kotimaa\"><br \/>\n            kotimaa<br \/>\n        <\/strong><br \/>\n        21.6. 12:00\n    <\/p>\n<p>Tiesitk\u00f6? N\u00e4m\u00e4 julkimot vaihtoivat parrasvalot tavist\u00f6ihin\n    <\/p>\n<p itemprop=\"description\" class=\"subtitle \">\n    Julkisuus on monien unelma. Osa sen saavuttaneista on kuitenkin k\u00e4\u00e4nt\u00e4nyt selk\u00e4ns\u00e4 valokeilalle.\n<\/p>\n<p>        <\/a><\/p>\n<p class=\"article-content article-content-width !bg-background\">Perjantaina (17.7.) Petteri kuitenkin rikkoi hiljaisuuden sometarinan muodossa. Otoksessa pilkottavat oranssit juoksukeng\u00e4t sek\u00e4 Garminin urheilukello, joka paljastaa kantajansa piipahtaneen varsin mukavalla spurtilla.\u00a0<\/p>\n<p class=\"article-content article-content-width !bg-background\">\u2013 Morning speed, Petteri kirjoittaa julkaisussaan, joka poistuu 24 tunnissa.<\/p>\n<p>Traaginen loppu<\/p>\n<p class=\"article-content article-content-width !bg-background\">Vuonna 2016 Salkkareista poistunut Petteri n\u00e4ytteli sarjassa Elias Vikstedi\u00e4, joka oli Sebastian Vuorelan () ja Cindy Rintalan () poika. Eliaksen taru sarjassa p\u00e4\u00e4ttyi traagisesti t\u00e4m\u00e4n jouduttua yliajon uhriksi.\u00a0<\/p>\n<p class=\"article-content article-content-width !bg-background\">Petteri teki viel\u00e4 lyhyen paluun ohjelmaan, mutta j\u00e4tti Pihlajakadun taakseen pysyv\u00e4sti kev\u00e4\u00e4ll\u00e4 2017.<\/p>\n<p>        <a itemprop=\"url\" href=\"https:\/\/www.seiska.fi\/kotimaa\/salkkarit-tahti-teemu-lehtila-avautuu-perhetragediastaan\/2179976\" rel=\"nofollow noopener\" target=\"_blank\"><\/p>\n<p>\nSalkkarit-t\u00e4hti Teemu Lehtil\u00e4\n<\/p>\n<p class=\"section-date\">\n        <strong class=\"article-section\" data-section=\"kotimaa\"><br \/>\n            kotimaa<br \/>\n        <\/strong><br \/>\n        9.7. 17:00\n    <\/p>\n<p>Salkkarit-t\u00e4hti Teemu Lehtil\u00e4 avautuu perhetragediastaan\n    <\/p>\n<p itemprop=\"description\" class=\"subtitle \">\n    Teemu Lehtil\u00e4 joutui kohtaamaan el\u00e4m\u00e4n rajallisuuden karulla tavalla.\n<\/p>\n<p>        <\/a><\/p>\n<p><script async src=\"\/\/www.instagram.com\/embed.js\"><\/script><\/p>\n","protected":false},"excerpt":{"rendered":"Timo Korhonen Petteri n\u00e4ytteli sarjassa Eliasta vuosien ajan. , 34, j\u00e4tti Salatut el\u00e4m\u00e4t jo l\u00e4hes vuosikymmen sitten. Ajan&hellip;\n","protected":false},"author":2,"featured_media":303570,"comment_status":"","ping_status":"","sticky":false,"template":"","format":"standard","meta":{"footnotes":"","_share_on_mastodon":"0"},"categories":[130],"tags":[39540,9115,137,33,31,30,1208,6372,98,39539,37325,209,32,160,1461,109],"class_list":["post-303569","post","type-post","status-publish","format-standard","has-post-thumbnail","category-viihde","tag-elias","tag-emil-hallberg","tag-entertainment","tag-fi","tag-finland","tag-finnish","tag-haat","tag-hemmo-karja","tag-perhe","tag-petteri-paavola","tag-ronny-roslof","tag-salatut-elamat","tag-suomi","tag-urheilu","tag-vauva","tag-viihde"],"share_on_mastodon":{"url":"https:\/\/pubeurope.com\/@fi\/116938553852545953","error":""},"_links":{"self":[{"href":"https:\/\/www.europesays.com\/fi\/wp-json\/wp\/v2\/posts\/303569","targetHints":{"allow":["GET"]}}],"collection":[{"href":"https:\/\/www.europesays.com\/fi\/wp-json\/wp\/v2\/posts"}],"about":[{"href":"https:\/\/www.europesays.com\/fi\/wp-json\/wp\/v2\/types\/post"}],"author":[{"embeddable":true,"href":"https:\/\/www.europesays.com\/fi\/wp-json\/wp\/v2\/users\/2"}],"replies":[{"embeddable":true,"href":"https:\/\/www.europesays.com\/fi\/wp-json\/wp\/v2\/comments?post=303569"}],"version-history":[{"count":0,"href":"https:\/\/www.europesays.com\/fi\/wp-json\/wp\/v2\/posts\/303569\/revisions"}],"wp:featuredmedia":[{"embeddable":true,"href":"https:\/\/www.europesays.com\/fi\/wp-json\/wp\/v2\/media\/303570"}],"wp:attachment":[{"href":"https:\/\/www.europesays.com\/fi\/wp-json\/wp\/v2\/media?parent=303569"}],"wp:term":[{"taxonomy":"category","embeddable":true,"href":"https:\/\/www.europesays.com\/fi\/wp-json\/wp\/v2\/categories?post=303569"},{"taxonomy":"post_tag","embeddable":true,"href":"https:\/\/www.europesays.com\/fi\/wp-json\/wp\/v2\/tags?post=303569"}],"curies":[{"name":"wp","href":"https:\/\/api.w.org\/{rel}","templated":true}]}}