{"id":303575,"date":"2026-07-18T02:15:15","date_gmt":"2026-07-18T02:15:15","guid":{"rendered":"https:\/\/www.europesays.com\/fi\/303575\/"},"modified":"2026-07-18T02:15:15","modified_gmt":"2026-07-18T02:15:15","slug":"lounais-suomen-poliisi-vie-somepoliisi-ella-variksen-kiusaamisvaitteet-syyttajan-arvioitavaksi-uutissuomalainen","status":"publish","type":"post","link":"https:\/\/www.europesays.com\/fi\/303575\/","title":{"rendered":"Lounais-Suomen poliisi vie somepoliisi Ella Variksen kiusaamisv\u00e4itteet syytt\u00e4j\u00e4n arvioitavaksi | Uutissuomalainen"},"content":{"rendered":"<p>Lounais-Suomen poliisi vie entisen ty\u00f6ntekij\u00e4ns\u00e4 kiusaamisv\u00e4itteet syytt\u00e4j\u00e4n arvioitavaksi.<\/p>\n<p>Lounais-Suomen poliisilaitoksen <a href=\"https:\/\/poliisi.fi\/-\/julkisuudessa-esitetyt-kiusaamisvaitteet-otetaan-poliisissa-vakavasti\" rel=\"nofollow noopener\" target=\"_blank\">mukaan<\/a> sen entinen ty\u00f6tekij\u00e4 on esitt\u00e4nyt julkisuudessa vakavia v\u00e4itteit\u00e4 ty\u00f6ss\u00e4 kohtaamastaan kiusaamisesta. Poliisilaitos toteaa tiedotteessaan, ett\u00e4 poliisissa on nollatoleranssi kiusaamiseen, ep\u00e4asialliseen kohteluun ja h\u00e4irint\u00e4\u00e4n.<\/p>\n<p>\u2013\u2009Nyt esitetyt v\u00e4itteet ovat vakavia, ja siksi olen saattanut ne syytt\u00e4j\u00e4n arvioitavaksi. Haluamme siten varmistaa entisen ty\u00f6ntekij\u00e4mme oikeusturvan toteutumisen my\u00f6s sen j\u00e4lkeen, kun virkasuhde poliisissa on p\u00e4\u00e4ttynyt, Lounais-Suomen poliisilaitoksen poliisip\u00e4\u00e4llikk\u00f6 Risto Lammi sanoo tiedotteessa.<\/p>\n<p>Lounais-Suomen poliisissa ty\u00f6skennellyt vanhempi konstaapeli Ella Varis on t\u00e4ll\u00e4 viikolla <a href=\"https:\/\/www.youtube.com\/watch?v=NfUmaTTkdHs\" rel=\"nofollow noopener\" target=\"_blank\">kertonut<\/a> sosiaalisessa mediassa irtisanoutumisestaan ja sit\u00e4 edelt\u00e4neest\u00e4 kiusaamisesta ty\u00f6paikalla.<\/p>\n<p>Poliisip\u00e4\u00e4llikk\u00f6 Lammi vahvistaa STT:lle, ett\u00e4 prosessissa on kyse Variksen esitt\u00e4mist\u00e4 v\u00e4itteist\u00e4. H\u00e4n kertoo, ett\u00e4 Varis nosti kokemansa kiusaamisen esille yleisell\u00e4 tasolla esihenkil\u00f6lle l\u00e4hett\u00e4m\u00e4ss\u00e4\u00e4n viestiss\u00e4 virkavapaansa aikana.<\/p>\n<p>Asia j\u00e4i kuitenkin k\u00e4sittelem\u00e4tt\u00e4, koska sit\u00e4 ei voinut edist\u00e4\u00e4 virkavapaan aikana ja Varis irtisanoutui heti vapaan j\u00e4lkeen.<\/p>\n<p>\u2013\u2009Mik\u00e4li henkil\u00f6 olisi palannut t\u00f6ihin, olisimme k\u00e4yneet tarkentamaan sit\u00e4, mist\u00e4 t\u00e4ss\u00e4 on kyse. Mutta siihenh\u00e4n emme koskaan p\u00e4\u00e4sseet, Lammi sanoo.<\/p>\n<p>\t\t\t\t&#8221;Syytt\u00e4j\u00e4 arvioi, miten edet\u00e4\u00e4n&#8221;<\/p>\n<p>Sosiaalisessa mediassa tunnettu Varis ty\u00f6skenteli Koulu25-projektissa, joka tuottaa poliisin online-oppitunteja perusasteen ja toisen asteen oppilaitoksille.<\/p>\n<p>Variksen mukaan kiusaaminen ilmeni muun muassa nimett\u00f6min\u00e4 vihakommentteina, sel\u00e4n takana puhumisena, alaspainamisena ja maalittamisena.<\/p>\n<p>Kuultuaan Variksen v\u00e4itteist\u00e4 median kautta Lammi katsoi, ett\u00e4 mahdollinen rikosasia oli tullut poliisin tietoon ja siihen t\u00e4ytyi tarttua.<\/p>\n<p>\u2013\u2009Esitutkintalaissa on s\u00e4\u00e4detty, ett\u00e4 jos ep\u00e4iltyn\u00e4 on poliisimies, tutkinnanjohtajana toimii syytt\u00e4j\u00e4. Syytt\u00e4j\u00e4 arvioi nyt omassa keinovalikoimassaan, mill\u00e4 tavalla asiassa edet\u00e4\u00e4n, Lammi kertoo.<\/p>\n<p><a href=\"https:\/\/yle.fi\/a\/74-20236572\" rel=\"nofollow noopener\" target=\"_blank\">Ylen<\/a> saamien asiakirjojen mukaan Variksesta on tehty poliisille vuosien 2025\u20132026 aikana viisi eettisen kanavan ilmoitusta, yksi hallintokantelu sek\u00e4 yksi poliisin oma-aloitteinen laillisuusvalvonta-asia. Ilmoituksissa korostuu Ylen mukaan kolme teemaa: poliisistatuksesta hy\u00f6tyminen siviiliss\u00e4, pukeutuminen ja poliisille sopiva k\u00e4yt\u00f6s. Varis on kertonut kokeneensa ilmoitukset kiusaamiseksi.<\/p>\n<p>Varikselle oli Ylen mukaan my\u00f6nnetty sivutoimilupa henkil\u00f6kohtaisen sosiaalisen median sis\u00e4ll\u00f6ntuotantoon ja markkinointiin sek\u00e4 kaupallisiin yhteist\u00f6ihin omilla somekanavilla. Variksella oli esimerkiksi Instagramissa erikseen ty\u00f6tili sek\u00e4 sivutoimen ja vapaa-ajan tili.<\/p>\n<p><a href=\"https:\/\/www.hs.fi\/feature\/art-2000012140836.html\" rel=\"nofollow noopener\" target=\"_blank\">Helsingin Sanomien<\/a> mukaan sivutoimilupa peruttiin toukokuussa samana p\u00e4iv\u00e4n\u00e4, kun Varis l\u00e4hetti irtisanoutumisviestin.<\/p>\n","protected":false},"excerpt":{"rendered":"Lounais-Suomen poliisi vie entisen ty\u00f6ntekij\u00e4ns\u00e4 kiusaamisv\u00e4itteet syytt\u00e4j\u00e4n arvioitavaksi. Lounais-Suomen poliisilaitoksen mukaan sen entinen ty\u00f6tekij\u00e4 on esitt\u00e4nyt julkisuudessa vakavia&hellip;\n","protected":false},"author":2,"featured_media":303576,"comment_status":"","ping_status":"","sticky":false,"template":"","format":"standard","meta":{"footnotes":"","_share_on_mastodon":"0"},"categories":[12],"tags":[22,23,26,27,33,31,30,17,46,104,2675,53,24,25,28,29,15,18,21,5756,32,19,20,860,3512,16],"class_list":["post-303575","post","type-post","status-publish","format-standard","has-post-thumbnail","category-suomi","tag-breaking-news","tag-breakingnews","tag-featured-news","tag-featurednews","tag-fi","tag-finland","tag-finnish","tag-headlines","tag-helsingin-sanomat","tag-helsinki","tag-instagram","tag-laki-oikeus-ja-rikos","tag-latest-news","tag-latestnews","tag-main-news","tag-mainnews","tag-news","tag-otsikot","tag-paauutiset","tag-pukeutuminen","tag-suomi","tag-top-stories","tag-topstories","tag-tyoelama","tag-tyontekijat","tag-uutiset"],"share_on_mastodon":{"url":"https:\/\/pubeurope.com\/@fi\/116938573405466799","error":""},"_links":{"self":[{"href":"https:\/\/www.europesays.com\/fi\/wp-json\/wp\/v2\/posts\/303575","targetHints":{"allow":["GET"]}}],"collection":[{"href":"https:\/\/www.europesays.com\/fi\/wp-json\/wp\/v2\/posts"}],"about":[{"href":"https:\/\/www.europesays.com\/fi\/wp-json\/wp\/v2\/types\/post"}],"author":[{"embeddable":true,"href":"https:\/\/www.europesays.com\/fi\/wp-json\/wp\/v2\/users\/2"}],"replies":[{"embeddable":true,"href":"https:\/\/www.europesays.com\/fi\/wp-json\/wp\/v2\/comments?post=303575"}],"version-history":[{"count":0,"href":"https:\/\/www.europesays.com\/fi\/wp-json\/wp\/v2\/posts\/303575\/revisions"}],"wp:featuredmedia":[{"embeddable":true,"href":"https:\/\/www.europesays.com\/fi\/wp-json\/wp\/v2\/media\/303576"}],"wp:attachment":[{"href":"https:\/\/www.europesays.com\/fi\/wp-json\/wp\/v2\/media?parent=303575"}],"wp:term":[{"taxonomy":"category","embeddable":true,"href":"https:\/\/www.europesays.com\/fi\/wp-json\/wp\/v2\/categories?post=303575"},{"taxonomy":"post_tag","embeddable":true,"href":"https:\/\/www.europesays.com\/fi\/wp-json\/wp\/v2\/tags?post=303575"}],"curies":[{"name":"wp","href":"https:\/\/api.w.org\/{rel}","templated":true}]}}