{"id":303628,"date":"2026-07-18T04:01:08","date_gmt":"2026-07-18T04:01:08","guid":{"rendered":"https:\/\/www.europesays.com\/fi\/303628\/"},"modified":"2026-07-18T04:01:08","modified_gmt":"2026-07-18T04:01:08","slug":"tuhoisa-tulipalo-norjan-drammenissa-on-rauhoittunut-mutta-ei-viela-taysin-hallinnassa-uutisia-lyhyesti","status":"publish","type":"post","link":"https:\/\/www.europesays.com\/fi\/303628\/","title":{"rendered":"Tuhoisa tulipalo Norjan Drammenissa on rauhoittunut, mutta ei viel\u00e4 t\u00e4ysin hallinnassa | Uutisia lyhyesti"},"content":{"rendered":"<p class=\"aw__sc-1qwuw0s-0 aw__sc-1vg2sqm-0 epAWpq ecELkD yle__article__paragraph\">Viranomaiset arvelevat sammutust\u00f6iden jatkuvan viel\u00e4 koko lauantain ajan.<\/p>\n<p><img decoding=\"async\" alt=\"Liekkej\u00e4 ja savua kohoaa rinteess\u00e4 sijaitsevasta rivitaloalueesta Norjassa.\" src=\"https:\/\/www.europesays.com\/fi\/wp-content\/uploads\/2026\/07\/1784342681.jpeg\" class=\"aw__sc-dklauk-0 LPzKX\"\/><\/p>\n<p>Avaa kuvien katselu<\/p>\n<p>Liekkej\u00e4 ja savua kohoaa Krokstadelvan rivitalualueesta Drammenissa, Norjassa 17. hein\u00e4kuuta. Kuva: Thomas Fure \/ AFP<\/p>\n<p class=\"aw__sc-1qwuw0s-0 aw__sc-ngllmo-0 epAWpq fzYpjk yle__article__paragraph\">Norjassa Drammenissa Krokstadelvan rivitaloalueella eilen syttynyt tulipalo on rauhoittumassa, mutta se ei ole silti viel\u00e4 t\u00e4ysin hallinnassa. Asiasta kertoi illalla Norjan yleisradio <a class=\"aw__sc-ngllmo-1 bTDnwX yle__article__link\" href=\"https:\/\/www.nrk.no\/artikkel\/katastrofebrann-i-drammen-over-100-boliger-totalskadd-1523126\" role=\"link\" rel=\"nofollow noopener\" target=\"_blank\">NRK<\/a>.<\/p>\n<p class=\"aw__sc-1qwuw0s-0 aw__sc-ngllmo-0 epAWpq fzYpjk yle__article__paragraph\">Poliisip\u00e4\u00e4llikk\u00f6 <strong class=\"aw__sc-ngllmo-2 gdRrun yle__article__strong\">Frode Presthus<\/strong> kertoi illalla lehdist\u00f6lle kello 23 Norjan aikaa, ett\u00e4 tulipalo on rauhoittunut, mutta palomiehet eiv\u00e4t ole viel\u00e4 saaneet sit\u00e4 hallintaansa. Levi\u00e4misriski on edelleen voimassa ja palo levi\u00e4\u00e4 jatkuvasti.<\/p>\n<p class=\"aw__sc-1qwuw0s-0 aw__sc-ngllmo-0 epAWpq fzYpjk yle__article__paragraph\">NRK:n mukaan tulipaloa on sammutettu koko y\u00f6n ja viranomaiset arvelevat sammutust\u00f6iden jatkuvan viel\u00e4 koko lauantain ajan.<\/p>\n<p class=\"aw__sc-1qwuw0s-0 aw__sc-ngllmo-0 epAWpq fzYpjk yle__article__paragraph\">Kaksi ihmist\u00e4 on viety sairaalaan savun hengitt\u00e4misen takia. Toinen heist\u00e4 on pelastusty\u00f6ntekij\u00e4.<\/p>\n<p class=\"aw__sc-1qwuw0s-0 aw__sc-ngllmo-0 epAWpq fzYpjk yle__article__paragraph\">Lis\u00e4ksi yhden palomiehen kerrotaan loukkaantuneen liev\u00e4sti ja kahdeksan poliisin kerrotaan hengitt\u00e4neen savua evakuoinnin aikana.<\/p>\n<p class=\"aw__sc-1qwuw0s-0 aw__sc-ngllmo-0 epAWpq fzYpjk yle__article__paragraph\">Satoja ihmisi\u00e4 evakuoitiin kodeistaan tulipalon takia ja yli sadan kodin kerrotaan tuhoutuneen. T\u00e4ll\u00e4 hetkell\u00e4 ket\u00e4\u00e4n ei ole ilmoitettu kadonneeksi, NRK kertoo.<\/p>\n","protected":false},"excerpt":{"rendered":"Viranomaiset arvelevat sammutust\u00f6iden jatkuvan viel\u00e4 koko lauantain ajan. Avaa kuvien katselu Liekkej\u00e4 ja savua kohoaa Krokstadelvan rivitalualueesta Drammenissa,&hellip;\n","protected":false},"author":2,"featured_media":303629,"comment_status":"","ping_status":"","sticky":false,"template":"","format":"standard","meta":{"footnotes":"","_share_on_mastodon":"0"},"categories":[5],"tags":[22,23,2264,26,27,33,31,30,17,24,25,28,29,15,385,837,18,21,857,32,19,20,6110,1265,56,16],"class_list":["post-303628","post","type-post","status-publish","format-standard","has-post-thumbnail","category-otsikot","tag-breaking-news","tag-breakingnews","tag-evakuointi","tag-featured-news","tag-featurednews","tag-fi","tag-finland","tag-finnish","tag-headlines","tag-latest-news","tag-latestnews","tag-main-news","tag-mainnews","tag-news","tag-norja","tag-onnettomuudet","tag-otsikot","tag-paauutiset","tag-pelastustoiminta","tag-suomi","tag-top-stories","tag-topstories","tag-tulipalojen-sammuttaminen","tag-tulipalot","tag-ulkomaat","tag-uutiset"],"share_on_mastodon":{"url":"https:\/\/pubeurope.com\/@fi\/116938990261047699","error":""},"_links":{"self":[{"href":"https:\/\/www.europesays.com\/fi\/wp-json\/wp\/v2\/posts\/303628","targetHints":{"allow":["GET"]}}],"collection":[{"href":"https:\/\/www.europesays.com\/fi\/wp-json\/wp\/v2\/posts"}],"about":[{"href":"https:\/\/www.europesays.com\/fi\/wp-json\/wp\/v2\/types\/post"}],"author":[{"embeddable":true,"href":"https:\/\/www.europesays.com\/fi\/wp-json\/wp\/v2\/users\/2"}],"replies":[{"embeddable":true,"href":"https:\/\/www.europesays.com\/fi\/wp-json\/wp\/v2\/comments?post=303628"}],"version-history":[{"count":0,"href":"https:\/\/www.europesays.com\/fi\/wp-json\/wp\/v2\/posts\/303628\/revisions"}],"wp:featuredmedia":[{"embeddable":true,"href":"https:\/\/www.europesays.com\/fi\/wp-json\/wp\/v2\/media\/303629"}],"wp:attachment":[{"href":"https:\/\/www.europesays.com\/fi\/wp-json\/wp\/v2\/media?parent=303628"}],"wp:term":[{"taxonomy":"category","embeddable":true,"href":"https:\/\/www.europesays.com\/fi\/wp-json\/wp\/v2\/categories?post=303628"},{"taxonomy":"post_tag","embeddable":true,"href":"https:\/\/www.europesays.com\/fi\/wp-json\/wp\/v2\/tags?post=303628"}],"curies":[{"name":"wp","href":"https:\/\/api.w.org\/{rel}","templated":true}]}}