{"id":303820,"date":"2026-07-18T10:12:12","date_gmt":"2026-07-18T10:12:12","guid":{"rendered":"https:\/\/www.europesays.com\/fi\/303820\/"},"modified":"2026-07-18T10:12:12","modified_gmt":"2026-07-18T10:12:12","slug":"mies-hukkui-nokianvirtaan-pirkanmaa","status":"publish","type":"post","link":"https:\/\/www.europesays.com\/fi\/303820\/","title":{"rendered":"Mies hukkui Nokianvirtaan | Pirkanmaa"},"content":{"rendered":"<p class=\"aw__sc-1qwuw0s-0 aw__sc-1vg2sqm-0 epAWpq ecELkD yle__article__paragraph\">Pirkanmaan pelastuslaitos sai h\u00e4lytyksen Em\u00e4kosken sillalle hieman puoli kuuden j\u00e4lkeen aamulla.<\/p>\n<p><img decoding=\"async\" alt=\"Karttaan merkitty Nokia ja Tampere.\" src=\"https:\/\/www.europesays.com\/fi\/wp-content\/uploads\/2026\/07\/1717154657.jpeg\" class=\"aw__sc-dklauk-0 LPzKX\"\/><\/p>\n<p>Avaa kuvien katselu<\/p>\n<p>Em\u00e4koskentie ylitt\u00e4\u00e4 Nokianvirran Tehdassaaren ja Nokian Rengastehtaan l\u00e4heisyydess\u00e4. Karttakuvassa paikka on punaisen v\u00e4k\u00e4sen alapuolella. Kuva: Miia Anttila \/ Yle, MapCreator, OpenStreetMap<\/p>\n<p>12:12\u2022P\u00e4ivitetty 12:52<\/p>\n<p class=\"aw__sc-1qwuw0s-0 aw__sc-ngllmo-0 epAWpq fzYpjk yle__article__paragraph\">Pirkanmaalla Nokialla sattui varhain lauantaiaamuna onnettomuus, jossa hukkui keski-ik\u00e4inen mies.<\/p>\n<p class=\"aw__sc-1qwuw0s-0 aw__sc-ngllmo-0 epAWpq fzYpjk yle__article__paragraph\">Sis\u00e4-Suomen poliisin p\u00e4ivyst\u00e4v\u00e4 tutkinnanjohtaja <strong class=\"aw__sc-ngllmo-2 gdRrun yle__article__strong\">Sami Suhonen<\/strong> kertoo, ett\u00e4 mies oli joutunut Nokianvirran ylitt\u00e4v\u00e4lt\u00e4 Em\u00e4koskentien sillalta veteen ja hukkunut.<\/p>\n<p class=\"aw__sc-1qwuw0s-0 aw__sc-ngllmo-0 epAWpq fzYpjk yle__article__paragraph\">\u2013 Liikkeell\u00e4 on ollut nelj\u00e4n hengen seurue. Yksi heist\u00e4 on joutunut sillalta veteen, Suhonen sanoo.<\/p>\n<p class=\"aw__sc-1qwuw0s-0 aw__sc-ngllmo-0 epAWpq fzYpjk yle__article__paragraph\">Pirkanmaan pelastuslaitos sai h\u00e4lytyksen Em\u00e4koskentielle hieman puoli kuuden j\u00e4lkeen aamulla. Ilmoitus onnettomuudesta tuli seurueeseen kuuluneelta ihmiselt\u00e4.<\/p>\n<p class=\"aw__sc-1qwuw0s-0 aw__sc-ngllmo-0 epAWpq fzYpjk yle__article__paragraph\">Suhosen mukaan viel\u00e4 ei ole selvill\u00e4, miten tai miksi mies joutui veteen. Poliisi ei ep\u00e4ile onnettomuudessa t\u00e4ll\u00e4 hetkell\u00e4 rikosta. Tapausta selvitet\u00e4\u00e4n kuolemansyyn tutkintana.<\/p>\n<p class=\"aw__sc-1qwuw0s-0 aw__sc-ngllmo-0 epAWpq fzYpjk yle__article__paragraph\">Onnettomuus sattui Tehdassaaren puolella siltaa. Poliisi ei kerro uhrin tarkempaa ik\u00e4\u00e4, mutta h\u00e4n oli yli 40-vuotias.<\/p>\n<p class=\"aw__sc-1qwuw0s-0 aw__sc-ngllmo-0 epAWpq fzYpjk yle__article__paragraph\">Nokianvirta on Kokem\u00e4enjoen vesist\u00f6\u00f6n kuuluva lyhyt joki, joka virtaa Nokian kaupungin halki. Se yhdist\u00e4\u00e4 Tampereen Pyh\u00e4j\u00e4rven ja Kuloveden.<\/p>\n","protected":false},"excerpt":{"rendered":"Pirkanmaan pelastuslaitos sai h\u00e4lytyksen Em\u00e4kosken sillalle hieman puoli kuuden j\u00e4lkeen aamulla. Avaa kuvien katselu Em\u00e4koskentie ylitt\u00e4\u00e4 Nokianvirran Tehdassaaren&hellip;\n","protected":false},"author":2,"featured_media":303821,"comment_status":"","ping_status":"","sticky":false,"template":"","format":"standard","meta":{"footnotes":"","_share_on_mastodon":"0"},"categories":[5],"tags":[22,23,26,27,33,31,30,17,840,71,24,25,28,29,15,1566,837,18,21,857,553,32,19,20,16],"class_list":["post-303820","post","type-post","status-publish","format-standard","has-post-thumbnail","category-otsikot","tag-breaking-news","tag-breakingnews","tag-featured-news","tag-featurednews","tag-fi","tag-finland","tag-finnish","tag-headlines","tag-hukkuminen","tag-kotimaa","tag-latest-news","tag-latestnews","tag-main-news","tag-mainnews","tag-news","tag-nokia","tag-onnettomuudet","tag-otsikot","tag-paauutiset","tag-pelastustoiminta","tag-pirkanmaa","tag-suomi","tag-top-stories","tag-topstories","tag-uutiset"],"share_on_mastodon":{"url":"https:\/\/pubeurope.com\/@fi\/116940449367371419","error":""},"_links":{"self":[{"href":"https:\/\/www.europesays.com\/fi\/wp-json\/wp\/v2\/posts\/303820","targetHints":{"allow":["GET"]}}],"collection":[{"href":"https:\/\/www.europesays.com\/fi\/wp-json\/wp\/v2\/posts"}],"about":[{"href":"https:\/\/www.europesays.com\/fi\/wp-json\/wp\/v2\/types\/post"}],"author":[{"embeddable":true,"href":"https:\/\/www.europesays.com\/fi\/wp-json\/wp\/v2\/users\/2"}],"replies":[{"embeddable":true,"href":"https:\/\/www.europesays.com\/fi\/wp-json\/wp\/v2\/comments?post=303820"}],"version-history":[{"count":0,"href":"https:\/\/www.europesays.com\/fi\/wp-json\/wp\/v2\/posts\/303820\/revisions"}],"wp:featuredmedia":[{"embeddable":true,"href":"https:\/\/www.europesays.com\/fi\/wp-json\/wp\/v2\/media\/303821"}],"wp:attachment":[{"href":"https:\/\/www.europesays.com\/fi\/wp-json\/wp\/v2\/media?parent=303820"}],"wp:term":[{"taxonomy":"category","embeddable":true,"href":"https:\/\/www.europesays.com\/fi\/wp-json\/wp\/v2\/categories?post=303820"},{"taxonomy":"post_tag","embeddable":true,"href":"https:\/\/www.europesays.com\/fi\/wp-json\/wp\/v2\/tags?post=303820"}],"curies":[{"name":"wp","href":"https:\/\/api.w.org\/{rel}","templated":true}]}}