{"id":303886,"date":"2026-07-18T12:21:11","date_gmt":"2026-07-18T12:21:11","guid":{"rendered":"https:\/\/www.europesays.com\/fi\/303886\/"},"modified":"2026-07-18T12:21:11","modified_gmt":"2026-07-18T12:21:11","slug":"poliisi-etsii-yha-sipoossa-puukotuksesta-epailtya-nainen-ja-koira-haavoittuivat-uutisia-lyhyesti","status":"publish","type":"post","link":"https:\/\/www.europesays.com\/fi\/303886\/","title":{"rendered":"Poliisi etsii yh\u00e4 Sipoossa puukotuksesta ep\u00e4ilty\u00e4: nainen ja koira haavoittuivat | Uutisia lyhyesti"},"content":{"rendered":"<p class=\"aw__sc-1qwuw0s-0 aw__sc-ngllmo-0 epAWpq fzYpjk yle__article__paragraph\">Poliisi etsii yh\u00e4<a class=\"aw__sc-ngllmo-1 bTDnwX yle__article__link\" href=\"https:\/\/yle.fi\/a\/74-20236733\" role=\"link\" rel=\"nofollow noopener\" target=\"_blank\"> Sipoossa torstaina tapahtuneen ep\u00e4illyn puukotuksen<\/a> tekij\u00e4\u00e4. Etsinn\u00e4t kohdistuvat laajahkolle alueelle Sipoon S\u00f6derkullassa, It\u00e4-Uudenmaan poliisista kerrotaan.<\/p>\n<p class=\"aw__sc-1qwuw0s-0 aw__sc-ngllmo-0 epAWpq fzYpjk yle__article__paragraph\">Poliisi tiedotti eilen perjantaina ep\u00e4ilev\u00e4ns\u00e4 noin 19-vuotiaan miehen puukottaneen naisyst\u00e4v\u00e4\u00e4ns\u00e4 ja h\u00e4nen koiraansa torstai-iltap\u00e4iv\u00e4n\u00e4.<\/p>\n<p class=\"aw__sc-1qwuw0s-0 aw__sc-ngllmo-0 epAWpq fzYpjk yle__article__paragraph\">Nainen sai tilanteessa sairaalahoitoa vaativia vammoja. Koira oli karannut omistajaltaan, mutta poliisi l\u00f6ysi el\u00e4imen perjantai-iltana kunnossa, mutta liev\u00e4sti haavoittuneena.<\/p>\n<p class=\"aw__sc-1qwuw0s-0 aw__sc-ngllmo-0 epAWpq fzYpjk yle__article__paragraph\">Poliisi l\u00f6ysi Sipoon Taasj\u00e4rven rannalta vaatteita, jonka vuoksi alueella suoritettiin etsint\u00f6j\u00e4 mahdollisesta vedenvaraan joutuneesta henkil\u00f6st\u00e4.<\/p>\n<p class=\"aw__sc-1qwuw0s-0 aw__sc-ngllmo-0 epAWpq fzYpjk yle__article__paragraph\">It\u00e4-Uudenmaan poliisilaitos tutkii tapausta t\u00f6rke\u00e4n\u00e4 pahoinpitelyn\u00e4 sek\u00e4 el\u00e4insuojelurikoksena.<\/p>\n","protected":false},"excerpt":{"rendered":"Poliisi etsii yh\u00e4 Sipoossa torstaina tapahtuneen ep\u00e4illyn puukotuksen tekij\u00e4\u00e4. Etsinn\u00e4t kohdistuvat laajahkolle alueelle Sipoon S\u00f6derkullassa, It\u00e4-Uudenmaan poliisista kerrotaan.&hellip;\n","protected":false},"author":2,"featured_media":303887,"comment_status":"","ping_status":"","sticky":false,"template":"","format":"standard","meta":{"footnotes":"","_share_on_mastodon":"0"},"categories":[12],"tags":[22,23,26,27,33,31,30,17,24,25,28,29,15,18,21,1282,1263,2293,32,19,20,1168,16],"class_list":["post-303886","post","type-post","status-publish","format-standard","has-post-thumbnail","category-suomi","tag-breaking-news","tag-breakingnews","tag-featured-news","tag-featurednews","tag-fi","tag-finland","tag-finnish","tag-headlines","tag-latest-news","tag-latestnews","tag-main-news","tag-mainnews","tag-news","tag-otsikot","tag-paauutiset","tag-puukotus","tag-rikosepailyt","tag-sipoo","tag-suomi","tag-top-stories","tag-topstories","tag-uusimaa","tag-uutiset"],"share_on_mastodon":{"url":"https:\/\/pubeurope.com\/@fi\/116940956435960780","error":""},"_links":{"self":[{"href":"https:\/\/www.europesays.com\/fi\/wp-json\/wp\/v2\/posts\/303886","targetHints":{"allow":["GET"]}}],"collection":[{"href":"https:\/\/www.europesays.com\/fi\/wp-json\/wp\/v2\/posts"}],"about":[{"href":"https:\/\/www.europesays.com\/fi\/wp-json\/wp\/v2\/types\/post"}],"author":[{"embeddable":true,"href":"https:\/\/www.europesays.com\/fi\/wp-json\/wp\/v2\/users\/2"}],"replies":[{"embeddable":true,"href":"https:\/\/www.europesays.com\/fi\/wp-json\/wp\/v2\/comments?post=303886"}],"version-history":[{"count":0,"href":"https:\/\/www.europesays.com\/fi\/wp-json\/wp\/v2\/posts\/303886\/revisions"}],"wp:featuredmedia":[{"embeddable":true,"href":"https:\/\/www.europesays.com\/fi\/wp-json\/wp\/v2\/media\/303887"}],"wp:attachment":[{"href":"https:\/\/www.europesays.com\/fi\/wp-json\/wp\/v2\/media?parent=303886"}],"wp:term":[{"taxonomy":"category","embeddable":true,"href":"https:\/\/www.europesays.com\/fi\/wp-json\/wp\/v2\/categories?post=303886"},{"taxonomy":"post_tag","embeddable":true,"href":"https:\/\/www.europesays.com\/fi\/wp-json\/wp\/v2\/tags?post=303886"}],"curies":[{"name":"wp","href":"https:\/\/api.w.org\/{rel}","templated":true}]}}