{"id":303911,"date":"2026-07-18T13:12:13","date_gmt":"2026-07-18T13:12:13","guid":{"rendered":"https:\/\/www.europesays.com\/fi\/303911\/"},"modified":"2026-07-18T13:12:13","modified_gmt":"2026-07-18T13:12:13","slug":"48-vuotiasta-miesta-syytetaan-eilisesta-murhasta-ja-torkeasta-vakivallasta-aalborgissa-uutisia-lyhyesti","status":"publish","type":"post","link":"https:\/\/www.europesays.com\/fi\/303911\/","title":{"rendered":"48-vuotiasta miest\u00e4 syytet\u00e4\u00e4n eilisest\u00e4 murhasta ja t\u00f6rke\u00e4st\u00e4 v\u00e4kivallasta Aalborgissa | Uutisia lyhyesti"},"content":{"rendered":"<p class=\"aw__sc-1qwuw0s-0 aw__sc-1vg2sqm-0 epAWpq ecELkD yle__article__paragraph\">Syytetty ja poliisi k\u00e4viv\u00e4t tulitaistelun N\u00f8rresundbyssa Aalborgin pohjoispuolella eilen. Yksi kuoli, ja syytetty ja poliisi haavoittuivat.<\/p>\n<p>14:35\u2022P\u00e4ivitetty 16:06<\/p>\n<p class=\"aw__sc-1qwuw0s-0 aw__sc-ngllmo-0 epAWpq fzYpjk yle__article__paragraph\">N\u00f8rresundbyssa Aalborgin pohjoispuolella eilen tapahtunutta ammuskelua on puitu Hj\u00f8rringin k\u00e4r\u00e4j\u00e4oikeudessa t\u00e4n\u00e4\u00e4n lauantaina, <a class=\"aw__sc-ngllmo-1 bTDnwX yle__article__link\" href=\"https:\/\/www.dr.dk\/nyheder\/indland\/live-skyderi-i-aalborg\" role=\"link\" rel=\"nofollow noopener\" target=\"_blank\">yleisradioyhti\u00f6 DR<\/a> kertoo.<\/p>\n<p class=\"aw__sc-1qwuw0s-0 aw__sc-ngllmo-0 epAWpq fzYpjk yle__article__paragraph\">48-vuotiasta miest\u00e4 syytet\u00e4\u00e4n murhasta ja t\u00f6rke\u00e4st\u00e4 v\u00e4kivallasta. Syytt\u00e4j\u00e4 aikoi ensin syytt\u00e4\u00e4 h\u00e4nt\u00e4 murhanyrityksest\u00e4, mutta syyte muuttui oikeudessa t\u00f6rke\u00e4ksi v\u00e4kivallaksi, DR kertoo.<\/p>\n<p class=\"aw__sc-1qwuw0s-0 aw__sc-ngllmo-0 epAWpq fzYpjk yle__article__paragraph\">Mies tunnusti murhanneensa 62-vuotiaan miehen ja ampuneensa kiv\u00e4\u00e4rill\u00e4 poliiseja kohti. H\u00e4n kiisti yritt\u00e4neens\u00e4 tappaa poliiseja.<\/p>\n<p class=\"aw__sc-1qwuw0s-0 aw__sc-ngllmo-0 epAWpq fzYpjk yle__article__paragraph\">Syytteen mukaan 62-mies kuoli yhteen tai kahteen laukaukseen. Poliisi arvioi y\u00f6ll\u00e4 alustavasti, ett\u00e4 syytetty ja 62-vuotias eiv\u00e4t tunteneet toisiaan ennest\u00e4\u00e4n, DR kertoo. Heid\u00e4n suhteeseensa tai syytetyn motiiviin ei tullut selvyytt\u00e4 oikeudessa.<\/p>\n<p class=\"aw__sc-1qwuw0s-0 aw__sc-ngllmo-0 epAWpq fzYpjk yle__article__paragraph\">Syytetty kertoi oikeudessa, ett\u00e4 h\u00e4n oli maalaamassa korjaamolla. H\u00e4n v\u00e4itti, ett\u00e4 ei muista tapahtumia ja sanoi, ett\u00e4 halusi riist\u00e4\u00e4 itselt\u00e4\u00e4n hengen, DR kertoo.<\/p>\n<p class=\"aw__sc-1qwuw0s-0 aw__sc-ngllmo-0 epAWpq fzYpjk yle__article__paragraph\">Oikeus p\u00e4\u00e4tti, ett\u00e4 mies vangitaan toistaiseksi nelj\u00e4ksi viikoksi.<\/p>\n<p>N\u00e4in tapahtumat eteniv\u00e4t<\/p>\n<p class=\"aw__sc-1qwuw0s-0 aw__sc-ngllmo-0 epAWpq fzYpjk yle__article__paragraph\">J\u00f8rn&#8217;s Autolakeringen korjaamossa N\u00f8rresundbyn teollisuualueella syttyi perjantaina iltap\u00e4iv\u00e4ll\u00e4 tulipalo, josta aiheutui voimakasta savunmuodostusta.<\/p>\n<p class=\"aw__sc-1qwuw0s-0 aw__sc-ngllmo-0 epAWpq fzYpjk yle__article__paragraph\">Siksi poliisipartio h\u00e4lytettiin paikalle. Kun poliisit saapuivat korjaamolle, heit\u00e4 kohti ammuttiin. Sen j\u00e4lkeen poliisi ampui laukauksia tekij\u00e4n kukistamiseksi.<\/p>\n<p class=\"aw__sc-1qwuw0s-0 aw__sc-ngllmo-0 epAWpq fzYpjk yle__article__paragraph\">Tilanne aiheutti suuren h\u00e4lytyksen, ja paikalle meni useita raskaasti aseistettuja poliiseja, paloautoja ja ambulansseja. Yksi poliisi haavoittui laukauksista vartaloon ja toiseen jalkaansa.<\/p>\n<p class=\"aw__sc-1qwuw0s-0 aw__sc-ngllmo-0 epAWpq fzYpjk yle__article__paragraph\">My\u00f6s syytetty haavoittui tulitaistelun aikana. H\u00e4nell\u00e4 oli oikeudessa otsassaan iso laastari.<\/p>\n<p class=\"aw__sc-1qwuw0s-0 aw__sc-ngllmo-0 epAWpq fzYpjk yle__article__paragraph\">DR:n mukaan autokorjaamo on tuhoutunut tulipalossa l\u00e4hes kokonaan.<\/p>\n","protected":false},"excerpt":{"rendered":"Syytetty ja poliisi k\u00e4viv\u00e4t tulitaistelun N\u00f8rresundbyssa Aalborgin pohjoispuolella eilen. Yksi kuoli, ja syytetty ja poliisi haavoittuivat. 14:35\u2022P\u00e4ivitetty 16:06&hellip;\n","protected":false},"author":2,"featured_media":303912,"comment_status":"","ping_status":"","sticky":false,"template":"","format":"standard","meta":{"footnotes":"","_share_on_mastodon":"0"},"categories":[14],"tags":[24721,1773,22,23,26,27,33,31,30,17,24,25,28,29,1252,15,18,21,1263,32,1014,19,20,56,16,59,60,61],"class_list":["post-303911","post","type-post","status-publish","format-standard","has-post-thumbnail","category-ulkomaat","tag-aalborg","tag-ampumavalikohtaukset","tag-breaking-news","tag-breakingnews","tag-featured-news","tag-featurednews","tag-fi","tag-finland","tag-finnish","tag-headlines","tag-latest-news","tag-latestnews","tag-main-news","tag-mainnews","tag-murha","tag-news","tag-otsikot","tag-paauutiset","tag-rikosepailyt","tag-suomi","tag-tanska","tag-top-stories","tag-topstories","tag-ulkomaat","tag-uutiset","tag-world","tag-world-news","tag-worldnews"],"share_on_mastodon":{"url":"https:\/\/pubeurope.com\/@fi\/116941156772166633","error":""},"_links":{"self":[{"href":"https:\/\/www.europesays.com\/fi\/wp-json\/wp\/v2\/posts\/303911","targetHints":{"allow":["GET"]}}],"collection":[{"href":"https:\/\/www.europesays.com\/fi\/wp-json\/wp\/v2\/posts"}],"about":[{"href":"https:\/\/www.europesays.com\/fi\/wp-json\/wp\/v2\/types\/post"}],"author":[{"embeddable":true,"href":"https:\/\/www.europesays.com\/fi\/wp-json\/wp\/v2\/users\/2"}],"replies":[{"embeddable":true,"href":"https:\/\/www.europesays.com\/fi\/wp-json\/wp\/v2\/comments?post=303911"}],"version-history":[{"count":0,"href":"https:\/\/www.europesays.com\/fi\/wp-json\/wp\/v2\/posts\/303911\/revisions"}],"wp:featuredmedia":[{"embeddable":true,"href":"https:\/\/www.europesays.com\/fi\/wp-json\/wp\/v2\/media\/303912"}],"wp:attachment":[{"href":"https:\/\/www.europesays.com\/fi\/wp-json\/wp\/v2\/media?parent=303911"}],"wp:term":[{"taxonomy":"category","embeddable":true,"href":"https:\/\/www.europesays.com\/fi\/wp-json\/wp\/v2\/categories?post=303911"},{"taxonomy":"post_tag","embeddable":true,"href":"https:\/\/www.europesays.com\/fi\/wp-json\/wp\/v2\/tags?post=303911"}],"curies":[{"name":"wp","href":"https:\/\/api.w.org\/{rel}","templated":true}]}}