{"id":304050,"date":"2026-07-18T17:55:12","date_gmt":"2026-07-18T17:55:12","guid":{"rendered":"https:\/\/www.europesays.com\/fi\/304050\/"},"modified":"2026-07-18T17:55:12","modified_gmt":"2026-07-18T17:55:12","slug":"essi-unkuri-odottaa-esikoistaan-tunnettu-radiojuontaja-ja-miss-suomi-2021-valmistautuu-aitiyteen","status":"publish","type":"post","link":"https:\/\/www.europesays.com\/fi\/304050\/","title":{"rendered":"Essi Unkuri odottaa esikoistaan \u2013 Tunnettu radiojuontaja ja Miss Suomi 2021 valmistautuu \u00e4itiyteen"},"content":{"rendered":"<p>            Matti Matikainen\n        <\/p>\n<p class=\"subtitle \">Essin laskettuaika l\u00e4henee.<\/p>\n<p class=\"article-content article-content-width !bg-background\">Vuoden 2021 Miss Suomenakin tunnettava radiojuontaja , 28, odottaa esikoispoikaansa yhdess\u00e4 aviomiehens\u00e4 , 36, kanssa.<\/p>\n<p class=\"font-weight-bold m-font-weight-bold article-content article-content-width !bg-background\">Katso my\u00f6s! Essi Unkuri esitteli Seiskalle iltapukunsa huhtikuisessa radiogaalassa:<\/p>\n<p class=\"article-content article-content-width !bg-background\">Laskettuaika siint\u00e4\u00e4 kes\u00e4n lopulla, ja kaikki alkaa olla tulevaa pienokaista varten valmiina.<\/p>\n<p class=\"article-content article-content-width !bg-background\">Essi ja Viljami ostivat kerrostalokolmion p\u00e4\u00e4kaupunkiseudulta heti kun saivat tiet\u00e4\u00e4 odottavansa lasta.<\/p>\n<p class=\"article-content article-content-width !bg-background\">Kyseess\u00e4 oli remontointikuntoinen kohde eli tekemist\u00e4 odotusajalle on riitt\u00e4nyt.<\/p>\n<p class=\"article-content article-content-width !bg-background\">Essi kertoo lauantaina (18.7.) julkaisemassaan Instagram-p\u00e4ivityksess\u00e4 remontin olevan nyt loppusuoralla, ja p\u00e4\u00e4sseens\u00e4 vihdoin sisustamaan tulevan poikansa huonetta.\u00a0<\/p>\n<p class=\"article-content article-content-width !bg-background\">Videolla Essi py\u00f6rii pahvilaatikoiden keskell\u00e4 kyyneleit\u00e4\u00e4n pyyhkien. Hetki on h\u00e4nelle varsin tunteikas.<\/p>\n<p class=\"article-content article-content-width !bg-background\"> \u2013 Yht\u00e4kki\u00e4 oon siin\u00e4 hetkess\u00e4, ett\u00e4 raskas remontti alkaa olemaan valmis, pitk\u00e4 raskausaika lopuillaan ja p\u00e4\u00e4sen kasaamaan mun pojan tavaroita valmiiksi h\u00e4nen omassa huoneessa, Essi kirjoittaa julkaisussaan.<\/p>\n<p class=\"article-content article-content-width !bg-background\">Taustalla soi Pehmoainon kappale Maasta taivaaseen.<\/p>\n<p>Ensimm\u00e4inen h\u00e4\u00e4p\u00e4iv\u00e4<\/p>\n<p class=\"article-content article-content-width !bg-background\"> \u00adNykyisin Pop FM -radiokanavan juontajana tunnettava Essi ja mainosalanyrityksen parissa ahertava Viljami tapasivat toisensa ensikertaa jo vuonna 2017, mutta romanttinen yhteys l\u00f6ytyi vuonna 2019. <\/p>\n<p class=\"article-content article-content-width !bg-background\">Kaksikko tanssi h\u00e4it\u00e4\u00e4n viime kes\u00e4n\u00e4, ja juhlivat ensimm\u00e4ist\u00e4 h\u00e4\u00e4p\u00e4iv\u00e4\u00e4ns\u00e4 sunnuntaina (19.7.).<\/p>\n","protected":false},"excerpt":{"rendered":"Matti Matikainen Essin laskettuaika l\u00e4henee. Vuoden 2021 Miss Suomenakin tunnettava radiojuontaja , 28, odottaa esikoispoikaansa yhdess\u00e4 aviomiehens\u00e4 ,&hellip;\n","protected":false},"author":2,"featured_media":304051,"comment_status":"","ping_status":"","sticky":false,"template":"","format":"standard","meta":{"footnotes":"","_share_on_mastodon":"0"},"categories":[130],"tags":[137,1507,33,31,30,4718,212,2443,3231,32,109,4953],"class_list":["post-304050","post","type-post","status-publish","format-standard","has-post-thumbnail","category-viihde","tag-entertainment","tag-essi-unkuri","tag-fi","tag-finland","tag-finnish","tag-haapaiva","tag-lifestyle","tag-raskaus","tag-remontti","tag-suomi","tag-viihde","tag-viljami-harjuniemi"],"share_on_mastodon":{"url":"https:\/\/pubeurope.com\/@fi\/116942269580803026","error":""},"_links":{"self":[{"href":"https:\/\/www.europesays.com\/fi\/wp-json\/wp\/v2\/posts\/304050","targetHints":{"allow":["GET"]}}],"collection":[{"href":"https:\/\/www.europesays.com\/fi\/wp-json\/wp\/v2\/posts"}],"about":[{"href":"https:\/\/www.europesays.com\/fi\/wp-json\/wp\/v2\/types\/post"}],"author":[{"embeddable":true,"href":"https:\/\/www.europesays.com\/fi\/wp-json\/wp\/v2\/users\/2"}],"replies":[{"embeddable":true,"href":"https:\/\/www.europesays.com\/fi\/wp-json\/wp\/v2\/comments?post=304050"}],"version-history":[{"count":0,"href":"https:\/\/www.europesays.com\/fi\/wp-json\/wp\/v2\/posts\/304050\/revisions"}],"wp:featuredmedia":[{"embeddable":true,"href":"https:\/\/www.europesays.com\/fi\/wp-json\/wp\/v2\/media\/304051"}],"wp:attachment":[{"href":"https:\/\/www.europesays.com\/fi\/wp-json\/wp\/v2\/media?parent=304050"}],"wp:term":[{"taxonomy":"category","embeddable":true,"href":"https:\/\/www.europesays.com\/fi\/wp-json\/wp\/v2\/categories?post=304050"},{"taxonomy":"post_tag","embeddable":true,"href":"https:\/\/www.europesays.com\/fi\/wp-json\/wp\/v2\/tags?post=304050"}],"curies":[{"name":"wp","href":"https:\/\/api.w.org\/{rel}","templated":true}]}}