{"id":304321,"date":"2026-07-19T03:08:16","date_gmt":"2026-07-19T03:08:16","guid":{"rendered":"https:\/\/www.europesays.com\/fi\/304321\/"},"modified":"2026-07-19T03:08:16","modified_gmt":"2026-07-19T03:08:16","slug":"huittisten-hukkumisonnettomuudessa-osallisena-ollut-toinen-lapsi-kotiutui-sairaalasta-kotimaa","status":"publish","type":"post","link":"https:\/\/www.europesays.com\/fi\/304321\/","title":{"rendered":"Huittisten hukkumis\u00adonnettomuudessa osallisena ollut toinen lapsi kotiutui sairaalasta | Kotimaa"},"content":{"rendered":"<p class=\"aw__sc-1qwuw0s-0 aw__sc-1vg2sqm-0 epAWpq ecELkD yle__article__paragraph\">Toinen uimassa olleista pojista hukkui. Poliisi jatkaa onnettomuuden olosuhteiden selvitt\u00e4mist\u00e4, mutta asiassa ei ep\u00e4ill\u00e4 rikosta.<\/p>\n<p><img decoding=\"async\" alt=\"Kartta, jossa Huittinen lilalla pilleri.\" src=\"https:\/\/www.europesays.com\/fi\/wp-content\/uploads\/2026\/07\/1784313159.jpeg\" class=\"aw__sc-dklauk-0 LPzKX\"\/><\/p>\n<p>Avaa kuvien katselu<\/p>\n<p>Tapaus sattui Loimijoen rannassa Huittisten Loiman kyl\u00e4ss\u00e4. Kuva: Susanna Pesonen \/ Yle, Mapcreator, OpenStreetMap<\/p>\n<p>18.7. 16:00\u2022P\u00e4ivitetty 18.7. 16:03<\/p>\n<p class=\"aw__sc-1qwuw0s-0 aw__sc-ngllmo-0 epAWpq fzYpjk yle__article__paragraph\">Huittisilla perjantaina hukkumisonnettomuudessa osallisena ollut lapsi on p\u00e4\u00e4ssyt pois sairaalasta.<\/p>\n<p class=\"aw__sc-1qwuw0s-0 aw__sc-ngllmo-0 epAWpq fzYpjk yle__article__paragraph\">Asian vahvistaa rikoskomisario <strong class=\"aw__sc-ngllmo-2 gdRrun yle__article__strong\">Jari Klaus<\/strong> Lounais-Suomen poliisista.<\/p>\n<p class=\"aw__sc-1qwuw0s-0 aw__sc-ngllmo-0 epAWpq fzYpjk yle__article__paragraph\">Klausin mukaan poliisi jatkaa onnettomuuden olosuhteiden selvitt\u00e4mist\u00e4 ja hukkuneen lapsen kuolemansyyntutkintaa.<\/p>\n<p class=\"aw__sc-1qwuw0s-0 aw__sc-ngllmo-0 epAWpq fzYpjk yle__article__paragraph\">Viranomaiset saivat perjantai-iltana ilmoituksen uimarannalle pelastusteht\u00e4v\u00e4st\u00e4.<\/p>\n<p class=\"aw__sc-1qwuw0s-0 aw__sc-ngllmo-0 epAWpq fzYpjk yle__article__paragraph\">Uimassa oli ollut kaksi alaik\u00e4ist\u00e4 poikaa, jotka molemmat olivat joutuneet veden alle.<\/p>\n<p class=\"aw__sc-1qwuw0s-0 aw__sc-ngllmo-0 epAWpq fzYpjk yle__article__paragraph\">Rannalla olleet olivat saaneet toisen pojista rannalle, mutta toinen pojista hukkui.<\/p>\n<p class=\"aw__sc-1qwuw0s-0 aw__sc-ngllmo-0 epAWpq fzYpjk yle__article__paragraph\">Poliisi on aloittanut tapahtumisen selvitt\u00e4misen. Toistaiseksi poliisi ei ep\u00e4ile asiassa rikosta.<\/p>\n","protected":false},"excerpt":{"rendered":"Toinen uimassa olleista pojista hukkui. Poliisi jatkaa onnettomuuden olosuhteiden selvitt\u00e4mist\u00e4, mutta asiassa ei ep\u00e4ill\u00e4 rikosta. Avaa kuvien katselu&hellip;\n","protected":false},"author":2,"featured_media":303421,"comment_status":"","ping_status":"","sticky":false,"template":"","format":"standard","meta":{"footnotes":"","_share_on_mastodon":"0"},"categories":[12],"tags":[22,23,26,27,33,31,30,17,71,24,25,28,29,15,837,18,21,52,968,32,19,20,32527,4312,16],"class_list":["post-304321","post","type-post","status-publish","format-standard","has-post-thumbnail","category-suomi","tag-breaking-news","tag-breakingnews","tag-featured-news","tag-featurednews","tag-fi","tag-finland","tag-finnish","tag-headlines","tag-kotimaa","tag-latest-news","tag-latestnews","tag-main-news","tag-mainnews","tag-news","tag-onnettomuudet","tag-otsikot","tag-paauutiset","tag-poliisi","tag-satakunta","tag-suomi","tag-top-stories","tag-topstories","tag-uimarannat","tag-uinti","tag-uutiset"],"share_on_mastodon":{"url":"https:\/\/pubeurope.com\/@fi\/116944444575303471","error":""},"_links":{"self":[{"href":"https:\/\/www.europesays.com\/fi\/wp-json\/wp\/v2\/posts\/304321","targetHints":{"allow":["GET"]}}],"collection":[{"href":"https:\/\/www.europesays.com\/fi\/wp-json\/wp\/v2\/posts"}],"about":[{"href":"https:\/\/www.europesays.com\/fi\/wp-json\/wp\/v2\/types\/post"}],"author":[{"embeddable":true,"href":"https:\/\/www.europesays.com\/fi\/wp-json\/wp\/v2\/users\/2"}],"replies":[{"embeddable":true,"href":"https:\/\/www.europesays.com\/fi\/wp-json\/wp\/v2\/comments?post=304321"}],"version-history":[{"count":0,"href":"https:\/\/www.europesays.com\/fi\/wp-json\/wp\/v2\/posts\/304321\/revisions"}],"wp:featuredmedia":[{"embeddable":true,"href":"https:\/\/www.europesays.com\/fi\/wp-json\/wp\/v2\/media\/303421"}],"wp:attachment":[{"href":"https:\/\/www.europesays.com\/fi\/wp-json\/wp\/v2\/media?parent=304321"}],"wp:term":[{"taxonomy":"category","embeddable":true,"href":"https:\/\/www.europesays.com\/fi\/wp-json\/wp\/v2\/categories?post=304321"},{"taxonomy":"post_tag","embeddable":true,"href":"https:\/\/www.europesays.com\/fi\/wp-json\/wp\/v2\/tags?post=304321"}],"curies":[{"name":"wp","href":"https:\/\/api.w.org\/{rel}","templated":true}]}}