{"id":30448,"date":"2025-09-10T01:41:10","date_gmt":"2025-09-10T01:41:10","guid":{"rendered":"https:\/\/www.europesays.com\/fi\/30448\/"},"modified":"2025-09-10T01:41:10","modified_gmt":"2025-09-10T01:41:10","slug":"keravan-kolli-muistaa-jouko-turkan-sanat-saa-heiskanen-tienaat-viela-omaisuuden-noilla-sun-jutuillas-keski-uusimaa","status":"publish","type":"post","link":"https:\/\/www.europesays.com\/fi\/30448\/","title":{"rendered":"&quot;Keravan kolli&quot; muistaa Jouko Turkan sanat: &quot;S\u00e4\u00e4 Heiskanen tienaat viel\u00e4 omaisuuden noilla sun jutuillas!&quot; &#8211; Keski-Uusimaa"},"content":{"rendered":"<ol>\n<li><a href=\"https:\/\/news.google.com\/rss\/articles\/CBMiXEFVX3lxTFAtaHpLX1NBOVJHb1FBX0RrZ3FiLVZSZlh0aUxLbmVXOXp5UHNrb2dTLUwxNjEzV0g3ZHNESE0wTS14NDZDWlhXMU5jZHBrQ0pQQS0yM0VzdlVKeHAt?oc=5\" target=\"_blank\" rel=\"nofollow noopener\">&#8221;Keravan kolli&#8221; muistaa Jouko Turkan sanat: &#8221;S\u00e4\u00e4 Heiskanen tienaat viel\u00e4 omaisuuden noilla sun jutuillas!&#8221;<\/a>&nbsp;&nbsp;Keski-Uusimaa<\/li>\n<li><a href=\"https:\/\/news.google.com\/rss\/articles\/CBMiSEFVX3lxTFBfYjZJb1B0bGNWVFhBTldyXzVnTkhzQl9tOHNsUXh1X1A2WW1WMWRwSVBDZTZScVJLNVRUTkFwMEJHVUxWWUk2Rw?oc=5\" target=\"_blank\" rel=\"nofollow noopener\">Fingerpori 10.9.2025<\/a>&nbsp;&nbsp;Etel\u00e4-Suomen Sanomat<\/li>\n<li><a href=\"https:\/\/news.google.com\/rss\/articles\/CBMiVkFVX3lxTFBTNjYzZUJ0OFJLT0EyVjlJdkRMTUtUVjFsYi1rdUxEV0FIZXozWTFXVDlNeUZGTEJDaEt5LWpYLWVJbThHV3p2ZDdLVUM5TlZVNWFIVDBB?oc=5\" target=\"_blank\" rel=\"nofollow noopener\">Presidentti Stubbin vierailu Mikkeliin siirtyy<\/a>&nbsp;&nbsp;Etel\u00e4-Suomen Sanomat<\/li>\n<li><a href=\"https:\/\/news.google.com\/rss\/articles\/CBMipAFBVV95cUxPSGdDYnlzVV9obzRka0ZZdFJLcjd1MnluMWM1TVU1WjNtRVl1QjFLbkdRci15MjhDbnBwWWVCNkQ3MXM2VExvYmttNm1WVUExaFVxenpNUjM3UVozSnpzblI3WGJ0bmhhdzd3WWZBU0FLUDNCU1dKb051Z3hqSEwyRVcyTGcwMVc0bkZaY2J6a0xCellBNlJiWFFCb00zbVVrZlVvSg?oc=5\" target=\"_blank\" rel=\"nofollow noopener\">Presidentti Stubbin ylihuominen vierailu Mikkeliin siirtyy<\/a>&nbsp;&nbsp;mtvuutiset.fi<\/li>\n<li><a href=\"https:\/\/news.google.com\/rss\/articles\/CBMiW0FVX3lxTE9rYzRxTmV4QlpaTDlKVGV6eG5SNFg5ZGJMOVo0dzE5S1BBQm9waml1ZEFXTVpzZUt1WTlqNVRnT000RjhEWnByVkF3T25hQlI1QUZteTlXeWxlc2c?oc=5\" target=\"_blank\" rel=\"nofollow noopener\">Kuopion kaupunki ja KuPS avasivat stadionhankkeen etenemist\u00e4 \u2013 katso tiedotustilaisuus t\u00e4st\u00e4<\/a>&nbsp;&nbsp;Savon Sanomat<\/li>\n<\/ol>\n","protected":false},"excerpt":{"rendered":"&#8221;Keravan kolli&#8221; muistaa Jouko Turkan sanat: &#8221;S\u00e4\u00e4 Heiskanen tienaat viel\u00e4 omaisuuden noilla sun jutuillas!&#8221;&nbsp;&nbsp;Keski-Uusimaa Fingerpori 10.9.2025&nbsp;&nbsp;Etel\u00e4-Suomen Sanomat Presidentti&hellip;\n","protected":false},"author":2,"featured_media":30449,"comment_status":"","ping_status":"","sticky":false,"template":"","format":"standard","meta":{"footnotes":""},"categories":[136],"tags":[407,137,33,31,30,104,408,727,2647,622,9092,32,485,140,109],"class_list":{"0":"post-30448","1":"post","2":"type-post","3":"status-publish","4":"format-standard","5":"has-post-thumbnail","7":"category-julkkikset","8":"tag-celebrities","9":"tag-entertainment","10":"tag-fi","11":"tag-finland","12":"tag-finnish","13":"tag-helsinki","14":"tag-julkkikset","15":"tag-kajaanin-seutukunta","16":"tag-kerava","17":"tag-nayttelijat","18":"tag-punkalaidun","19":"tag-suomi","20":"tag-taide-yleista","21":"tag-tv-ja-elokuvat","22":"tag-viihde"},"share_on_mastodon":{"url":"","error":""},"_links":{"self":[{"href":"https:\/\/www.europesays.com\/fi\/wp-json\/wp\/v2\/posts\/30448","targetHints":{"allow":["GET"]}}],"collection":[{"href":"https:\/\/www.europesays.com\/fi\/wp-json\/wp\/v2\/posts"}],"about":[{"href":"https:\/\/www.europesays.com\/fi\/wp-json\/wp\/v2\/types\/post"}],"author":[{"embeddable":true,"href":"https:\/\/www.europesays.com\/fi\/wp-json\/wp\/v2\/users\/2"}],"replies":[{"embeddable":true,"href":"https:\/\/www.europesays.com\/fi\/wp-json\/wp\/v2\/comments?post=30448"}],"version-history":[{"count":0,"href":"https:\/\/www.europesays.com\/fi\/wp-json\/wp\/v2\/posts\/30448\/revisions"}],"wp:featuredmedia":[{"embeddable":true,"href":"https:\/\/www.europesays.com\/fi\/wp-json\/wp\/v2\/media\/30449"}],"wp:attachment":[{"href":"https:\/\/www.europesays.com\/fi\/wp-json\/wp\/v2\/media?parent=30448"}],"wp:term":[{"taxonomy":"category","embeddable":true,"href":"https:\/\/www.europesays.com\/fi\/wp-json\/wp\/v2\/categories?post=30448"},{"taxonomy":"post_tag","embeddable":true,"href":"https:\/\/www.europesays.com\/fi\/wp-json\/wp\/v2\/tags?post=30448"}],"curies":[{"name":"wp","href":"https:\/\/api.w.org\/{rel}","templated":true}]}}