{"id":304502,"date":"2026-07-19T09:08:10","date_gmt":"2026-07-19T09:08:10","guid":{"rendered":"https:\/\/www.europesays.com\/fi\/304502\/"},"modified":"2026-07-19T09:08:10","modified_gmt":"2026-07-19T09:08:10","slug":"mirella-edessa-suuri-muutos-seiska","status":"publish","type":"post","link":"https:\/\/www.europesays.com\/fi\/304502\/","title":{"rendered":"Mirella: Edess\u00e4 suuri muutos | Seiska"},"content":{"rendered":"<p>\n            20250308, Espoo. Emma-gaala 2025. Kuvassa Mirella.<br \/>\n            Timo Korhonen\n        <\/p>\n<p class=\"subtitle \">Mirella teki paljastuksen radiokanavan somessa.<\/p>\n<p class=\"article-content article-content-width !bg-background\">Supersuosittu poppari  eli , 21, vastasi Radio Suomipopin kuuntelijoiden olettamuksiin h\u00e4nest\u00e4 kanavan <a href=\"https:\/\/www.instagram.com\/radiosuomipop\/\" aria-label=\"Suomipopin Instagram\" target=\"_blank\" rel=\"nofollow noopener\">sosiaalisessa mediassa<\/a> jakamalla videolla.<\/p>\n<p class=\"article-content article-content-width !bg-background\">Mirella kertoo videolla muun muassa pit\u00e4v\u00e4ns\u00e4 urheilusta, mutta kokevansa liikkumaan l\u00e4htemisen vaikeana.<\/p>\n<p>        <a itemprop=\"url\" href=\"https:\/\/www.seiska.fi\/kotimaa\/lauri-haav-ja-mirella-yllattavat-silmaanpistava-yksityiskohta\/2161314\" rel=\"nofollow noopener\" target=\"_blank\"><\/p>\n<p>\nLauri Haav ja Mirella yll\u00e4tt\u00e4v\u00e4t\n<\/p>\n<p class=\"section-date\">\n        <strong class=\"article-section\" data-section=\"kotimaa\"><br \/>\n            kotimaa<br \/>\n        <\/strong><br \/>\n        25.5. 18:00\n    <\/p>\n<p>Lauri Haav ja Mirella yll\u00e4tt\u00e4v\u00e4t: Silm\u00e4\u00e4npist\u00e4v\u00e4 yksityiskohta\n    <\/p>\n<p itemprop=\"description\" class=\"subtitle \">\n    Uudella musiikkivideolla n\u00e4hd\u00e4\u00e4n hurjann\u00e4k\u00f6ist\u00e4 menoa!\n<\/p>\n<p>        <\/a><\/p>\n<p class=\"article-content article-content-width !bg-background\">Samalla videolla popt\u00e4hti tekee suuremman paljastuksen tulevaisuudestaan.<\/p>\n<p>Edess\u00e4 iso muutos<\/p>\n<p class=\"article-content article-content-width !bg-background\">Videolla k\u00e4y ilmi, ett\u00e4 olettamus siit\u00e4, ettei Mirella osaisi kokata &#8221;saattaa pit\u00e4\u00e4 paikkaansa.&#8221; Asiaan on kuitenkin tulossa muutos.<\/p>\n<p class=\"article-content article-content-width !bg-background\">Mirella nimitt\u00e4in paljastaa olevansa muuttoaikeissa. H\u00e4n on muuttamassa ensimm\u00e4ist\u00e4 kertaa omaan kotiin, ja aikoo n\u00e4in ollen opetella ruoanlaiton salat.<\/p>\n<p class=\"article-content article-content-width !bg-background\">Sen tarkemmin Mirella ei muuttoaikeitaan t\u00e4ll\u00e4 haavaa avaa.<\/p>\n<p class=\"article-content article-content-width !bg-background\">Videolla Mirella vastasi my\u00f6s h\u00e4nen ja r\u00e4pp\u00e4ri Lauri Haavin v\u00e4lej\u00e4 koskevaan olettamukseen. Sen mukaan Mirella ja r\u00e4ppistara olisivat &#8221;ainakin joskus tyk\u00e4nneet toisistaan silleen&#8221;.\u00a0<\/p>\n<p>        <a itemprop=\"url\" href=\"https:\/\/www.seiska.fi\/kotimaa\/mirella-ja-sexmane-suhteen-tilasta-uutta-tietoa\/2119285\" rel=\"nofollow noopener\" target=\"_blank\"><\/p>\n<p>\nMirella ja Sexmane\n<\/p>\n<p class=\"section-date\">\n        <strong class=\"article-section\" data-section=\"kotimaa\"><br \/>\n            kotimaa<br \/>\n        <\/strong><br \/>\n        3.4. 07:00\n    <\/p>\n<p>Mirella ja Sexmane: Suhteen tilasta uutta tietoa!\n    <\/p>\n<p itemprop=\"description\" class=\"subtitle \">\n    Mirella keskittyy uuden musiikin luomiseen, mutta miss\u00e4 on Sexmane?\n<\/p>\n<p>        <\/a><\/p>\n<p class=\"article-content article-content-width !bg-background\"> \u2013 No, kuka nyt ei tykk\u00e4isi Laurista? Lauri on tosi ihana ja sympaattinen, ja h\u00e4nen kanssaan on ollut kunnia tehd\u00e4 t\u00f6it\u00e4, Mirella toteaa.<\/p>\n<p class=\"article-content article-content-width !bg-background\">Olettamus ei videon mukaan pid\u00e4 paikkaansa.<\/p>\n<p>Todellinen menestysartisti<\/p>\n<p class=\"article-content article-content-width !bg-background\">Mirellan ura sai suorastaan s\u00e4ken\u00f6iv\u00e4n alun, kun h\u00e4nen toinen singlens\u00e4, vuonna 2024 julkaistu Timanttei, rohmusi sinkku-, radio- ja suoratoistolistojen k\u00e4rkisijat.<\/p>\n<p>        <a itemprop=\"url\" href=\"https:\/\/www.seiska.fi\/kotimaa\/artisti-mirella-uutta-tietoa-voinnista\/1866692\" rel=\"nofollow noopener\" target=\"_blank\"><\/p>\n<p>\nMirella\n<\/p>\n<p class=\"section-date\">\n        <strong class=\"article-section\" data-section=\"kotimaa\"><br \/>\n            kotimaa<br \/>\n        <\/strong><br \/>\n        12.7.2025 10:32\n    <\/p>\n<p>Artisti Mirella \u2013 uutta tietoa voinnista\n    <\/p>\n<p itemprop=\"description\" class=\"subtitle \">\n    Mirella ilmoitti alkuviikosta joutuvansa perumaan keikkoja.\n<\/p>\n<p>        <\/a><\/p>\n<p class=\"article-content article-content-width !bg-background\">Artistin jaksaminen her\u00e4tti viime kes\u00e4n\u00e4 fanien keskuudessa suurta huolta, kun h\u00e4n joutui keskeytt\u00e4m\u00e4\u00e4n keikkansa Wanaja-festivaalilla. Mirella kuitenkin kommentoi my\u00f6hemmin keskeytyksen johtuneen flunssasta.<\/p>\n<p>                <img decoding=\"async\" src=\"https:\/\/www.europesays.com\/fi\/wp-content\/uploads\/2026\/07\/2143085.webp\" width=\"576\" height=\"720\" alt=\"Mirella palkittiin vuoden 2025 Emma-gaalassa huimalla kuudella pystill\u00e4. T\u00e4n\u00e4kin vuonna tuli yksi. Kuva Emma-gaalasta maaliskuulta 2026.\" loading=\"lazy\" \/>            <\/p>\n<p>\n            Mirella palkittiin vuoden 2025 Emma-gaalassa huimalla kuudella pystill\u00e4. T\u00e4n\u00e4kin vuonna tuli yksi. Kuva Emma-gaalasta maaliskuulta 2026.<br \/>\n            Timo Korhonen\n        <\/p>\n<p class=\"article-content article-content-width !bg-background\">Mirella pit\u00e4\u00e4 yht\u00e4 r\u00e4pp\u00e4ri  kanssa. Kaksikko muodostaakin kotimaisella viihdekent\u00e4ll\u00e4 todellisen superparin.<\/p>\n<p><script async src=\"\/\/www.instagram.com\/embed.js\"><\/script><\/p>\n","protected":false},"excerpt":{"rendered":"20250308, Espoo. Emma-gaala 2025. Kuvassa Mirella. Timo Korhonen Mirella teki paljastuksen radiokanavan somessa. Supersuosittu poppari eli , 21,&hellip;\n","protected":false},"author":2,"featured_media":304503,"comment_status":"","ping_status":"","sticky":false,"template":"","format":"standard","meta":{"footnotes":"","_share_on_mastodon":"0"},"categories":[130],"tags":[137,33,31,30,39618,8658,3255,9878,1065,32,109],"class_list":["post-304502","post","type-post","status-publish","format-standard","has-post-thumbnail","category-viihde","tag-entertainment","tag-fi","tag-finland","tag-finnish","tag-lauri-haavi","tag-mirella-roininen","tag-muutto","tag-radio-suomipop","tag-sexmane","tag-suomi","tag-viihde"],"share_on_mastodon":{"url":"https:\/\/pubeurope.com\/@fi\/116945859763937546","error":""},"_links":{"self":[{"href":"https:\/\/www.europesays.com\/fi\/wp-json\/wp\/v2\/posts\/304502","targetHints":{"allow":["GET"]}}],"collection":[{"href":"https:\/\/www.europesays.com\/fi\/wp-json\/wp\/v2\/posts"}],"about":[{"href":"https:\/\/www.europesays.com\/fi\/wp-json\/wp\/v2\/types\/post"}],"author":[{"embeddable":true,"href":"https:\/\/www.europesays.com\/fi\/wp-json\/wp\/v2\/users\/2"}],"replies":[{"embeddable":true,"href":"https:\/\/www.europesays.com\/fi\/wp-json\/wp\/v2\/comments?post=304502"}],"version-history":[{"count":0,"href":"https:\/\/www.europesays.com\/fi\/wp-json\/wp\/v2\/posts\/304502\/revisions"}],"wp:featuredmedia":[{"embeddable":true,"href":"https:\/\/www.europesays.com\/fi\/wp-json\/wp\/v2\/media\/304503"}],"wp:attachment":[{"href":"https:\/\/www.europesays.com\/fi\/wp-json\/wp\/v2\/media?parent=304502"}],"wp:term":[{"taxonomy":"category","embeddable":true,"href":"https:\/\/www.europesays.com\/fi\/wp-json\/wp\/v2\/categories?post=304502"},{"taxonomy":"post_tag","embeddable":true,"href":"https:\/\/www.europesays.com\/fi\/wp-json\/wp\/v2\/tags?post=304502"}],"curies":[{"name":"wp","href":"https:\/\/api.w.org\/{rel}","templated":true}]}}