{"id":304529,"date":"2026-07-19T10:00:13","date_gmt":"2026-07-19T10:00:13","guid":{"rendered":"https:\/\/www.europesays.com\/fi\/304529\/"},"modified":"2026-07-19T10:00:13","modified_gmt":"2026-07-19T10:00:13","slug":"hyh-iljettava-huomio-brittikuninkaallisista-seiska","status":"publish","type":"post","link":"https:\/\/www.europesays.com\/fi\/304529\/","title":{"rendered":"Hyh! Iljett\u00e4v\u00e4 huomio brittikuninkaallisista | Seiska"},"content":{"rendered":"<p class=\"article-content article-content-width !bg-background\">Lontoossa sijaitseva Buckinghamin palatsi on toiminut Yhdistyneiden kuningaskuntien monarkin virallisena asuntona aina vuodesta 1837, jolloin sinne muutti kuningatar <a alt=\"Haku\" class=\"text-primary-red font-extrabold\" href=\"https:\/\/www.seiska.fi\/haku?q=Viktoria\" rel=\"nofollow noopener\" target=\"_blank\">Viktoria<\/a>.\u00a0<\/p>\n<p class=\"font-weight-bold m-font-weight-bold article-content article-content-width !bg-background\">Katso my\u00f6s! Tiesitk\u00f6 t\u00e4m\u00e4n prinsessa Catherinesta?<\/p>\n<p class=\"article-content article-content-width !bg-background\">Toisin kuin edelt\u00e4j\u00e4ns\u00e4, kuningas <a alt=\"Haku\" class=\"text-primary-red font-extrabold\" href=\"https:\/\/www.seiska.fi\/haku?q=Charles\" rel=\"nofollow noopener\" target=\"_blank\">Charles<\/a> ei kuitenkaan asu Buckinghamin palatsissa. H\u00e4n ja kuningatar <a alt=\"Haku\" class=\"text-primary-red font-extrabold\" href=\"https:\/\/www.seiska.fi\/haku?q=Camilla\" rel=\"nofollow noopener\" target=\"_blank\">Camilla<\/a> elelev\u00e4t yh\u00e4 p\u00e4\u00e4asiassa Clarence house -residenssiss\u00e4\u00e4n, joka sekin sijaitsee punaisista busseistaan tunnetun p\u00e4\u00e4kaupungin alueella.\u00a0<\/p>\n<p class=\"article-content article-content-width !bg-background\">Charles on todennut, ettei kuningasparilla ole aikomustakaan pakata kimpsujaan ja muuttaa hulppeaan Buckinghamiin. Syy ei ole t\u00e4ysin selvill\u00e4. Tuoreiden tietojen valossa taustalla saattaa kuitenkin piill\u00e4 varsin iljett\u00e4v\u00e4 seikka.\u00a0<\/p>\n<p>                <img decoding=\"async\" src=\"https:\/\/www.europesays.com\/fi\/wp-content\/uploads\/2026\/07\/2210850.webp\" width=\"576\" height=\"322\" alt=\"Buckinghamin palatsi ei kelpaa kuningasparin kodiksi.\" loading=\"lazy\" \/>            <\/p>\n<p>\n            Buckinghamin palatsi ei kelpaa kuningasparin kodiksi.<br \/>\n            Vuk Valcic\/SOPA Images\/Shutterstock\/All Over Press\n        <\/p>\n<p>Piinaava haju<\/p>\n<p class=\"article-content article-content-width !bg-background\">Sisustussuunnittelija <a alt=\"Haku\" class=\"text-primary-red font-extrabold\" href=\"https:\/\/www.seiska.fi\/haku?q=Laurence Llewelyn-Bowen\" rel=\"nofollow noopener\" target=\"_blank\">Laurence Llewelyn-Bowen<\/a> on kohdistanut noin 77 000 neli\u00f6n linnaan yll\u00e4tt\u00e4v\u00e4\u00e4 kritiikki\u00e4. H\u00e4n kertoo<a href=\"https:\/\/heatworld.com\/celebrity\/news\/laurence-harry-styles-has-been-inspired-by-me\/\" target=\"_blank\" rel=\"nofollow noopener\"> Heat-lehdelle<\/a> vierailleensa palatsissa hiljattain ja sen muistuttaneen h\u00e4nt\u00e4 l\u00e4hinn\u00e4 Pitk\u00e4n Jussin majatalosta. Brittikomediaa tehtiin 1970-luvulla.<\/p>\n<p class=\"article-content article-content-width !bg-background\">\u2013 Ennen niin upea tila tuo nyky\u00e4\u00e4n mieleen vanhan golf-hotellin, joka haisee kaalilta ja tahmaisilta matoilta, suunnittelija kuvailee varsin ep\u00e4imartelevasti.<\/p>\n<p>Vastaremontoitu<\/p>\n<p class=\"article-content article-content-width !bg-background\">Llewelyn-Bowenin ulostulo on yll\u00e4tt\u00e4v\u00e4. Buckinhamin palatsia on nimitt\u00e4in remontoitu kovalla k\u00e4dell\u00e4. 10 vuotta kest\u00e4nyt remontti valmistui vihdoin t\u00e4n\u00e4 vuonna.\u00a0<\/p>\n<p class=\"article-content article-content-width !bg-background\"><a href=\"https:\/\/www.hellomagazine.com\/homes\/913228\/king-charles-buckingham-palace-critique\/\" target=\"_blank\" rel=\"nofollow noopener\">Hello! kertoo remonttiin uponneen 369 miljoonaa puntaa<\/a>. Euroissa paikkauksia on siis tehty reilulla 434 miljoonalla.\u00a0<\/p>\n<p class=\"article-content article-content-width !bg-background\">Sisutusseikkojen sis\u00e4\u00e4n rempassa on kuitenkin keskitytty esimerkiksi putkiston ja s\u00e4hk\u00f6jen uusimiseen nykyaikaiselle tasolle.\u00a0<\/p>\n","protected":false},"excerpt":{"rendered":"Lontoossa sijaitseva Buckinghamin palatsi on toiminut Yhdistyneiden kuningaskuntien monarkin virallisena asuntona aina vuodesta 1837, jolloin sinne muutti kuningatar&hellip;\n","protected":false},"author":2,"featured_media":304530,"comment_status":"","ping_status":"","sticky":false,"template":"","format":"standard","meta":{"footnotes":"","_share_on_mastodon":"0"},"categories":[130],"tags":[1721,22026,137,33,31,30,39620,4197,6464,34009,212,3231,32,109],"class_list":["post-304529","post","type-post","status-publish","format-standard","has-post-thumbnail","category-viihde","tag-brittihovi","tag-buckinghamin-palatsi","tag-entertainment","tag-fi","tag-finland","tag-finnish","tag-hajut","tag-kuningas-charles","tag-kuningatar-camilla","tag-kuningatar-viktoria","tag-lifestyle","tag-remontti","tag-suomi","tag-viihde"],"share_on_mastodon":{"url":"https:\/\/pubeurope.com\/@fi\/116946064744110233","error":""},"_links":{"self":[{"href":"https:\/\/www.europesays.com\/fi\/wp-json\/wp\/v2\/posts\/304529","targetHints":{"allow":["GET"]}}],"collection":[{"href":"https:\/\/www.europesays.com\/fi\/wp-json\/wp\/v2\/posts"}],"about":[{"href":"https:\/\/www.europesays.com\/fi\/wp-json\/wp\/v2\/types\/post"}],"author":[{"embeddable":true,"href":"https:\/\/www.europesays.com\/fi\/wp-json\/wp\/v2\/users\/2"}],"replies":[{"embeddable":true,"href":"https:\/\/www.europesays.com\/fi\/wp-json\/wp\/v2\/comments?post=304529"}],"version-history":[{"count":0,"href":"https:\/\/www.europesays.com\/fi\/wp-json\/wp\/v2\/posts\/304529\/revisions"}],"wp:featuredmedia":[{"embeddable":true,"href":"https:\/\/www.europesays.com\/fi\/wp-json\/wp\/v2\/media\/304530"}],"wp:attachment":[{"href":"https:\/\/www.europesays.com\/fi\/wp-json\/wp\/v2\/media?parent=304529"}],"wp:term":[{"taxonomy":"category","embeddable":true,"href":"https:\/\/www.europesays.com\/fi\/wp-json\/wp\/v2\/categories?post=304529"},{"taxonomy":"post_tag","embeddable":true,"href":"https:\/\/www.europesays.com\/fi\/wp-json\/wp\/v2\/tags?post=304529"}],"curies":[{"name":"wp","href":"https:\/\/api.w.org\/{rel}","templated":true}]}}