{"id":304795,"date":"2026-07-19T18:20:10","date_gmt":"2026-07-19T18:20:10","guid":{"rendered":"https:\/\/www.europesays.com\/fi\/304795\/"},"modified":"2026-07-19T18:20:10","modified_gmt":"2026-07-19T18:20:10","slug":"emilia-vuorisalmi-sai-kuin-ihmeen-kautta-toteutettua-unelmakesansa-oma-saari-vene-rakasta-seuraa-lahtokohtana-oli-syksylla-koettu-luopuminen","status":"publish","type":"post","link":"https:\/\/www.europesays.com\/fi\/304795\/","title":{"rendered":"Emilia Vuorisalmi sai kuin ihmeen kautta toteutettua unelmakes\u00e4ns\u00e4: Oma saari, vene, rakasta seuraa \u2013 l\u00e4ht\u00f6kohtana oli syksyll\u00e4 koettu luopuminen"},"content":{"rendered":"<p>            Timo Korhonen\n        <\/p>\n<p class=\"subtitle \">Jopa Emilan ex\u00e4n, Mikko Leppilammen uusi vaimo ihmettelee Emilian tilannetta.<\/p>\n<p class=\"article-content article-content-width !bg-background\">Julkkisl\u00e4\u00e4k\u00e4ri , 47, kertoo sunnuntaisella (19.7.) Instagram-julkaisullaan rivien v\u00e4liss\u00e4, ett\u00e4 unelmien kes\u00e4 on nyt ohi. Takana on luopumisen tunteita ja muutosta.<\/p>\n<p class=\"font-weight-bold m-font-weight-bold article-content article-content-width !bg-background\">Video: smoothiehullu Riikka Purra paljastaa salaisuutensa<\/p>\n<p class=\"article-content article-content-width !bg-background\">Emilian julistus on ilmeisest\u00e4 kes\u00e4loman p\u00e4\u00e4t\u00f6ksest\u00e4 huolimatta t\u00e4ynn\u00e4 voimaa ja uskoa.<\/p>\n<p class=\"article-content article-content-width !bg-background\">Per\u00e4ti 20 valokuvan voimin Emilia n\u00e4ytt\u00e4\u00e4 miten upea saaristolaiskes\u00e4 voi olla. Itse asiassa h\u00e4n tunnustaa viett\u00e4neens\u00e4 juuri sellaisen kes\u00e4n, ja se on ollut h\u00e4nen unelmiensa loma.<\/p>\n<p>        <a itemprop=\"url\" href=\"https:\/\/www.seiska.fi\/kotimaa\/julkkislaakari-emilia-vuorisalmi-terveysniksi-suolistolle\/1893491\" rel=\"nofollow noopener\" target=\"_blank\"><\/p>\n<p>\nJulkkisl\u00e4\u00e4k\u00e4ri\n<\/p>\n<p class=\"section-date\">\n        <strong class=\"article-section\" data-section=\"kotimaa\"><br \/>\n            kotimaa<br \/>\n        <\/strong><br \/>\n        16.8.2025 20:00\n    <\/p>\n<p>Julkkisl\u00e4\u00e4k\u00e4ri Emilia Vuorisalmi: Terveysniksi suolistolle!\n    <\/p>\n<p itemprop=\"description\" class=\"subtitle \">\n    Mikko Leppilammen ex-l\u00e4\u00e4k\u00e4rivaimo paljasti joka-aamuisen rutiininsa.\n<\/p>\n<p>        <\/a><\/p>\n<p class=\"article-content article-content-width !bg-background\">Mik\u00e4 parasta, Emilia itse on toteuttanut sen. Ei kuitenkaan aivan yksin, ja n\u00f6yr\u00e4sti h\u00e4n kiitt\u00e4\u00e4 unelmiensa mahdollistajia.<\/p>\n<p>Unelmat k\u00e4viv\u00e4t toteen<\/p>\n<p class=\"article-content article-content-width !bg-background\">Emilian unelmana on ollut kes\u00e4 saaressa rakkaiden kanssa, ja tekstist\u00e4 p\u00e4\u00e4tellen sellaisia on my\u00f6s ollut. H\u00e4n nimitt\u00e4in kirjoittaa aina rakastaneensa sellaisia.<\/p>\n<p class=\"article-content article-content-width !bg-background\">Yhten\u00e4 yksityiskohtana h\u00e4n mainitsee auringonlaskun tuijottelun kalliolta. Ja kuinka ollakaan, h\u00e4nen julkaisemansa j\u00e4ttipitk\u00e4n kuvakarusellin ensimm\u00e4inen otos on juuri sellainen.<\/p>\n<p class=\"article-content article-content-width !bg-background\">Tai l\u00e4hes tulkoon. H\u00e4n nimitt\u00e4in ei ole ainoastaan kalliolla, vaan kallion p\u00e4\u00e4lle pystytetyss\u00e4 paljussa rakkaan poikansa kanssa.<\/p>\n<p class=\"article-content article-content-width !bg-background\">Pojan is\u00e4, josta Emilia on jo eronnut, on suomalainen koripallovalmentaja . Pojan kasvot on hyv\u00e4n tavan mukaan peitetty somekuvissa.<\/p>\n<p>Syysmuutos toi unelmakes\u00e4n<\/p>\n<p class=\"article-content article-content-width !bg-background\">Nyt toteutunut unelmakes\u00e4 sai alkunsa viime syksyn\u00e4.<\/p>\n<p class=\"no_italic m-no_italic article-content article-content-width !bg-background\">\u2013 Muutosten ja luopumisen keskell\u00e4 mietin, mitenh\u00e4n t\u00e4m\u00e4 unelma ens kes\u00e4n\u00e4 toteutuisi. Jotenkin sis\u00e4ll\u00e4 luotto oli kova, ett\u00e4 kaikki j\u00e4rjestyisi. <\/p>\n<p>        <a itemprop=\"url\" href=\"https:\/\/www.seiska.fi\/kotimaa\/emilia-vuorisalmi-teki-rikosilmoituksen\/2100276\" rel=\"nofollow noopener\" target=\"_blank\"><\/p>\n<p>\nEmilia Vuorisalmi\n<\/p>\n<p class=\"section-date\">\n        <strong class=\"article-section\" data-section=\"kotimaa\"><br \/>\n            kotimaa<br \/>\n        <\/strong><br \/>\n        12.3. 11:57\n    <\/p>\n<p>Emilia Vuorisalmi teki rikosilmoituksen\n    <\/p>\n<p itemprop=\"description\" class=\"subtitle \">\n    Emilia on joutunut ik\u00e4v\u00e4n rikoksen uhriksi.\n<\/p>\n<p>        <\/a><\/p>\n<p class=\"article-content article-content-width !bg-background\">T\u00e4m\u00e4n kirjoitettuaan Emilia siirtyykin vuolaisiin kiitoksiin.<\/p>\n<p class=\"article-content article-content-width !bg-background\">\u2013 Kiitos universumille ja yst\u00e4ville, jotka luottivat saarensa ja veneens\u00e4 meid\u00e4n k\u00e4ytt\u00f6\u00f6n. <\/p>\n<p class=\"article-content article-content-width !bg-background\">Sen lis\u00e4ksi ett\u00e4 Emilia on saanut k\u00e4ytt\u00f6\u00f6ns\u00e4 saaren veneineen, kuvista n\u00e4kee, ett\u00e4 kohde on uskomattoman upea, joten on helppo ymm\u00e4rt\u00e4\u00e4 Emilian kiitollisuus ja ilo.<\/p>\n<p class=\"article-content article-content-width !bg-background\">T\u00e4ss\u00e4 h\u00e4n my\u00f6s kertoo sanavalinnallaan, ett\u00e4 upea saaristokes\u00e4 on nyt n\u00e4ilt\u00e4 osin ohi.<\/p>\n<p class=\"article-content article-content-width !bg-background\">\u2013 Oli aivan t\u00e4ydellist\u00e4, h\u00e4n kirjoittaa.<\/p>\n<p>        <a itemprop=\"url\" href=\"https:\/\/www.seiska.fi\/kotimaa\/emilia-vuorisalmi-podcastissa-rankka-ero-ajoi-rakkausaddiktioon\/2063768\" rel=\"nofollow noopener\" target=\"_blank\"><\/p>\n<p>\nEmilia Vuorisalmi podcastissa:\n<\/p>\n<p class=\"section-date\">\n        <strong class=\"article-section\" data-section=\"kotimaa\"><br \/>\n            kotimaa<br \/>\n        <\/strong><br \/>\n        3.2. 08:31\n    <\/p>\n<p>Emilia Vuorisalmi podcastissa: Rankka ero ajoi rakkausaddiktioon\n    <\/p>\n<p itemprop=\"description\" class=\"subtitle \">\n    Emilia avautuu h\u00e4nen ja Mikko Leppilammen eron j\u00e4lkeisest\u00e4 ajasta.\n<\/p>\n<p>        <\/a><\/p>\n<p class=\"article-content article-content-width !bg-background\">Iloa tuli yst\u00e4vien lis\u00e4ksi my\u00f6s luottamuksesta itseen ja omasta tekemisest\u00e4.<\/p>\n<p class=\"article-content article-content-width !bg-background\">\u2013\u00a0Oon my\u00f6s ylpe\u00e4 miten osasin hoitaa veneily, paljun ja saunan l\u00e4mmitykset ja grillailut ja viel\u00e4 nauttia joka sekunnista.<\/p>\n<p>Eks\u00e4n nyks\u00e4 ihailee<\/p>\n<p class=\"article-content article-content-width !bg-background\">Haikeutta Emilia ei n\u00e4yt\u00e4 tuntevan. H\u00e4n vain naurahtaa lopuksi, ett\u00e4 jatkossa h\u00e4n my\u00f6s nauttii siit\u00e4, ett\u00e4 joku muukin osallistuu jatkossa hommiin.<\/p>\n<p class=\"article-content article-content-width !bg-background\">Emiliaa suorastaan suitsutetaan h\u00e4nen julkaisunsa kommenteissa.<\/p>\n<p class=\"article-content article-content-width !bg-background\">Oma esikoinen, Emilian ja  tyt\u00e4r  on k\u00e4ynyt merkkaamassa rivin syd\u00e4menkuvia kommenttikentt\u00e4\u00e4n.<\/p>\n<p>        <a itemprop=\"url\" href=\"https:\/\/www.seiska.fi\/kotimaa\/tallaista-sisaltoa-julkaisee-mikko-leppilammen-ja-emilia-vuorisalmen-aikuinen-tytar\/2145243\" rel=\"nofollow noopener\" target=\"_blank\"><\/p>\n<p>\nMikko Leppilammen ja Emilia Vuorisalmen tyt\u00e4r\n<\/p>\n<p class=\"section-date\">\n        <strong class=\"article-section\" data-section=\"kotimaa\"><br \/>\n            kotimaa<br \/>\n        <\/strong><br \/>\n        6.5. 19:40\n    <\/p>\n<p>T\u00e4llaista sis\u00e4lt\u00f6\u00e4 julkaisee Mikko Leppilammen ja Emilia Vuorisalmen aikuinen tyt\u00e4r\n    <\/p>\n<p itemprop=\"description\" class=\"subtitle \">\n    Mikon ja h\u00e4nen edellisen vaimonsa tyt\u00e4r on tanssija.\n<\/p>\n<p>        <\/a><\/p>\n<p class=\"article-content article-content-width !bg-background\">\u00a0Julkkistaiteilija ja malli  on niin ik\u00e4\u00e4n koristanut kommenttikentt\u00e4\u00e4 kannustavilla emojeilla.<\/p>\n<p class=\"article-content article-content-width !bg-background\">My\u00f6s Mikko Leppilammen nykyinen vaimo  riemuitsee.<\/p>\n<p class=\"article-content article-content-width !bg-background\">\u2013 Supermutsi, h\u00e4n kirjoittaa englanniksi.<\/p>\n<p class=\"article-content article-content-width !bg-background\">Alla on jonossa syd\u00e4n, liekki ja aplodeeraavat k\u00e4det. Nimenomaan \u00e4itiyssis\u00e4lt\u00f6\u00e4 usein julakisevan Beatan vilpit\u00f6n vastaus kertoo, ett\u00e4 v\u00e4lit n\u00e4ytt\u00e4v\u00e4t olevan hyv\u00e4ss\u00e4 kunnossa ja t\u00e4ynn\u00e4 my\u00f6t\u00e4el\u00e4mist\u00e4.<\/p>\n<p>        <a itemprop=\"url\" href=\"https:\/\/www.seiska.fi\/terveys\/julkkislaakari-emilia-vuorisalmielta-vakeva-ulostulo\/1932297\" rel=\"nofollow noopener\" target=\"_blank\"><\/p>\n<p>\nEmilia Vuorisalmi\n<\/p>\n<p class=\"section-date\">\n        <strong class=\"article-section\" data-section=\"terveys\"><br \/>\n            terveys<br \/>\n        <\/strong><br \/>\n        16.9.2025 09:34\n    <\/p>\n<p>Julkkisl\u00e4\u00e4k\u00e4ri Emilia Vuorisalmielta v\u00e4kev\u00e4 ulostulo\n    <\/p>\n<p itemprop=\"description\" class=\"subtitle \">\n    Emilia jakoi Instagram-julkaisunsa yhteydess\u00e4 pitk\u00e4n tekstin, joka sis\u00e4lt\u00e4\u00e4 t\u00e4rke\u00e4n muistutuksen.\n<\/p>\n<p>        <\/a><\/p>\n","protected":false},"excerpt":{"rendered":"Timo Korhonen Jopa Emilan ex\u00e4n, Mikko Leppilammen uusi vaimo ihmettelee Emilian tilannetta. Julkkisl\u00e4\u00e4k\u00e4ri , 47, kertoo sunnuntaisella (19.7.)&hellip;\n","protected":false},"author":2,"featured_media":304796,"comment_status":"","ping_status":"","sticky":false,"template":"","format":"standard","meta":{"footnotes":"","_share_on_mastodon":"0"},"categories":[130],"tags":[3369,3965,137,33,31,30,706,30018,212,3964,39648,4424,6424,15190,39647,32,8613,14193,10760,109],"class_list":["post-304795","post","type-post","status-publish","format-standard","has-post-thumbnail","category-viihde","tag-beata-leppilampi","tag-emilia-vuorisalmi","tag-entertainment","tag-fi","tag-finland","tag-finnish","tag-kesa","tag-kesamokki","tag-lifestyle","tag-lilia-leppilampi","tag-maurizio-pratesi","tag-mikko-leppilampi","tag-mokki","tag-saaristo","tag-saaristolaiskesa","tag-suomi","tag-unelmat","tag-vene","tag-veneily","tag-viihde"],"share_on_mastodon":{"url":"https:\/\/pubeurope.com\/@fi\/116948030212113058","error":""},"_links":{"self":[{"href":"https:\/\/www.europesays.com\/fi\/wp-json\/wp\/v2\/posts\/304795","targetHints":{"allow":["GET"]}}],"collection":[{"href":"https:\/\/www.europesays.com\/fi\/wp-json\/wp\/v2\/posts"}],"about":[{"href":"https:\/\/www.europesays.com\/fi\/wp-json\/wp\/v2\/types\/post"}],"author":[{"embeddable":true,"href":"https:\/\/www.europesays.com\/fi\/wp-json\/wp\/v2\/users\/2"}],"replies":[{"embeddable":true,"href":"https:\/\/www.europesays.com\/fi\/wp-json\/wp\/v2\/comments?post=304795"}],"version-history":[{"count":0,"href":"https:\/\/www.europesays.com\/fi\/wp-json\/wp\/v2\/posts\/304795\/revisions"}],"wp:featuredmedia":[{"embeddable":true,"href":"https:\/\/www.europesays.com\/fi\/wp-json\/wp\/v2\/media\/304796"}],"wp:attachment":[{"href":"https:\/\/www.europesays.com\/fi\/wp-json\/wp\/v2\/media?parent=304795"}],"wp:term":[{"taxonomy":"category","embeddable":true,"href":"https:\/\/www.europesays.com\/fi\/wp-json\/wp\/v2\/categories?post=304795"},{"taxonomy":"post_tag","embeddable":true,"href":"https:\/\/www.europesays.com\/fi\/wp-json\/wp\/v2\/tags?post=304795"}],"curies":[{"name":"wp","href":"https:\/\/api.w.org\/{rel}","templated":true}]}}