{"id":305018,"date":"2026-07-20T01:50:20","date_gmt":"2026-07-20T01:50:20","guid":{"rendered":"https:\/\/www.europesays.com\/fi\/305018\/"},"modified":"2026-07-20T01:50:20","modified_gmt":"2026-07-20T01:50:20","slug":"kimmo-vehvilaiselta-koominen-video-saunasta-lopputulos-saa-hengastymaan","status":"publish","type":"post","link":"https:\/\/www.europesays.com\/fi\/305018\/","title":{"rendered":"Kimmo Vehvil\u00e4iselt\u00e4 koominen video saunasta \u2013 Lopputulos saa heng\u00e4stym\u00e4\u00e4n"},"content":{"rendered":"<p>Kimmo Vehvil\u00e4inen pit\u00e4\u00e4 Suomea \u201dkieltotaulujen luvattuna maana\u201d. Vehvil\u00e4isen julkaisema somevideo vahvistaa t\u00e4t\u00e4 ajatusta.<\/p>\n<p><img decoding=\"async\" class=\"image image-show image-preview\" src=\"https:\/\/www.europesays.com\/fi\/wp-content\/uploads\/2026\/07\/7053fd76915accb42ffdcfdbca2ca921336326c626a16e36a4595c1f327f4e9b.jpg\" alt=\"\"\/><img decoding=\"async\" class=\"image image-show\" src=\"https:\/\/www.europesays.com\/fi\/wp-content\/uploads\/2026\/07\/1784204712_693_7053fd76915accb42ffdcfdbca2ca921336326c626a16e36a4595c1f327f4e9b.jpg\" alt=\"\"\/><\/p>\n<p>Kimmo Vehvil\u00e4isen somevideo n\u00e4ytt\u00e4\u00e4, ett\u00e4 Suomessa osataan luoda ohjelappuja monenlaisista eri asioista. kaisa vehkalahti<\/p>\n<p class=\"paragraph\">Radiojuontaja <a href=\"https:\/\/www.iltalehti.fi\/henkilot\/Kimmo Vehvil\u00e4inen\" class=\"article-link-person-page\" rel=\"nofollow noopener\" target=\"_blank\">Kimmo Vehvil\u00e4inen<\/a> h\u00e4mm\u00e4stelee sosiaalisen median videollaan julkisen saunan kieltotauluja.<\/p>\n<p class=\"paragraph\">\u2013 Suomi on kieltotaulujen luvattu maa. Mutta onko t\u00e4m\u00e4 Suomen enn\u00e4tys? Vehvil\u00e4inen kirjoittaa.<\/p>\n<p class=\"paragraph\">Videolla Vehvil\u00e4inen on suomalaisen kansallispuiston retkeilykeskuksen puul\u00e4mmitteisess\u00e4 rantasaunassa. Videolta ei k\u00e4y ilmi, mink\u00e4 kansallispuiston retkeilykeskuksesta tai saunasta on kyse. Videolla n\u00e4kyy kaunis j\u00e4rvimaisema ja upea suomalainen luonto.<\/p>\n<p class=\"paragraph\">\u2013 Tunnelmaa ei pilaa edes kieltotaulujen ja ohjeiden m\u00e4\u00e4r\u00e4. Sein\u00e4ll\u00e4 on kymmenkohtainen saunaetiketti t\u00e4ynn\u00e4 ohjeita ja kieltoja, Vehvil\u00e4inen sanoo.<\/p>\n<p class=\"paragraph\">Ensimm\u00e4isen kymmenen kohdan j\u00e4lkeen Vehvil\u00e4inen l\u00e4htee k\u00e4velem\u00e4\u00e4n saunan pukuhuoneesta kohti eteist\u00e4 ja terassia. Samalla h\u00e4n laskee, kuinka monta erilaista kieltoa ja ohjelappua on kiinnitetty saunan seiniin ja ikkunoihin.<\/p>\n<p class=\"paragraph\">\u2013 Viel\u00e4 kaksikymment\u00e4yksi, kaksikymment\u00e4kaksi, kaksikymment\u00e4kolme, Vehvil\u00e4inen laskee.<\/p>\n<p class=\"paragraph\">Lopulta Vehvil\u00e4inen l\u00f6yt\u00e4\u00e4 viel\u00e4 laiturillekin vievilt\u00e4 portailtakin yhden kieltokyltin lis\u00e4\u00e4, joka kertoo, ett\u00e4 sukeltaminen on kielletty\u00e4. Julkisesta saunasta l\u00f6ytyi lopulta 24 eri kieltotaulua ja ohjeistusta.<\/p>\n<p class=\"paragraph\">\u2013 T\u00e4m \u00e4 rantasauna on kieltotaulujen joulukalenteri! Vehvil\u00e4inen nauraa videon p\u00e4\u00e4tteeksi.<\/p>\n<p class=\"paragraph\">Vehvil\u00e4isen somevideo on her\u00e4tt\u00e4nyt paljon hilpeytt\u00e4 katsojissa.<\/p>\n<p class=\"paragraph\">\u2013 Viel\u00e4 pit\u00e4isi olla pistarit ennen kuin p\u00e4\u00e4see saunomaan, ett\u00e4 onko kaikki varmasti sis\u00e4istetty, er\u00e4s kommentoijista kirjoittaa.<\/p>\n<p>Suvi Hartlin, Minna Kuukka ja Kimmo Vehvil\u00e4inen juontavat yhdess\u00e4 Radio Novan aamuohjelmaa. Atte Kajova<\/p>\n","protected":false},"excerpt":{"rendered":"Kimmo Vehvil\u00e4inen pit\u00e4\u00e4 Suomea \u201dkieltotaulujen luvattuna maana\u201d. Vehvil\u00e4isen julkaisema somevideo vahvistaa t\u00e4t\u00e4 ajatusta. Kimmo Vehvil\u00e4isen somevideo n\u00e4ytt\u00e4\u00e4, ett\u00e4&hellip;\n","protected":false},"author":2,"featured_media":302418,"comment_status":"","ping_status":"","sticky":false,"template":"","format":"standard","meta":{"footnotes":"","_share_on_mastodon":"0"},"categories":[12],"tags":[35,22,23,2110,26,27,33,31,30,17,2373,24,25,28,29,7705,15,18,21,32,19,20,16,2107,7706],"class_list":["post-305018","post","type-post","status-publish","format-standard","has-post-thumbnail","category-suomi","tag-24h","tag-breaking-news","tag-breakingnews","tag-elamantapa-ja-vapaa-aika","tag-featured-news","tag-featurednews","tag-fi","tag-finland","tag-finnish","tag-headlines","tag-kylpeminen-ja-saunominen","tag-latest-news","tag-latestnews","tag-main-news","tag-mainnews","tag-mokkeily","tag-news","tag-otsikot","tag-paauutiset","tag-suomi","tag-top-stories","tag-topstories","tag-uutiset","tag-vapaa-aika","tag-vapaa-ajan-asunto"],"share_on_mastodon":{"url":"https:\/\/pubeurope.com\/@fi\/116949800256815353","error":""},"_links":{"self":[{"href":"https:\/\/www.europesays.com\/fi\/wp-json\/wp\/v2\/posts\/305018","targetHints":{"allow":["GET"]}}],"collection":[{"href":"https:\/\/www.europesays.com\/fi\/wp-json\/wp\/v2\/posts"}],"about":[{"href":"https:\/\/www.europesays.com\/fi\/wp-json\/wp\/v2\/types\/post"}],"author":[{"embeddable":true,"href":"https:\/\/www.europesays.com\/fi\/wp-json\/wp\/v2\/users\/2"}],"replies":[{"embeddable":true,"href":"https:\/\/www.europesays.com\/fi\/wp-json\/wp\/v2\/comments?post=305018"}],"version-history":[{"count":0,"href":"https:\/\/www.europesays.com\/fi\/wp-json\/wp\/v2\/posts\/305018\/revisions"}],"wp:featuredmedia":[{"embeddable":true,"href":"https:\/\/www.europesays.com\/fi\/wp-json\/wp\/v2\/media\/302418"}],"wp:attachment":[{"href":"https:\/\/www.europesays.com\/fi\/wp-json\/wp\/v2\/media?parent=305018"}],"wp:term":[{"taxonomy":"category","embeddable":true,"href":"https:\/\/www.europesays.com\/fi\/wp-json\/wp\/v2\/categories?post=305018"},{"taxonomy":"post_tag","embeddable":true,"href":"https:\/\/www.europesays.com\/fi\/wp-json\/wp\/v2\/tags?post=305018"}],"curies":[{"name":"wp","href":"https:\/\/api.w.org\/{rel}","templated":true}]}}