{"id":305035,"date":"2026-07-20T02:37:22","date_gmt":"2026-07-20T02:37:22","guid":{"rendered":"https:\/\/www.europesays.com\/fi\/305035\/"},"modified":"2026-07-20T02:37:22","modified_gmt":"2026-07-20T02:37:22","slug":"prinsessa-charlene-loistaa-monacon-gaalassa-upeassa-retropuvussa-filmitahtimaista-ylellisyytta-joka-paikassa","status":"publish","type":"post","link":"https:\/\/www.europesays.com\/fi\/305035\/","title":{"rendered":"Prinsessa Charlene loistaa Monacon gaalassa upeassa retropuvussa: filmit\u00e4htim\u00e4ist\u00e4 ylellisyytt\u00e4 joka paikassa"},"content":{"rendered":"<p>            AOP\n        <\/p>\n<p class=\"subtitle \">Yksinkertaisuuden sijaan Charlene ampuu nyt t\u00e4yslaidallisen glitsy\u00e4 ja glamsy\u00e4.<\/p>\n<p class=\"article-content article-content-width !bg-background\">Eilen (la 18.7.) Monacon Punaisen ristin 77-vuotisgaalassa ruhtinatar\u00a0 yll\u00e4tti muotiv\u00e4en, kuten on kev\u00e4\u00e4n ja kes\u00e4n juhlissa tehnyt kerta toisensa j\u00e4lkeen uskomattomilla pukusuorituksillaan.<\/p>\n<p class=\"font-weight-bold m-font-weight-bold article-content article-content-width !bg-background\">Video: Miss\u00e4 on Euroopan varakkain hovi?<\/p>\n<p class=\"article-content article-content-width !bg-background\">L\u00e4hes ohjelmallisesti Charlene on j\u00e4tt\u00e4nyt ruhtinas  kerta toisensa j\u00e4lkeen t\u00e4ysin varjoonsa.<\/p>\n<p class=\"article-content article-content-width !bg-background\">Siihen tosin on ihan ymm\u00e4rrett\u00e4v\u00e4 syy. Jo vanhastaan daamin asun tulisi olla miehens\u00e4 asua n\u00e4ytt\u00e4v\u00e4mpi tai juhlallisempi.<\/p>\n<p>        <a itemprop=\"url\" href=\"https:\/\/www.seiska.fi\/kuninkaalliset\/albert-jai-sivustakatsojaksi-ruhtinatar-charlene-yllatti\/2193736\" rel=\"nofollow noopener\" target=\"_blank\"><\/p>\n<p>\nAlbert j\u00e4i sivustakatsojaksi\n<\/p>\n<p class=\"section-date\">\n        <strong class=\"article-section\" data-section=\"kuninkaalliset\"><br \/>\n            kuninkaalliset<br \/>\n        <\/strong><br \/>\n        2.7. 12:57\n    <\/p>\n<p>Albert j\u00e4i sivustakatsojaksi \u2013 ruhtinatar Charlene yll\u00e4tti!\n    <\/p>\n<p itemprop=\"description\" class=\"subtitle \">\n    Brittil\u00e4isest\u00e4 kylm\u00e4n s\u00e4\u00e4n kankaasta tulee hellevaate, ja Chanelin l\u00e4hes tavaramerkkim\u00e4isest\u00e4 kuviosta tulee hallitsijoiden hiljaisentyylik\u00e4s leima.\n<\/p>\n<p>        <\/a><\/p>\n<p class=\"article-content article-content-width !bg-background\">Toki hallitsijatapauksissa asiasta voi aivan hyvin poiketa, ja niin tehd\u00e4\u00e4nkin esimerkiksi perinteisiss\u00e4 sotilasasuissa. Albert kuitenkin pit\u00e4ytyy hyvin yksinkertaisissa puvuissa ja jopa irtopuvuntakeissa.<\/p>\n<p>Pako menneeseen vai raikas tuulahdus nykymuodin seassa?<\/p>\n<p class=\"article-content article-content-width !bg-background\">Charlene oli valinnut iltapuvukseen, kuten h\u00e4n teki viime vuonnakin, Elie Saabin r\u00e4\u00e4t\u00e4l\u00f6idyn t\u00e4yspitk\u00e4n mekon.<\/p>\n<p class=\"article-content article-content-width !bg-background\">V\u00e4ri oli kuitenkin t\u00e4ll\u00e4 kertaa kultaa tai samppanjaa. Kuvailijasta riippuu, kumman ylellisyystuotteen h\u00e4n mainitsee kimaltelevaa kangasta kuvatessaan.<\/p>\n<p>        <a itemprop=\"url\" href=\"https:\/\/www.seiska.fi\/kuninkaalliset\/ruhtinatar-charlenen-asu-hatkahdyttaa-elamassa-muutos\/2184446\" rel=\"nofollow noopener\" target=\"_blank\"><\/p>\n<p>\nAsu h\u00e4tk\u00e4hdytt\u00e4\u00e4\n<\/p>\n<p class=\"section-date\">\n        <strong class=\"article-section\" data-section=\"kuninkaalliset\"><br \/>\n            kuninkaalliset<br \/>\n        <\/strong><br \/>\n        20.6. 10:00\n    <\/p>\n<p>Ruhtinatar Charlenen asu h\u00e4tk\u00e4hdytt\u00e4\u00e4 \u2013 el\u00e4m\u00e4ss\u00e4 muutos?\n    <\/p>\n<p itemprop=\"description\" class=\"subtitle \">\n    Ruhtinattaren tyylivalinnat puhuttavat fanien keskuudessa.\n<\/p>\n<p>        <\/a><\/p>\n<p class=\"article-content article-content-width !bg-background\">Usein hyvin v\u00e4h\u00e4eleisiss\u00e4 ja nykyajan ja klassisen yksinkertaisuuden yhdist\u00e4viss\u00e4 asuissa esiintyv\u00e4 Charlene on ik\u00e4\u00e4n kuin korostanut urheilullista virtaviivaisuuttaan asuillaan.<\/p>\n<p class=\"article-content article-content-width !bg-background\">Nyt h\u00e4n otti askeleen p\u00e4invastaiseen suuntaa. Kun h\u00e4n olisi vaihtanut s\u00e4hk\u00f6auton vanhojen bensarosvojen aikakauteen ja pist\u00e4nyt hanat auki.<\/p>\n<p>                <img decoding=\"async\" src=\"https:\/\/www.europesays.com\/fi\/wp-content\/uploads\/2026\/07\/2211937.webp\" width=\"576\" height=\"850\" alt=\"Vihkisormus, clutch ja korvikset. Muuta ei en\u00e4\u00e4 kannatakaan laittaa, kun halter-neck-asun koristaa huivimaisesti kaulaan kiertyv\u00e4 ja laahuksena per\u00e4ss\u00e4 seuraava osa.\" loading=\"lazy\" \/>            <\/p>\n<p>\n            Vihkisormus, clutch ja korvikset. Muuta ei en\u00e4\u00e4 kannatakaan laittaa, kun halter-neck-asun koristaa huivimaisesti kaulaan kiertyv\u00e4 ja laahuksena per\u00e4ss\u00e4 seuraava osa.<br \/>\n            AOP\n        <\/p>\n<p class=\"article-content article-content-width !bg-background\">Veistosmaisesti pitkin prinsessan vartaloa valuva ja laskostuva puku hohtaa sotien v\u00e4liin j\u00e4\u00e4nytt\u00e4 glamouria ja ylellisyytt\u00e4.<\/p>\n<p class=\"article-content article-content-width !bg-background\">Puolentoista tuhannen euron hintainen, pukuun suorastaan sulautuva ja itse puvun tapaan Elie Saabilta l\u00f6ytyv\u00e4 Midnight-clutch kulkee asusteena.\u00a0<\/p>\n<p>        <a itemprop=\"url\" href=\"https:\/\/www.seiska.fi\/kuninkaalliset\/monacon-pikkukaksoset-gabriella-ja-jacques-harvoin-nahty-tyyli\/2028598\" rel=\"nofollow noopener\" target=\"_blank\"><\/p>\n<p>\nMonacon pikkukaksoset\n<\/p>\n<p class=\"section-date\">\n        <strong class=\"article-section\" data-section=\"kuninkaalliset\"><br \/>\n            kuninkaalliset<br \/>\n        <\/strong><br \/>\n        24.12.2025 20:00\n    <\/p>\n<p>Monacon pikkukaksoset Gabriella ja Jacques: Harvoin n\u00e4hty tyyli\n    <\/p>\n<p itemprop=\"description\" class=\"subtitle \">\n    Prinsessa Gabriella ja kruununprinssi Jacques lumosivat samankaltaisissa vaan ei samanlaisissa asuissa.\n<\/p>\n<p>        <\/a><\/p>\n<p class=\"article-content article-content-width !bg-background\">Ja Korviksissa viimeist\u00e4\u00e4n on laskettu sokka irti, sill\u00e4 hintaa on per\u00e4ti 45 000 euroa. Kyseess\u00e4 on k\u00f6\u00f6penhaminalaisen Ole Lyndgaardin eksklusiivisen korupajan Gypsy-korvakorut. Hinta selittyy, kun tiet\u00e4\u00e4 niiden olevan kultaa, timanttia sek\u00e4 persikanv\u00e4rist\u00e4 morganiittia ja detaljina pieni vihre\u00e4 turmaliini.<\/p>\n<p>Paljonko maksaisit istumapaikasta?<\/p>\n<p class=\"article-content article-content-width !bg-background\">K\u00e4\u00e4pi\u00f6valtio Monacon arkeen Ranskan Rivieran p\u00e4\u00e4dyss\u00e4 kuuluu vuosittainen ketju kauniita juhlia ja supertapahtumia. Niiss\u00e4 usein ker\u00e4t\u00e4\u00e4n varoja tai v\u00e4hint\u00e4\u00e4n huomiota hyviin tarkoituksiin. Yht\u00e4 t\u00e4rke\u00e4sti ne pit\u00e4v\u00e4t ikivanhan sukumonarkian maailman jetset-piirien tutkassa.<\/p>\n<p>        <a itemprop=\"url\" href=\"https:\/\/www.seiska.fi\/kuninkaalliset\/ruhtinatar-charlene-48-ja-prinssi-jacques-11-loistivat-grand-prixn-tyylipaallikoina\/2178299\" rel=\"nofollow noopener\" target=\"_blank\"><\/p>\n<p>\nEsiteini on t\u00e4ysverinen hurmuri\n<\/p>\n<p class=\"section-date\">\n        <strong class=\"article-section\" data-section=\"kuninkaalliset\"><br \/>\n            kuninkaalliset<br \/>\n        <\/strong><br \/>\n        10.6. 20:49\n    <\/p>\n<p>Ruhtinatar Charlene, 48, ja prinssi Jacques 11, loistivat Grand Prix&#8217;n tyylip\u00e4\u00e4llik\u00f6in\u00e4\n    <\/p>\n<p itemprop=\"description\" class=\"subtitle \">\n    Monaco Grand Prix on hallitsijahuoneen edustusjuhlaa.\n<\/p>\n<p>        <\/a><\/p>\n<p class=\"article-content article-content-width !bg-background\">Punainen risti on toiminut k\u00e4\u00e4pi\u00f6valtiossa jo vuodesta 1949, ja j\u00e4rjest\u00f6\u00e4 johtaa istuva valtionp\u00e4\u00e4, eli nyt Albert itse.<\/p>\n<p class=\"article-content article-content-width !bg-background\">J\u00e4rjest\u00f6n vuosijuhlia Albert kunnioitti hyvin huomaamattomalla asulla. Klassinen norsunluunv\u00e4rinen \u2013 ei siis valkoinen \u2013 illallistakki ja mustat housut sek\u00e4 keng\u00e4t ovat iltapukeutumisen aatelia miehill\u00e4 kaikessa konstailemattomuudessaankin.<\/p>\n<p class=\"article-content article-content-width !bg-background\">Punainen rusetti yll\u00e4tti monet. Syy valintaan? No tietysti Punainen risti.<\/p>\n<p class=\"article-content article-content-width !bg-background\">Paikat gaalaan muuten maksoivat 1 900 euroa per illallisvieras. Pikkujuttu, tuumaa monacolainen. Rahaa on, p\u00e4\u00e4see n\u00e4ytt\u00e4ytym\u00e4\u00e4n, tarkoitus on hyv\u00e4, ja banketin ruoasta huolehtii parikin kaupungin Michelin-kokeista.<\/p>\n<p>        <a itemprop=\"url\" href=\"https:\/\/www.seiska.fi\/kuninkaalliset\/ruhtinatar-charlene-kuvattiin-yllattavissa-puuhissa\/2152174\" rel=\"nofollow noopener\" target=\"_blank\"><\/p>\n<p>\nRuhtinatar Charlene\n<\/p>\n<p class=\"section-date\">\n        <strong class=\"article-section\" data-section=\"kuninkaalliset\"><br \/>\n            kuninkaalliset<br \/>\n        <\/strong><br \/>\n        16.5. 08:00\n    <\/p>\n<p>Ruhtinatar Charlene kuvattiin yll\u00e4tt\u00e4viss\u00e4 puuhissa\n    <\/p>\n<p itemprop=\"description\" class=\"subtitle \">\n    Ruhtinattarella oli erikoislaatuinen teht\u00e4v\u00e4.\n<\/p>\n<p>        <\/a><\/p>\n","protected":false},"excerpt":{"rendered":"AOP Yksinkertaisuuden sijaan Charlene ampuu nyt t\u00e4yslaidallisen glitsy\u00e4 ja glamsy\u00e4. Eilen (la 18.7.) Monacon Punaisen ristin 77-vuotisgaalassa ruhtinatar\u00a0&hellip;\n","protected":false},"author":2,"featured_media":305036,"comment_status":"","ping_status":"","sticky":false,"template":"","format":"standard","meta":{"footnotes":"","_share_on_mastodon":"0"},"categories":[130],"tags":[2639,39667,137,33,31,30,16418,13828,2637,15251,2642,106,39666,5756,39665,7070,2643,32,2677,109],"class_list":["post-305035","post","type-post","status-publish","format-standard","has-post-thumbnail","category-viihde","tag-asu","tag-elie-saab","tag-entertainment","tag-fi","tag-finland","tag-finnish","tag-iltapuku","tag-luksus","tag-monaco","tag-monacon-kuninkaalliset","tag-monacon-ruhtinaspari","tag-muoti","tag-ole-lyndgaard","tag-pukeutuminen","tag-punaisen-ristin-gaala","tag-ruhtinas-albert","tag-ruhtinatar-charlene","tag-suomi","tag-tyyli","tag-viihde"],"share_on_mastodon":{"url":"https:\/\/pubeurope.com\/@fi\/116949985108002901","error":""},"_links":{"self":[{"href":"https:\/\/www.europesays.com\/fi\/wp-json\/wp\/v2\/posts\/305035","targetHints":{"allow":["GET"]}}],"collection":[{"href":"https:\/\/www.europesays.com\/fi\/wp-json\/wp\/v2\/posts"}],"about":[{"href":"https:\/\/www.europesays.com\/fi\/wp-json\/wp\/v2\/types\/post"}],"author":[{"embeddable":true,"href":"https:\/\/www.europesays.com\/fi\/wp-json\/wp\/v2\/users\/2"}],"replies":[{"embeddable":true,"href":"https:\/\/www.europesays.com\/fi\/wp-json\/wp\/v2\/comments?post=305035"}],"version-history":[{"count":0,"href":"https:\/\/www.europesays.com\/fi\/wp-json\/wp\/v2\/posts\/305035\/revisions"}],"wp:featuredmedia":[{"embeddable":true,"href":"https:\/\/www.europesays.com\/fi\/wp-json\/wp\/v2\/media\/305036"}],"wp:attachment":[{"href":"https:\/\/www.europesays.com\/fi\/wp-json\/wp\/v2\/media?parent=305035"}],"wp:term":[{"taxonomy":"category","embeddable":true,"href":"https:\/\/www.europesays.com\/fi\/wp-json\/wp\/v2\/categories?post=305035"},{"taxonomy":"post_tag","embeddable":true,"href":"https:\/\/www.europesays.com\/fi\/wp-json\/wp\/v2\/tags?post=305035"}],"curies":[{"name":"wp","href":"https:\/\/api.w.org\/{rel}","templated":true}]}}