{"id":30513,"date":"2025-09-10T03:33:08","date_gmt":"2025-09-10T03:33:08","guid":{"rendered":"https:\/\/www.europesays.com\/fi\/30513\/"},"modified":"2025-09-10T03:33:08","modified_gmt":"2025-09-10T03:33:08","slug":"netflix-dokumentti-esittelee-charlie-sheenin-huumediilerin","status":"publish","type":"post","link":"https:\/\/www.europesays.com\/fi\/30513\/","title":{"rendered":"Netflix-dokumentti esittelee Charlie Sheenin huumediilerin"},"content":{"rendered":"<p>Charlie Sheenin \u2013 ja h\u00e4nen huumediilerins\u00e4 \u2013 el\u00e4m\u00e4\u00e4 k\u00e4yd\u00e4\u00e4n l\u00e4pi t\u00e4n\u00e4\u00e4n ilmestyv\u00e4ss\u00e4 Netflix-dokumentissa Aka Charlie Sheen.<\/p>\n<p><img decoding=\"async\" class=\"image image-show image-preview\" src=\"https:\/\/www.europesays.com\/fi\/wp-content\/uploads\/2025\/09\/13c05d945371e1281331d49c195ac61f4d8401b55c6390f7c2ec7aceac047fa5.png\" alt=\"\"\/><img decoding=\"async\" class=\"image image-show\" src=\"https:\/\/www.europesays.com\/fi\/wp-content\/uploads\/2025\/09\/1757475188_411_13c05d945371e1281331d49c195ac61f4d8401b55c6390f7c2ec7aceac047fa5.png\" alt=\"\"\/><\/p>\n<p>Charlie Sheen kertoo koko tarinansa uudessa dokumentissaan Aka Charlie Sheen. Netflix<\/p>\n<p class=\"paragraph\">N\u00e4yttelij\u00e4 <a href=\"https:\/\/www.iltalehti.fi\/henkilot\/Charlie Sheen\" class=\"article-link-person-page\" rel=\"nofollow noopener\" target=\"_blank\">Charlie Sheenist\u00e4<\/a>, 60, kertova dokumentti ilmestyy t\u00e4n\u00e4\u00e4n suoratoistopalvelu Netflixiin. Aka Charlie Sheen -dokumentissa n\u00e4yttelij\u00e4 kertoo avoimesti uransa huippuvuosista p\u00e4ihderiippuvuuden syviin alhoihinsa.<\/p>\n<p class=\"paragraph\">Dokumentissa esiintyy Sheenin lis\u00e4ksi lukuisia h\u00e4nen l\u00e4heisi\u00e4\u00e4n. Yksi heist\u00e4 on Sheenin entinen huumediileri <strong>Marco Abeta<\/strong>. Diilerin ansiota on, ett\u00e4 Sheen p\u00e4\u00e4si kuiville.<\/p>\n<p class=\"paragraph\">Sheen ja dokumentin ohjannut <strong>Andrew Renzi<\/strong> kertoivat Abetan osallisuudesta Sheenin raitistumiseen dokumentin torstaina j\u00e4rjestetyn ensi-illan punaisella matolla, jossa my\u00f6s Abeta itse oli l\u00e4sn\u00e4.<\/p>\n<p>Huumediileri Marco Abeta (vasemmalla) sai Charlie Sheenin raitistumaan. Oikealla dokumentin ohjannut  Andrew Renzi. Netflix<\/p>\n<p class=\"paragraph\">Renzi kertoi <a href=\"https:\/\/variety.com\/2025\/scene\/columns\/charlie-sheen-drug-dealer-two-and-a-half-men-reunion-1236509141\/\" target=\"_blank\" rel=\"noopener nofollow\">Varietylle<\/a>, ett\u00e4 Sheen ja Abeta olivat l\u00e4heisi\u00e4 yst\u00e4vi\u00e4. Kun Sheen ajautui rappiolle, h\u00e4nen is\u00e4ns\u00e4 ja terapeuttinsa k\u00e4\u00e4ntyiv\u00e4t Abetan puoleen. He pyysiv\u00e4t diileri\u00e4 saamaan Sheenin eroon huumeista.<\/p>\n<p class=\"paragraph\">Abeta lakkasi antamasta Sheenille vahvoja huumeita. Lopulta diileri myi n\u00e4yttelij\u00e4lle pelkk\u00e4\u00e4 ruokasoodaa.<\/p>\n<p class=\"paragraph\">\u2013 H\u00e4n p\u00e4\u00e4si sill\u00e4 tavalla eroon huumeista. Tuollaista ei voi k\u00e4sikirjoittaa, ohjaaja Renzi p\u00e4ivitteli medialle.<\/p>\n<p class=\"paragraph\">\u2013 Se mit\u00e4 h\u00e4n teki oli kuin raittiuden kuuk\u00e4vely. On t\u00e4ysin hullua, ett\u00e4 niin tapahtui, mutta se toimi, Sheen sanoi.<\/p>\n<p class=\"paragraph\">Sheen selitti <a href=\"https:\/\/www.hollywoodreporter.com\/tv\/tv-news\/charlie-sheen-former-drug-dealer-new-netflix-doc-1236362080\/\" target=\"_blank\" rel=\"noopener nofollow\">The Hollywood Reporterille<\/a>, ett\u00e4 tarinoita huumeriippuvaisista ihmisist\u00e4 ja heid\u00e4n ongelmistaan on yllin kyllin. Diilerin n\u00e4k\u00f6kulmaa ei kuitenkaan koskaan kuulla. Sheen toivoo tarinan auttavan my\u00f6s muita huumeriippuvaisia ja heid\u00e4n l\u00e4heisi\u00e4\u00e4n.<\/p>\n<p class=\"paragraph\">Abetaa pyydettiin mukaan dokumenttiin. H\u00e4n halusi ensin keskustella ohjaajan kanssa rauhassa ennen suostumistaan.<\/p>\n<p class=\"paragraph\">Aka Charlie Sheen t\u00e4n\u00e4\u00e4n Netflixiss\u00e4. <a href=\"https:\/\/www.iltalehti.fi\/telkku\" rel=\"nofollow noopener\" target=\"_blank\">Katso kaikki TV-ohjelmat ja l\u00e4hetysajat Telkun TV-oppaasta<\/a>.<\/p>\n<p>Dokumentissa \u00e4\u00e4neen p\u00e4\u00e4see my\u00f6s Charlie Sheenin ex-vaimo Denise Richards. Netflix<\/p>\n","protected":false},"excerpt":{"rendered":"Charlie Sheenin \u2013 ja h\u00e4nen huumediilerins\u00e4 \u2013 el\u00e4m\u00e4\u00e4 k\u00e4yd\u00e4\u00e4n l\u00e4pi t\u00e4n\u00e4\u00e4n ilmestyv\u00e4ss\u00e4 Netflix-dokumentissa Aka Charlie Sheen. Charlie Sheen&hellip;\n","protected":false},"author":2,"featured_media":30514,"comment_status":"","ping_status":"","sticky":false,"template":"","format":"standard","meta":{"footnotes":""},"categories":[130],"tags":[35,137,33,31,30,2118,2121,32,140,2119,2117,109],"class_list":{"0":"post-30513","1":"post","2":"type-post","3":"status-publish","4":"format-standard","5":"has-post-thumbnail","7":"category-viihde","8":"tag-24h","9":"tag-entertainment","10":"tag-fi","11":"tag-finland","12":"tag-finnish","13":"tag-internetvideopalvelut","14":"tag-median-suoratoisto","15":"tag-suomi","16":"tag-tv-ja-elokuvat","17":"tag-videokuvaus","18":"tag-videon-suoratoisto","19":"tag-viihde"},"share_on_mastodon":{"url":"","error":""},"_links":{"self":[{"href":"https:\/\/www.europesays.com\/fi\/wp-json\/wp\/v2\/posts\/30513","targetHints":{"allow":["GET"]}}],"collection":[{"href":"https:\/\/www.europesays.com\/fi\/wp-json\/wp\/v2\/posts"}],"about":[{"href":"https:\/\/www.europesays.com\/fi\/wp-json\/wp\/v2\/types\/post"}],"author":[{"embeddable":true,"href":"https:\/\/www.europesays.com\/fi\/wp-json\/wp\/v2\/users\/2"}],"replies":[{"embeddable":true,"href":"https:\/\/www.europesays.com\/fi\/wp-json\/wp\/v2\/comments?post=30513"}],"version-history":[{"count":0,"href":"https:\/\/www.europesays.com\/fi\/wp-json\/wp\/v2\/posts\/30513\/revisions"}],"wp:featuredmedia":[{"embeddable":true,"href":"https:\/\/www.europesays.com\/fi\/wp-json\/wp\/v2\/media\/30514"}],"wp:attachment":[{"href":"https:\/\/www.europesays.com\/fi\/wp-json\/wp\/v2\/media?parent=30513"}],"wp:term":[{"taxonomy":"category","embeddable":true,"href":"https:\/\/www.europesays.com\/fi\/wp-json\/wp\/v2\/categories?post=30513"},{"taxonomy":"post_tag","embeddable":true,"href":"https:\/\/www.europesays.com\/fi\/wp-json\/wp\/v2\/tags?post=30513"}],"curies":[{"name":"wp","href":"https:\/\/api.w.org\/{rel}","templated":true}]}}