{"id":305142,"date":"2026-07-20T06:12:17","date_gmt":"2026-07-20T06:12:17","guid":{"rendered":"https:\/\/www.europesays.com\/fi\/305142\/"},"modified":"2026-07-20T06:12:17","modified_gmt":"2026-07-20T06:12:17","slug":"ukrainan-paakaupunkiin-kiovaan-osui-ohjusisku-varhain-aamulla","status":"publish","type":"post","link":"https:\/\/www.europesays.com\/fi\/305142\/","title":{"rendered":"Ukrainan p\u00e4\u00e4kaupunkiin Kiovaan osui ohjusisku varhain aamulla."},"content":{"rendered":"<p>Ensimm\u00e4iset r\u00e4j\u00e4hdykset Kiovassa tapahtuivat kello 1.00 aamuy\u00f6ll\u00e4 19. hein\u00e4kuuta (paikallista aikaa), ja niit\u00e4 seurasi useita lis\u00e4\u00e4.<\/p>\n<p> Paikallinen media kertoi kello 3 aamuy\u00f6ll\u00e4, ett\u00e4 yli 40 raketin laukaisua oli kirjattu.<\/p>\n<p> Kiovan pormestari Vitali Klit\u0161ko raportoi lukuisista tulipaloista asuinrakennusten, ostoskeskusten ja tunnistamattomien &#8221;ei-asuinrakennusten&#8221; l\u00e4hell\u00e4. Useilla sosiaalisessa mediassa jaetuilla videoilla n\u00e4kyi useita r\u00e4j\u00e4hdyksi\u00e4 ja tulipaloja nopeasti per\u00e4kk\u00e4in <a class=\"data-link\" data-org-href=\"https:\/\/www.vietnam.vn\/tag\/ukraine\" href=\"https:\/\/www.vietnam.vn\/tag\/ukraine\" title=\"Ukraina\" target=\"_blank\" rel=\"nofollow noopener\">Ukrainan<\/a> p\u00e4\u00e4kaupungissa ja sen ymp\u00e4rist\u00f6ss\u00e4.<\/p>\n<p> <a class=\"data-link\" data-org-href=\"https:\/\/www.vietnam.vn\/tag\/nga\" href=\"https:\/\/www.vietnam.vn\/tag\/nga\" title=\"Ven\u00e4j\u00e4\" target=\"_blank\" rel=\"nofollow noopener\">Ven\u00e4j\u00e4n<\/a> puolustusministeri\u00f6 ei ole kommentoinut t\u00e4t\u00e4 tietoa. Ven\u00e4j\u00e4 on toistuvasti todennut, ett\u00e4 sen armeijan iskut kohdistuvat vain sotilas- ja kaksik\u00e4ytt\u00f6kohteisiin vastauksena Ukrainan mielivaltaisiin hy\u00f6kk\u00e4yksiin.<\/p>\n<p> Ukraina on viime aikoina tehostanut pitk\u00e4n kantaman drooni-iskujaan syv\u00e4ll\u00e4 Ven\u00e4j\u00e4n alueella merkitt\u00e4vien taistelukent\u00e4n takaiskujen keskell\u00e4.<\/p>\n<p> Ukrainan hy\u00f6kk\u00e4ykset ven\u00e4l\u00e4isen Wildberries-verkkokauppaketjun kahteen logistiikkakeskukseen aiheuttivat merkitt\u00e4vi\u00e4 vahinkoja 18. hein\u00e4kuuta.<\/p>\n<p> Ukrainan ilmavoimat kertoivat Ven\u00e4j\u00e4n joukkojen k\u00e4ynnist\u00e4neen laajamittaisen koordinoidun hy\u00f6kk\u00e4yksen Ukrainaan k\u00e4ytt\u00e4en 41 ohjusta ja 125 droonia hein\u00e4kuun 18. ja 19. p\u00e4iv\u00e4n y\u00f6n\u00e4.<\/p>\n<p> Ukrainan ilmapuolustusj\u00e4rjestelm\u00e4t ampuivat alas tai sieppasivat 18 ohjusta ja 108 droonia. 23 ohjusta ja 10 droonia osui 20 kohteeseen. <\/p>\n<p class=\"mb-0\"> L\u00e4hde: https:\/\/tienphong.vn\/thu-do-kiev-cua-ukraine-hung-ten-lua-don-dap-luc-rang-sang-post1860872.tpo<\/p>\n","protected":false},"excerpt":{"rendered":"Ensimm\u00e4iset r\u00e4j\u00e4hdykset Kiovassa tapahtuivat kello 1.00 aamuy\u00f6ll\u00e4 19. hein\u00e4kuuta (paikallista aikaa), ja niit\u00e4 seurasi useita lis\u00e4\u00e4. Paikallinen media&hellip;\n","protected":false},"author":2,"featured_media":305143,"comment_status":"","ping_status":"","sticky":false,"template":"","format":"standard","meta":{"footnotes":"","_share_on_mastodon":"0"},"categories":[14],"tags":[39675,22,23,26,27,33,31,30,17,3488,24,25,28,29,15,18,21,32,19,20,1303,39678,56,16,547,39677,39676,59,60,61],"class_list":["post-305142","post","type-post","status-publish","format-standard","has-post-thumbnail","category-ulkomaat","tag-uusimmat-venaja-ukraina-uutiset","tag-breaking-news","tag-breakingnews","tag-featured-news","tag-featurednews","tag-fi","tag-finland","tag-finnish","tag-headlines","tag-kiova","tag-latest-news","tag-latestnews","tag-main-news","tag-mainnews","tag-news","tag-otsikot","tag-paauutiset","tag-suomi","tag-top-stories","tag-topstories","tag-ukraina","tag-ukrainan-paakaupunki","tag-ulkomaat","tag-uutiset","tag-venaja","tag-venaja-iski-ohjusiskun-kiovaan","tag-venajan-ja-ukrainan-valinen-konflikti","tag-world","tag-world-news","tag-worldnews"],"share_on_mastodon":{"url":"https:\/\/pubeurope.com\/@fi\/116950830113173928","error":""},"_links":{"self":[{"href":"https:\/\/www.europesays.com\/fi\/wp-json\/wp\/v2\/posts\/305142","targetHints":{"allow":["GET"]}}],"collection":[{"href":"https:\/\/www.europesays.com\/fi\/wp-json\/wp\/v2\/posts"}],"about":[{"href":"https:\/\/www.europesays.com\/fi\/wp-json\/wp\/v2\/types\/post"}],"author":[{"embeddable":true,"href":"https:\/\/www.europesays.com\/fi\/wp-json\/wp\/v2\/users\/2"}],"replies":[{"embeddable":true,"href":"https:\/\/www.europesays.com\/fi\/wp-json\/wp\/v2\/comments?post=305142"}],"version-history":[{"count":0,"href":"https:\/\/www.europesays.com\/fi\/wp-json\/wp\/v2\/posts\/305142\/revisions"}],"wp:featuredmedia":[{"embeddable":true,"href":"https:\/\/www.europesays.com\/fi\/wp-json\/wp\/v2\/media\/305143"}],"wp:attachment":[{"href":"https:\/\/www.europesays.com\/fi\/wp-json\/wp\/v2\/media?parent=305142"}],"wp:term":[{"taxonomy":"category","embeddable":true,"href":"https:\/\/www.europesays.com\/fi\/wp-json\/wp\/v2\/categories?post=305142"},{"taxonomy":"post_tag","embeddable":true,"href":"https:\/\/www.europesays.com\/fi\/wp-json\/wp\/v2\/tags?post=305142"}],"curies":[{"name":"wp","href":"https:\/\/api.w.org\/{rel}","templated":true}]}}