{"id":30517,"date":"2025-09-10T03:37:06","date_gmt":"2025-09-10T03:37:06","guid":{"rendered":"https:\/\/www.europesays.com\/fi\/30517\/"},"modified":"2025-09-10T03:37:06","modified_gmt":"2025-09-10T03:37:06","slug":"mikan-tyopaikalla-oli-niin-hirveaa-etta-edes-8-000-euron-palkka-ei-riittanyt-otti-lopputilin","status":"publish","type":"post","link":"https:\/\/www.europesays.com\/fi\/30517\/","title":{"rendered":"Mikan ty\u00f6paikalla oli niin hirve\u00e4\u00e4, ett\u00e4 edes 8\u00a0000 euron palkka ei riitt\u00e4nyt \u2013 Otti lopputilin"},"content":{"rendered":"<p>Mika J\u00e4rvinen pettyi kohteluunsa.<\/p>\n<ul>\n<li>Valmentaja Mika J\u00e4rvinen lopetti ty\u00f6ns\u00e4 Saudi-Arabiassa vain viiden kuukauden j\u00e4lkeen.<\/li>\n<li>Edes 8\u00a0000 euron nettopalkka kuukaudessa ei riitt\u00e4nyt pit\u00e4m\u00e4\u00e4n h\u00e4nt\u00e4 arabimaassa.<\/li>\n<li>N\u00e4ky saudiarabialaisella yleisurheilukent\u00e4ll\u00e4 tiivisti maan surkeat olosuhteet.<\/li>\n<\/ul>\n<p class=\"paragraph\">Ammattivalmentaja <strong>Mika J\u00e4rvinen<\/strong>, 57, solmi viime vuonna rahakkaan valmennussopimuksen Saudi-Arabian MAHD-urheiluakatemian yleisurheiluohjelman p\u00e4\u00e4valmentajan teht\u00e4v\u00e4\u00e4n.<\/p>\n<p class=\"paragraph\">Ty\u00f6t maan p\u00e4\u00e4kaupungissa Riadissa alkoivat kuluvan vuoden helmikuussa. Sopimuksen piti olla vuoden mittainen, muta hein\u00e4kuussa J\u00e4rvinen palasi yll\u00e4tt\u00e4en pysyv\u00e4sti Suomeen.<\/p>\n<p class=\"paragraph\">Edes muhkea 8\u00a0000 euron nettopalkka ei vaikuttanut p\u00e4\u00e4t\u00f6kseen.<\/p>\n<p class=\"paragraph\">\u2013 Minut palkattiin johtavaksi valmentajaksi, mutta paikan p\u00e4\u00e4ll\u00e4 selvisi, ettei mit\u00e4\u00e4n johdettavaa ollut. Kaikki toimintaohjeet ja organisointi puuttuivat, J\u00e4rvinen kertoo.<\/p>\n<p class=\"paragraph\">Ensimm\u00e4iset ongelmat alkoivat jo helmikuussa, kun J\u00e4rvinen lensi ensimm\u00e4ist\u00e4 kertaa Saudi-Arabiaan. Lentokent\u00e4lle oli etuk\u00e4teen sovittu kyyditys, jotta suomalainen p\u00e4\u00e4tyisi oikeaan majapaikkaan. Kyyti\u00e4 ei koskaan tullut.<\/p>\n<p class=\"paragraph\">\u2013 Seisoin keskell\u00e4 y\u00f6t\u00e4 lentokent\u00e4ll\u00e4 ja odotin. Ensimm\u00e4isen\u00e4 tuli mieleen, ett\u00e4 n\u00e4ink\u00f6 t\u00e4\u00e4ll\u00e4 toimitaan.<\/p>\n<p class=\"paragraph\">J\u00e4rvisen valitsema asunto oli ehditty vuokrata toiselle henkil\u00f6lle. Ensimm\u00e4iset kolme p\u00e4iv\u00e4\u00e4 h\u00e4nen piti maksaa hotellimajoitusta, jonka hinta oli 200 euroa y\u00f6lt\u00e4.<\/p>\n<p class=\"paragraph\">\u2013 Etuk\u00e4teen minulle oli luvattu majoitus kahdeksi viikoksi, jonka aikana piti l\u00f6yt\u00e4\u00e4 oma asunto, valmentaja kertoo.<\/p>\n<p>Kumarrus kuninkaalle<\/p>\n<p>J\u00e4rvinen sai kovaa palkkaa, mutta ty\u00f6 ei vastannut odotuksia. mika j\u00e4rvisen albumi<\/p>\n<p class=\"paragraph\">J\u00e4rvinen ehti tehd\u00e4 t\u00f6it\u00e4 Riadissa viiden ja puolen kuukauden ajan. Sin\u00e4 aikana h\u00e4nt\u00e4 ei kutsuttu yhteenk\u00e4\u00e4n kehitt\u00e4mispalaveriin.<\/p>\n<p class=\"paragraph\">\u2013 Ei siell\u00e4 selke\u00e4sti ollut mit\u00e4\u00e4n kehitt\u00e4misteht\u00e4v\u00e4\u00e4, eli olin v\u00e4\u00e4r\u00e4ss\u00e4 luulossa. Alusta asti huomasin, ett\u00e4 ket\u00e4\u00e4n ei kiinnosta. Tietyll\u00e4 tavalla se ei yll\u00e4tt\u00e4nyt, sill\u00e4 olen ollut t\u00f6iss\u00e4 Qatarissa ja tied\u00e4n, ett\u00e4 tietyt asiat eiv\u00e4t arabimaissa toimi. Ty\u00f6ntekij\u00f6ist\u00e4 ei pidet\u00e4 huolta.<\/p>\n<p class=\"paragraph\">Suomalaisvalmentajaa ei miss\u00e4\u00e4n vaiheessa esitelty urheiluakatemian johdolle, saati korkeammille esimiehilleen. Ennen paluutaan Suomeen h\u00e4n tapasi sattumalta toimitusjohtajan tiet\u00e4m\u00e4tt\u00e4, kuka t\u00e4m\u00e4 on.<\/p>\n<p class=\"paragraph\">\u2013 Siin\u00e4 hetkess\u00e4 tuntui silt\u00e4, ett\u00e4 kyseinen henkil\u00f6 on kuningas, jota kaikki kumartavat.<\/p>\n<p class=\"paragraph\">Ohjeistuksena valmentajan ty\u00f6h\u00f6n oli J\u00e4rvisen mukaan ainoastaan se, ett\u00e4 viikoittainen ty\u00f6aika on 40 tuntia ja jokaisessa harjoituksessa oli oltava paikalla alusta loppuun, vaikka t\u00f6it\u00e4 olisi ollut samaan aikaan jossain muualla.<\/p>\n<p class=\"paragraph\">\u2013 Periaatteessa johdin muiden valmentajien toimintaa, mutta k\u00e4yt\u00e4nn\u00f6ss\u00e4 kaikki struktuuri puuttui yleisurheiluohjelmasta ja akatemian ty\u00f6st\u00e4. Olisin hyv\u00e4ksynyt k\u00e4skytt\u00e4misenkin, mutta kaikki perustui oletukseen siit\u00e4, ett\u00e4 asiat tapahtuvat tai ovat tapahtumatta, jotain pit\u00e4\u00e4 tehd\u00e4 tai olla tekem\u00e4tt\u00e4.<\/p>\n<p>Koeaika venyi<\/p>\n<p>J\u00e4rvisen mukaan ty\u00f6ntekij\u00f6ist\u00e4 ei pidetty huolta. Maarit Pohjanpalo<\/p>\n<p class=\"paragraph\">Viime kev\u00e4\u00e4n\u00e4 J\u00e4rvisen ajatuksena oli tuoda omat lapsensa mukanaan Saudi-Arabiaan kes\u00e4loman ajaksi. Suunnitelma karahti kiville, koska akatemiassa kukaan ei halunnut auttaa asiassa.<\/p>\n<p class=\"paragraph\">\u2013 Sen takia lasten viisumiprosessi ei edennyt. Siin\u00e4 olisi tarvittu paikallisten apua. En saanut mit\u00e4\u00e4n selityst\u00e4 siihen, miksi apua ei tullut.<\/p>\n<p class=\"paragraph\">J\u00e4rvisell\u00e4 oli kolmen kuukauden koeaika, jota pidennettiin yll\u00e4tt\u00e4en. Asiasta ilmoitettiin yksipuolisella s\u00e4hk\u00f6postiviestill\u00e4. J\u00e4rvinen oli jo ehtinyt iloita siit\u00e4, ett\u00e4 ty\u00f6sopimus oli vahvistettu.<\/p>\n<p class=\"paragraph\">\u2013 Tilanne oli erikoinen. Viikkoa aikaisemmin olin saanut ylennyksen, koska teht\u00e4v\u00e4\u00e4 siihen asti hoitanut henkil\u00f6 ei ollut palannut Saudi-Arabiaan. Siit\u00e4 kului viikko, kun minulle l\u00e4tk\u00e4istiin kolme kuukautta lis\u00e4\u00e4 koeaikaa. Pyydettiin vain allekirjoittamaan ja perusteltiin, ett\u00e4 se on omaksi parhaakseni.<\/p>\n<p class=\"paragraph\">My\u00f6hemmin J\u00e4rvinen sai kiertoteitse kuulla, ett\u00e4 yksi syy koeajan pident\u00e4miseen oli Saudi-Arabian ihmisoikeuksien kommentointi suomalaisessa mediassa.<\/p>\n<p class=\"paragraph\">\u2013 Lehtijutuissa viitattiin yleiseen huoleen maan ihmisoikeuksista. Itse olen ollut positiivisesti yll\u00e4ttynyt siit\u00e4, ett\u00e4 puolet valmennettavistani oli tytt\u00f6j\u00e4 ja ett\u00e4 en n\u00e4hnyt Riadissa mink\u00e4\u00e4nlaista naisten alistamista.<\/p>\n<p>Viimeinen niitti<\/p>\n<p>Saudi-Arabiassa panostetaan olosuhteisiin, mutta silti kentill\u00e4 on outoja puutteita. mika j\u00e4rvisen albumi<\/p>\n<p class=\"paragraph\">Koeajan pitkitt\u00e4minen vaikeutti J\u00e4rvisen arkea, koska h\u00e4n oli odottanut saavansa lomaa ja n\u00e4kev\u00e4ns\u00e4 perheens\u00e4 Suomessa. Koeajalla lomaa ei saanut pit\u00e4\u00e4.<\/p>\n<p class=\"paragraph\">J\u00e4rvinen oli aikaisemmin saanut l\u00e4pi esityksens\u00e4 siit\u00e4, ett\u00e4 akatemian valmennettavat matkustavat harjoitusleirille Pajulahden urheiluopistoon. P\u00e4\u00e4t\u00f6s asiassa kesti kuitenkin niin pitk\u00e4\u00e4n, ett\u00e4 lopulta suunniteltuun l\u00e4ht\u00f6\u00f6n oli en\u00e4\u00e4 viikko aikaa.<\/p>\n<p class=\"paragraph\">\u2013 Henkil\u00f6, jonka kanssa leiri\u00e4 oli suunniteltu, vaihtui yll\u00e4tt\u00e4en toiseen. Seuraava tieto oli, ett\u00e4 leiri perutaan sill\u00e4 perusteella, ett\u00e4 asun Suomessa ja haluan sinne vain katsomaan perhett\u00e4ni. Alettiin puhua leirityksest\u00e4 Kazakstanissa ja Espanjassa, valmentaja kertoo.<\/p>\n<p class=\"paragraph\">J\u00e4rvinen sai lopulta tahtonsa l\u00e4pi, mutta h\u00e4net kutsuttiin palaveriin, jonka s\u00e4vy oli v\u00e4hemm\u00e4n imarteleva.<\/p>\n<p class=\"paragraph\">\u2013 Halusin tiet\u00e4\u00e4, miten voisin tehd\u00e4 asiat paremmin ja kenen kanssa asioista pit\u00e4isi puhua. Palaverissa minulle sanottiin kovasanaisesti, ett\u00e4 en voi sotkea yksityisasioitani akatemian asioihin.<\/p>\n<p class=\"paragraph\">Juuri ennen l\u00e4ht\u00f6\u00e4 harjoitusleirille J\u00e4rvinen sai ep\u00e4virallisesti tiet\u00e4\u00e4, ett\u00e4 h\u00e4n saa viipy\u00e4 Suomessa vain viikon, eli kolmasosan leirist\u00e4.<\/p>\n<p class=\"paragraph\">\u2013 Tajusin, ett\u00e4 he aikovat lenn\u00e4tt\u00e4\u00e4 minut viikon j\u00e4lkeen takaisin ja ilmoittavat Riadissa, etteiv\u00e4t ty\u00f6t jatku koeajan j\u00e4lkeen. Silloin p\u00e4\u00e4tin, ett\u00e4 lopetan ty\u00f6t, mutta teen sen omilla ehdoillani. Pakkasin laukut ja p\u00e4\u00e4tin, etten tule en\u00e4\u00e4 takaisin.<\/p>\n<p class=\"paragraph\">P\u00e4\u00e4t\u00f6st\u00e4 seurasi v\u00e4\u00e4nt\u00f6, jonka J\u00e4rvinen voitti. H\u00e4n sai neuvoteltua sopimuksen jatkamisesta elokuun puoliv\u00e4liin, mink\u00e4 ansiosta palkanmaksu ei p\u00e4\u00e4ttynyt viel\u00e4 valmennusleiriin.<\/p>\n<p>Outoja virheit\u00e4<\/p>\n<p>J\u00e4rvinen palasi takaisin perheens\u00e4 luo. Maarit Pohjanpalo<\/p>\n<p class=\"paragraph\">Sopimuksen p\u00e4\u00e4ttymisen j\u00e4lkeen J\u00e4rvinen on ollut samaan aikaan helpottunut ja harmissaan.<\/p>\n<p class=\"paragraph\">\u2013 Toki sekin olisi harmittanut, jos en olisi katsonut t\u00e4t\u00e4 korttia. Saudi-Arabiassa olisi kaikki mahdollisuudet kehitt\u00e4\u00e4 urheilutoimintaa, mutta nykyisell\u00e4\u00e4n n\u00e4ytt\u00e4\u00e4 silt\u00e4, ettei sit\u00e4 osata tai haluta tehd\u00e4. Siksi minua harmittaa kaikkien puolesta.<\/p>\n<p class=\"paragraph\">Seurattuaan urheilujohtamista Saudi-Arabiassa J\u00e4rvinen on vakuuttunut siit\u00e4, ett\u00e4 Suomessa asiat hoidetaan selv\u00e4sti paremmin \u2013 siit\u00e4 huolimatta, ett\u00e4 rahaa on k\u00e4yt\u00f6ss\u00e4 monin verroin v\u00e4hemm\u00e4n.<\/p>\n<p class=\"paragraph\">Ty\u00f6pesti Riadissa opetti, ettei raha ratkaise kaikkea.<\/p>\n<p class=\"paragraph\">\u2013 Saudeissa kaikki tiet\u00e4v\u00e4t, ett\u00e4 raha ei lopu. Sit\u00e4 k\u00e4ytet\u00e4\u00e4n usein j\u00e4rjett\u00f6m\u00e4ll\u00e4 tavalla, koska byrokratia on niin kankeaa. Siell\u00e4 pit\u00e4isi antaa p\u00e4\u00e4t\u00f6svaltaa enemm\u00e4n niille, jotka tiet\u00e4v\u00e4t ja osaavat. Maassa on sellainen ajatusmalli, ett\u00e4 rahalla voi tehd\u00e4 olympiavoittajan yht\u00e4 helposti kuin pilvenpiirt\u00e4j\u00e4n. Pit\u00e4isi ymm\u00e4rt\u00e4\u00e4, ett\u00e4 vain j\u00e4lkimm\u00e4inen on mahdollista.<\/p>\n<p class=\"paragraph\">Raha n\u00e4kyi akatemian puitteissa ristiriitaisella tavalla. Vasta viitisen vuotta vanhoja tiloja peruskorjattiin.<\/p>\n<p class=\"paragraph\">J\u00e4rvisen mukaan tilat eiv\u00e4t vastanneet maailman muita huippu-urheilukeskuksia. Esimerkiksi urheilijoiden kuntosalin v\u00e4lineet olivat enemm\u00e4nkin hotellisalien luokkaa.<\/p>\n<p class=\"paragraph\">\u2013 Yleisurheilukent\u00e4ll\u00e4 ei saanut olla korkeushyppypatjoja, koska ne olisivat pilanneet n\u00e4kym\u00e4n. Yleisurheiluradan pituus oli mitattu v\u00e4\u00e4rin ja pituushypyn hiekkakasa oli vinossa vauhdinottosuoraan n\u00e4hden, J\u00e4rvinen ihmettelee.<\/p>\n<p>Ei ainoa<\/p>\n<p class=\"paragraph\">Suomalaisvalmentajan ohella my\u00f6s useampi muu Riadin akatemian valmennushenkil\u00f6kuntaan kuuluva on p\u00e4\u00e4tt\u00e4nyt palata kotimaahansa osin samoista syist\u00e4 kuin J\u00e4rvinen.<\/p>\n<p class=\"paragraph\">\u2013 Ihmisi\u00e4 ei arvosteta eik\u00e4 heille anneta mahdollisuuksia. Tied\u00e4n ainakin viisi henkil\u00f6\u00e4, jotka lopettivat ty\u00f6ns\u00e4. Pari muuta ei palannut kes\u00e4lomiltaan takaisin Riadiin.<\/p>\n<p class=\"paragraph\">J\u00e4rvinen my\u00f6nt\u00e4\u00e4, ett\u00e4 raha oli ratkaisevassa asemassa ty\u00f6sopimuksen tekemisess\u00e4. J\u00e4lkik\u00e4teen h\u00e4n on miettinyt, mik\u00e4 m\u00e4\u00e4r\u00e4 rahaa olisi riitt\u00e4nyt pit\u00e4m\u00e4\u00e4n h\u00e4net Riadissa.<\/p>\n<p class=\"paragraph\">\u2013 Ei se ainakaan 8\u00a0000 euroa ole. Ihmiset sanovat usein, ett\u00e4 ovat valmiita tekem\u00e4\u00e4n mit\u00e4 tahansa, jos saavat tietyn m\u00e4\u00e4r\u00e4n rahaa. Sitten kun on aidosti siin\u00e4 tilanteessa, ett\u00e4 rahaa tulee, asioita ajattelee eri tavalla. Pit\u00e4\u00e4 mietti\u00e4, paljonko sill\u00e4 rahalla oikeasti saa ja mit\u00e4 on samaan aikaan menett\u00e4nyt. Itsell\u00e4ni k\u00e4vi niin, ett\u00e4 olin liikaa erossa perheest\u00e4.<\/p>\n<p class=\"paragraph\">Ammattivalmentaja ei j\u00e4\u00e4 lep\u00e4\u00e4m\u00e4\u00e4n laakereilleen, sill\u00e4 suunnitelmissa on useampia uusia projekteja kotimaassa.<\/p>\n<p class=\"paragraph\">\u2013 Tulen tekem\u00e4\u00e4n laajasti urheilumediaa v\u00e4h\u00e4n joka roolissa. Lis\u00e4ksi suunnitelmissa on l\u00e4hte\u00e4 nostamaan kahta lajia Suomesta maailman huipulle.<\/p>\n","protected":false},"excerpt":{"rendered":"Mika J\u00e4rvinen pettyi kohteluunsa. Valmentaja Mika J\u00e4rvinen lopetti ty\u00f6ns\u00e4 Saudi-Arabiassa vain viiden kuukauden j\u00e4lkeen. Edes 8\u00a0000 euron nettopalkka&hellip;\n","protected":false},"author":2,"featured_media":30518,"comment_status":"","ping_status":"","sticky":false,"template":"","format":"standard","meta":{"footnotes":""},"categories":[14],"tags":[35,22,23,26,27,33,31,30,17,24,25,41,28,29,15,18,21,32,19,20,860,56,2957,161,6112,16,59,60,61],"class_list":{"0":"post-30517","1":"post","2":"type-post","3":"status-publish","4":"format-standard","5":"has-post-thumbnail","7":"category-ulkomaat","8":"tag-24h","9":"tag-breaking-news","10":"tag-breakingnews","11":"tag-featured-news","12":"tag-featurednews","13":"tag-fi","14":"tag-finland","15":"tag-finnish","16":"tag-headlines","17":"tag-latest-news","18":"tag-latestnews","19":"tag-liikunta-ja-urheilu","20":"tag-main-news","21":"tag-mainnews","22":"tag-news","23":"tag-otsikot","24":"tag-paauutiset","25":"tag-suomi","26":"tag-top-stories","27":"tag-topstories","28":"tag-tyoelama","29":"tag-ulkomaat","30":"tag-urheilujarjestot","31":"tag-urheilutapahtumat","32":"tag-urheiluvalmennus","33":"tag-uutiset","34":"tag-world","35":"tag-world-news","36":"tag-worldnews"},"share_on_mastodon":{"url":"","error":""},"_links":{"self":[{"href":"https:\/\/www.europesays.com\/fi\/wp-json\/wp\/v2\/posts\/30517","targetHints":{"allow":["GET"]}}],"collection":[{"href":"https:\/\/www.europesays.com\/fi\/wp-json\/wp\/v2\/posts"}],"about":[{"href":"https:\/\/www.europesays.com\/fi\/wp-json\/wp\/v2\/types\/post"}],"author":[{"embeddable":true,"href":"https:\/\/www.europesays.com\/fi\/wp-json\/wp\/v2\/users\/2"}],"replies":[{"embeddable":true,"href":"https:\/\/www.europesays.com\/fi\/wp-json\/wp\/v2\/comments?post=30517"}],"version-history":[{"count":0,"href":"https:\/\/www.europesays.com\/fi\/wp-json\/wp\/v2\/posts\/30517\/revisions"}],"wp:featuredmedia":[{"embeddable":true,"href":"https:\/\/www.europesays.com\/fi\/wp-json\/wp\/v2\/media\/30518"}],"wp:attachment":[{"href":"https:\/\/www.europesays.com\/fi\/wp-json\/wp\/v2\/media?parent=30517"}],"wp:term":[{"taxonomy":"category","embeddable":true,"href":"https:\/\/www.europesays.com\/fi\/wp-json\/wp\/v2\/categories?post=30517"},{"taxonomy":"post_tag","embeddable":true,"href":"https:\/\/www.europesays.com\/fi\/wp-json\/wp\/v2\/tags?post=30517"}],"curies":[{"name":"wp","href":"https:\/\/api.w.org\/{rel}","templated":true}]}}