{"id":305177,"date":"2026-07-20T07:28:13","date_gmt":"2026-07-20T07:28:13","guid":{"rendered":"https:\/\/www.europesays.com\/fi\/305177\/"},"modified":"2026-07-20T07:28:13","modified_gmt":"2026-07-20T07:28:13","slug":"rebekka-25-on-havennyt-ulkonakoaan-kuvat-nayttavat-mita-han-ennen-piilotteli","status":"publish","type":"post","link":"https:\/\/www.europesays.com\/fi\/305177\/","title":{"rendered":"Rebekka, 25, on h\u00e4vennyt ulkon\u00e4k\u00f6\u00e4\u00e4n \u2013 Kuvat n\u00e4ytt\u00e4v\u00e4t, mit\u00e4 h\u00e4n ennen piilotteli"},"content":{"rendered":"<p>Kun sairauden oireet iskiv\u00e4t, Rebekka Homanen, 25, saattoi pest\u00e4 ihoaan jopa pakonomaisesti ja j\u00e4tt\u00e4yty\u00e4 pois menoista, koska h\u00e4pesi sit\u00e4, milt\u00e4 n\u00e4ytti. H\u00e4n kertoo nyt, miten h\u00e4pe\u00e4 helpotti ja miten h\u00e4n sai akneensa apua. <\/p>\n<p class=\"paragraph\">Muut huomaavat t\u00e4m\u00e4n asian ulkon\u00e4\u00f6st\u00e4ni ennen kuin n\u00e4kev\u00e4t minut ihmisen\u00e4, <strong>Rebekka Homanen<\/strong>, 25, ajatteli pitk\u00e4\u00e4n.<\/p>\n<p class=\"paragraph\">\u2013 Se vaikutti siihen, miten kannoin itse\u00e4ni ja millaisena n\u00e4in oman arvoni. J\u00e4tt\u00e4ydyin jopa pois sosiaalisista tilanteista.<\/p>\n<p class=\"paragraph\">Toisin kuin monia muita piirteit\u00e4, aknea on vaikea peitt\u00e4\u00e4, Rebekka kertoo. Se vaikutti pitk\u00e4\u00e4n h\u00e4nen itsetuntoonsa, mutta ei en\u00e4\u00e4. T\u00e4rke\u00e4t oivallukset ja toimiva l\u00e4\u00e4kehoito toivat helpotuksen henkiseen kipuiluun ja piinallisiin iho-oireisiin.<\/p>\n<p>Alkoi yl\u00e4asteella<\/p>\n<p class=\"paragraph\">Rebekan akne oireili ensimm\u00e4isen kerran, kun h\u00e4n oli yl\u00e4asteik\u00e4inen. Se oli kova paikka, Rebekka muistelee. Murrosi\u00e4ss\u00e4 ulkon\u00e4k\u00f6\u00f6n liittyv\u00e4t paineet olivat jo valmiiksi pinnalla.<\/p>\n<p class=\"paragraph\">\u2013 Akne oli minulle sokki, koska kell\u00e4\u00e4n kavereistani ei ollut sit\u00e4. Se ahdisti minua niin paljon, ett\u00e4 saatoin pest\u00e4 kasvojani monta kertaa p\u00e4iv\u00e4ss\u00e4 pakonomaisesti. Minun oli pakko meikata aamuisin kouluun, vaikka se olisi tarkoittanut sit\u00e4, ett\u00e4 my\u00f6h\u00e4styn. Minusta olisi ollut noloa menn\u00e4 kouluun ilman meikki\u00e4, koska silloin kaikki olisivat n\u00e4hneet, ett\u00e4 minulla on finnej\u00e4.<\/p>\n<p class=\"paragraph\">Oireet eteniv\u00e4t kausittain. Oli hetki\u00e4, jolloin iho rauhoittui, ja hetki\u00e4, jolloin n\u00e4ppyl\u00f6it\u00e4 nousi iholle enemm\u00e4n. Rebekalle kokeiltiin monia hoitokeinoja, muun muassa e-pillereit\u00e4, antibioottikuuria ja paikallisvoiteita.<\/p>\n<p>Kun h\u00e4n oli 18-vuotias, oireet h\u00e4iritsiv\u00e4t Rebekkaa niin, ett\u00e4 h\u00e4n kysyi l\u00e4\u00e4k\u00e4rilt\u00e4 isotretinoiinikuurin aloittamisesta.<\/p>\n<p>\u2013 Sit\u00e4 ei m\u00e4\u00e4r\u00e4t\u00e4 helposti, ja mietinkin pitk\u00e4\u00e4n sit\u00e4, oliko akneni riitt\u00e4v\u00e4n paha. Lis\u00e4ksi kun luin netist\u00e4 tietoa l\u00e4\u00e4kkeest\u00e4, sen haittavaikutuksista peloteltiin paljon.<\/p>\n<p>Vaikka isotretinoiinikuurin aloittaminen aluksi j\u00e4nnitti, Rebekka on nyt tyytyv\u00e4inen valintaansa. H\u00e4n ei kokenut juurikaan haittavaikutuksia, joita l\u00e4\u00e4kkeest\u00e4 voi tulla.<\/p>\n<p>\u2013 Huomasin, ett\u00e4 k\u00e4teni ja silm\u00e4ni kuivuivat kuurin aikana normaalia enemm\u00e4n. Minun piti keskitty\u00e4 siihen, ett\u00e4 kosteutin ihoani enemm\u00e4n ja k\u00e4ytin silm\u00e4tippoja. Auringolta suojautuminen hyv\u00e4ll\u00e4 aurinkovoiteella oli my\u00f6s t\u00e4rke\u00e4\u00e4.<\/p>\n<p class=\"paragraph\">Isotretinoiinia k\u00e4ytett\u00e4ess\u00e4 ei saa tulla raskaaksi, koska kuuri voi vahingoittaa siki\u00f6t\u00e4. L\u00e4\u00e4ke voi my\u00f6s nostaa veren rasva-arvoja, <a href=\"https:\/\/www.iltalehti.fi\/keho\/6e30a6a0-e10c-447c-a66d-24b81d96596d\" rel=\"nofollow noopener\" target=\"_blank\">Iltalehti<\/a> kertoi aiemmin.<\/p>\n<p class=\"paragraph\">\u2013 Kuurin aikana onkin todella t\u00e4rke\u00e4\u00e4 k\u00e4yd\u00e4 s\u00e4\u00e4nn\u00f6llisesti verikokeissa, Rebekka muistuttaa. H\u00e4n lis\u00e4\u00e4, ettei isotretinoiini ei sovi jokaiselle, mink\u00e4 vuoksi omasta tilanteesta on t\u00e4rke\u00e4\u00e4 keskustella l\u00e4\u00e4k\u00e4rin kanssa.<\/p>\n<p>Isotretinoiini auttoi<\/p>\n<p class=\"paragraph\">Rebekan ensimm\u00e4inen isotretinoiinikuuri kesti yhdeks\u00e4n kuukautta. Loppuvaiheessa annostusta pienennettiin ennen kuin se ajettiin kokonaan alas.<\/p>\n<p class=\"paragraph\">\u2013 Kuuri auttoi ja ihoni parani niin, ett\u00e4 muutaman vuoden aikana ehdin unohtaa aknen t\u00e4ysin.<\/p>\n<p class=\"paragraph\">23-vuotiaana Rebekan akne puhkesi uudelleen, t\u00e4ll\u00e4 kertaa hyvin voimakkaana. Taustalla oli ollut stressaava el\u00e4m\u00e4nvaihe, joka edesauttoi oireiden syntymist\u00e4, Rebekka arvioi.<\/p>\n<p class=\"paragraph\">\u2013 Etenkin tuolla toisella kerralla poskiini alkoi tulla tulehtuneita finnej\u00e4, jotka tekiv\u00e4t kipe\u00e4\u00e4. Kun meikkasin, minun piti olla todella hell\u00e4varainen.<\/p>\n<p class=\"paragraph\">Akne on vaikuttanut Rebekan itsetuntoon. Nuorena h\u00e4n ajatteli, ett\u00e4 muut n\u00e4kisiv\u00e4t ensisijaisesti h\u00e4nen ihonsa kunnon. Aikuisenakin akne saattoi h\u00e4irit\u00e4 Rebekkaa niin, ett\u00e4 h\u00e4n j\u00e4tti toisinaan sosiaalisia tilanteita v\u00e4list\u00e4.<\/p>\n<p>\u2013 Kun akne puhkesi uudelleen, tein t\u00f6it\u00e4 vaikuttajana. Saatoin j\u00e4tt\u00e4\u00e4 v\u00e4liin markkinointitilaisuuksia, joissa olisin voinut tutustua uusiin ihmisiin ja verkostoitua. Minulla oli niin huono fiilis ihostani ja itsest\u00e4ni, Rebekka kertoo. <\/p>\n<p>\u2013 Minun oli pakko meikata, kun menin l\u00e4hikauppaan tai viem\u00e4\u00e4n roskia. Koin, ett\u00e4 oli helpompaa laittaa meikki\u00e4 kuin menn\u00e4 ulos niin, ett\u00e4 kaikki n\u00e4kisiv\u00e4t huonon ihoni. <\/p>\n<p>Ei en\u00e4\u00e4 rajoita<\/p>\n<p class=\"paragraph\">J\u00e4lkik\u00e4teen Rebekka on oivaltanut, ett\u00e4 h\u00e4nen ajattelunsa on ollut itsekeskeist\u00e4. H\u00e4nen ihonsa on tuskin kiinnostanut muita ihmisi\u00e4 niin paljon kuin h\u00e4n on mieless\u00e4\u00e4n pel\u00e4nnyt.<\/p>\n<p class=\"paragraph\">H\u00e4n on my\u00f6s osannut luopua h\u00e4pe\u00e4st\u00e4, jota aiemmin kantoi. Aiemmin Rebekka syyllisti itse\u00e4\u00e4n oireista ja ajatteli, ett\u00e4 olisi itse aiheuttanut ne jollain tavalla.<\/p>\n<p class=\"paragraph\">\u2013 Suhtautumiseni on muuttunut lempe\u00e4mm\u00e4ksi. Akne on ihosairaus siin\u00e4 miss\u00e4 muutkin, ja ymm\u00e4rr\u00e4n, ett\u00e4 se voi olla perinn\u00f6llist\u00e4 ja oireilla, vaikka elintapani olisivat hyv\u00e4t ja tekisin kaiken mahdollisen, ett\u00e4 ihoni olisi hyv\u00e4ss\u00e4 kunnossa. Ennen ajattelin, ett\u00e4 akne olisi minun vikani. Nyt pid\u00e4n sit\u00e4 ominaisuutena: v\u00e4lill\u00e4 ihoni oireilee, v\u00e4lill\u00e4 ei.<\/p>\n<p class=\"paragraph\">Akne ei en\u00e4\u00e4 my\u00f6sk\u00e4\u00e4n rajoita Rebekan el\u00e4m\u00e4\u00e4.<\/p>\n<p class=\"paragraph\">\u2013 Nyky\u00e4\u00e4n en j\u00e4tt\u00e4isi mit\u00e4\u00e4n tekem\u00e4tt\u00e4 ihoni vuoksi, vaikka se olisikin huonossa kunnossa. Olen ymm\u00e4rt\u00e4nyt, ettei aknelle saa antaa valtaa rajoittaa el\u00e4m\u00e4\u00e4 tai est\u00e4\u00e4 tarttumasta mahdollisuuksiin.<\/p>\n<p>Muut eiv\u00e4t n\u00e4e vain ihoa<\/p>\n<p class=\"paragraph\">Kun akneoireet yltyiv\u00e4t toistamiseen, Rebekka aloitti uuden isotretinoiinikuurin. T\u00e4ll\u00e4 kertaa akne hellitti seitsem\u00e4n kuukauden hoitojaksolla.<\/p>\n<p class=\"paragraph\">\u2013 Jos iho-oireet alkaisivat uudelleen, en odottaisi hetke\u00e4k\u00e4\u00e4n, vaan menisin heti l\u00e4\u00e4k\u00e4riin. Kadun, etten ensimm\u00e4isell\u00e4 kerralla aloittanut kuuria aikaisemmin.<\/p>\n<p class=\"paragraph\">Nykyisin Rebekka pystyy olemaan arjessa ilman meikki\u00e4 \u2013 tai antaa jonkun toisen meikata h\u00e4net. Aiemmin sekin olisi tuntunut ahdistavalta ajatukselta.<\/p>\n<p class=\"paragraph\">Rebekka on yksi Miss Suomi -kilpailun semifinalisteista ja on siksi ollut nyt my\u00f6s muiden meikattavana.<\/p>\n<p class=\"paragraph\">\u2013 Aiemmin mietin, voinko akneni vuoksi edes hakea kilpailuun mukaan.<\/p>\n<p class=\"paragraph\">Miss Suomi -finalistit julkistetaan elokuussa, ja finaali kisataan syyskuussa.<\/p>\n<p class=\"paragraph\">Kokemiensa ep\u00e4varmuuksien vuoksi Rebekka on kiinnostunut varsinkin nuorten mielenterveydest\u00e4. H\u00e4n haluaa muistuttaa, ett\u00e4 ep\u00e4varmuudet eiv\u00e4t m\u00e4\u00e4rit\u00e4 ket\u00e4\u00e4n ihmisen\u00e4.<\/p>\n<p class=\"paragraph\">Akne on todenn\u00e4k\u00f6isesti isoin asia sit\u00e4 sairastavalle ihmiselle, ei muille h\u00e4nen ymp\u00e4rill\u00e4\u00e4n, Rebekka muistuttaa.<\/p>\n<p class=\"paragraph\">\u2013 Etenkin nuorena on helppoa ajatella, ett\u00e4 kaikki keskittyisiv\u00e4t ihon ulkon\u00e4k\u00f6\u00f6n, mutta takaan, ett\u00e4 kaikilla on omia ep\u00e4varmuuksia, joihin he keskittyv\u00e4t enemm\u00e4n. Muut eiv\u00e4t n\u00e4e sinussa pelk\u00e4st\u00e4\u00e4n ihoa.<\/p>\n","protected":false},"excerpt":{"rendered":"Kun sairauden oireet iskiv\u00e4t, Rebekka Homanen, 25, saattoi pest\u00e4 ihoaan jopa pakonomaisesti ja j\u00e4tt\u00e4yty\u00e4 pois menoista, koska h\u00e4pesi&hellip;\n","protected":false},"author":2,"featured_media":305178,"comment_status":"","ping_status":"","sticky":false,"template":"","format":"standard","meta":{"footnotes":"","_share_on_mastodon":"0"},"categories":[130],"tags":[137,33,31,30,876,33212,3207,7580,3208,12676,17378,1390,980,32,167,3884,109],"class_list":["post-305177","post","type-post","status-publish","format-standard","has-post-thumbnail","category-viihde","tag-entertainment","tag-fi","tag-finland","tag-finnish","tag-fyysinen-kauneus","tag-ihmisen-iho","tag-ihmisen-ulkonako","tag-ihonhoito","tag-kauneudenhoito","tag-kosmetiikka","tag-kosmetologia","tag-kuukausi","tag-skin-problems","tag-suomi","tag-terveys","tag-ulkonako","tag-viihde"],"share_on_mastodon":{"url":"https:\/\/pubeurope.com\/@fi\/116951128823670794","error":""},"_links":{"self":[{"href":"https:\/\/www.europesays.com\/fi\/wp-json\/wp\/v2\/posts\/305177","targetHints":{"allow":["GET"]}}],"collection":[{"href":"https:\/\/www.europesays.com\/fi\/wp-json\/wp\/v2\/posts"}],"about":[{"href":"https:\/\/www.europesays.com\/fi\/wp-json\/wp\/v2\/types\/post"}],"author":[{"embeddable":true,"href":"https:\/\/www.europesays.com\/fi\/wp-json\/wp\/v2\/users\/2"}],"replies":[{"embeddable":true,"href":"https:\/\/www.europesays.com\/fi\/wp-json\/wp\/v2\/comments?post=305177"}],"version-history":[{"count":0,"href":"https:\/\/www.europesays.com\/fi\/wp-json\/wp\/v2\/posts\/305177\/revisions"}],"wp:featuredmedia":[{"embeddable":true,"href":"https:\/\/www.europesays.com\/fi\/wp-json\/wp\/v2\/media\/305178"}],"wp:attachment":[{"href":"https:\/\/www.europesays.com\/fi\/wp-json\/wp\/v2\/media?parent=305177"}],"wp:term":[{"taxonomy":"category","embeddable":true,"href":"https:\/\/www.europesays.com\/fi\/wp-json\/wp\/v2\/categories?post=305177"},{"taxonomy":"post_tag","embeddable":true,"href":"https:\/\/www.europesays.com\/fi\/wp-json\/wp\/v2\/tags?post=305177"}],"curies":[{"name":"wp","href":"https:\/\/api.w.org\/{rel}","templated":true}]}}