{"id":305191,"date":"2026-07-20T07:54:15","date_gmt":"2026-07-20T07:54:15","guid":{"rendered":"https:\/\/www.europesays.com\/fi\/305191\/"},"modified":"2026-07-20T07:54:15","modified_gmt":"2026-07-20T07:54:15","slug":"call-of-duty-elokuva-perustuu-pelisarjan-rakastettuun-osaan","status":"publish","type":"post","link":"https:\/\/www.europesays.com\/fi\/305191\/","title":{"rendered":"Call of Duty -elokuva perustuu pelisarjan rakastettuun osaan"},"content":{"rendered":"<p>Peter Berg on paljastanut Call of Dutyn sijoittuvan pelisarjan suosittuun osaan.<\/p>\n<p>Tuleva <a href=\"https:\/\/muropaketti.com\/avainsana\/call-of-duty\/\" rel=\"nofollow noopener\" target=\"_blank\">Call of Duty<\/a> -elokuva on paljastettu sijoittuvan pelisarjan suosituimpaan osaan.<\/p>\n<p>Peter Bergin ohjaama toimintaelokuva sovittaa valkokankaalle pelisarjan moderniin sodank\u00e4yntiin keskittyv\u00e4n Modern Warfare -sarjan, uutisoi <a href=\"https:\/\/www.eurogamer.net\/call-of-duty-movie-set-modern-warfare-universe\" target=\"_blank\" rel=\"noreferrer noopener nofollow\">Eurogamer<\/a>. Ohjaaja ei kuitenkaan paljastanut sen tarkemmin, perustuuko elokuva johonkin aiempaan peliin vai lainaako se niilt\u00e4 vain aikakauden.<\/p>\n<p>Suosittuun r\u00e4iskint\u00e4pelisarjaan perustuva elokuvasovitus julkistettiin aiemmin t\u00e4n\u00e4 vuonna ja sen paljastettiin saapuvan elokuvateattereihin 30. kes\u00e4kuuta 2028.<\/p>\n<p>Vuodesta 2003 l\u00e4htien l\u00e4hes vuosittain uuden pelin saanut Call of Duty kuuluu r\u00e4iskint\u00e4pelien suosituimpiin pelisarjoihin. Pelisarjaa on myyty yli 500 miljoonaa kappaletta. Sen edellisin osa oli viime vuonna julkaistu Call of Duty: Black Ops 7 ja seuraava peli, Call of Duty: Modern Warfare 4, julkaistaan my\u00f6hemmin t\u00e4n\u00e4 vuonna.<\/p>\n<blockquote class=\"twitter-tweet\">\n<p lang=\"en\" dir=\"ltr\">Director Peter Berg revealed today at <a href=\"https:\/\/x.com\/FanaticsFest?ref_src=twsrc%5Etfw\" rel=\"nofollow\">@FanaticsFest<\/a> the <a href=\"https:\/\/x.com\/callofdutymovie?ref_src=twsrc%5Etfw\" rel=\"nofollow\">@CallOfDutyMovie<\/a> is set in the Modern Warfare universe.<\/p>\n<p>In theaters June 30, 2028. <a href=\"https:\/\/t.co\/CpdFX7kI9z\" rel=\"nofollow\">pic.twitter.com\/CpdFX7kI9z<\/a><\/p>\n<p>\u2014 Call of Duty (@CallofDuty) <a href=\"https:\/\/x.com\/CallofDuty\/status\/2078547067577004220?ref_src=twsrc%5Etfw\" rel=\"nofollow\">July 18, 2026<\/a><\/p><\/blockquote>\n<p><script async src=\"https:\/\/platform.twitter.com\/widgets.js\" charset=\"utf-8\"><\/script><\/p>\n","protected":false},"excerpt":{"rendered":"Peter Berg on paljastanut Call of Dutyn sijoittuvan pelisarjan suosittuun osaan. Tuleva Call of Duty -elokuva on paljastettu&hellip;\n","protected":false},"author":2,"featured_media":305192,"comment_status":"","ping_status":"","sticky":false,"template":"","format":"standard","meta":{"footnotes":"","_share_on_mastodon":"0"},"categories":[130],"tags":[39681,39682,16468,137,33,31,30,16145,16469,32,109],"class_list":["post-305191","post","type-post","status-publish","format-standard","has-post-thumbnail","category-viihde","tag-activision","tag-call-of-duty-modern-warfare","tag-call-of-duty","tag-entertainment","tag-fi","tag-finland","tag-finnish","tag-pelielokuvat","tag-peter-berg","tag-suomi","tag-viihde"],"share_on_mastodon":{"url":"https:\/\/pubeurope.com\/@fi\/116951231176896110","error":""},"_links":{"self":[{"href":"https:\/\/www.europesays.com\/fi\/wp-json\/wp\/v2\/posts\/305191","targetHints":{"allow":["GET"]}}],"collection":[{"href":"https:\/\/www.europesays.com\/fi\/wp-json\/wp\/v2\/posts"}],"about":[{"href":"https:\/\/www.europesays.com\/fi\/wp-json\/wp\/v2\/types\/post"}],"author":[{"embeddable":true,"href":"https:\/\/www.europesays.com\/fi\/wp-json\/wp\/v2\/users\/2"}],"replies":[{"embeddable":true,"href":"https:\/\/www.europesays.com\/fi\/wp-json\/wp\/v2\/comments?post=305191"}],"version-history":[{"count":0,"href":"https:\/\/www.europesays.com\/fi\/wp-json\/wp\/v2\/posts\/305191\/revisions"}],"wp:featuredmedia":[{"embeddable":true,"href":"https:\/\/www.europesays.com\/fi\/wp-json\/wp\/v2\/media\/305192"}],"wp:attachment":[{"href":"https:\/\/www.europesays.com\/fi\/wp-json\/wp\/v2\/media?parent=305191"}],"wp:term":[{"taxonomy":"category","embeddable":true,"href":"https:\/\/www.europesays.com\/fi\/wp-json\/wp\/v2\/categories?post=305191"},{"taxonomy":"post_tag","embeddable":true,"href":"https:\/\/www.europesays.com\/fi\/wp-json\/wp\/v2\/tags?post=305191"}],"curies":[{"name":"wp","href":"https:\/\/api.w.org\/{rel}","templated":true}]}}