{"id":30521,"date":"2025-09-10T03:39:07","date_gmt":"2025-09-10T03:39:07","guid":{"rendered":"https:\/\/www.europesays.com\/fi\/30521\/"},"modified":"2025-09-10T03:39:07","modified_gmt":"2025-09-10T03:39:07","slug":"nato-rakentaa-haijya-linjaa-suomeen-asioita-tapahtuu-nyt-erittain-nopeasti","status":"publish","type":"post","link":"https:\/\/www.europesays.com\/fi\/30521\/","title":{"rendered":"Nato rakentaa h\u00e4ijy\u00e4 linjaa Suomeen \u2013 Asioita tapahtuu nyt &#8221;eritt\u00e4in nopeasti&#8221;"},"content":{"rendered":"<p>Nato rakentaa Ven\u00e4j\u00e4\u00e4 vastaan uuden \u201dpelotelinjan\u201d. Maavoimien komentaja Pasi V\u00e4lim\u00e4ki kertoo, miten se tapahtuu.<\/p>\n<p class=\"paragraph\">Puolustusliitto Nato on kehitt\u00e4nyt it\u00e4isen sivustan maajoukoilleen uuden taistelutavan. Se otetaan k\u00e4ytt\u00f6\u00f6n Naton Ven\u00e4j\u00e4n vastaisilla rajoilla.<\/p>\n<p class=\"paragraph\">Saksalaiset panssarijoukot harjoittelevat taistelutapaa jo t\u00e4n\u00e4 syksyn\u00e4.<\/p>\n<p class=\"paragraph\">\u2013 Syyskuussa saksalainen 10. panssariprikaati testaa Naton maavoimien niin sanotun Eastern Flank Deterrence Line \u2013konseptin mukaisia j\u00e4rjestelmi\u00e4, Suomen Maavoimien komentaja <strong>Pasi V\u00e4lim\u00e4ki<\/strong> kertoi Santahaminassa.<\/p>\n<p class=\"paragraph\">Englanninkielinen nimi k\u00e4\u00e4ntyy suomeksi \u201dit\u00e4isen sivustan pelotelinjaksi\u201d.<\/p>\n<p class=\"paragraph\">Uusi Ven\u00e4j\u00e4n-vastainen pelotelinja rakentuu Suomeen, Norjaan, Viroon, Latviaan, Liettuaan, Puolaan ja muun muassa Saksaan siten, ett\u00e4 maajoukot k\u00e4ytt\u00e4v\u00e4t kaikkialla standardisoituja ammuksia ja laukaisualustoja.<\/p>\n<p class=\"paragraph\">T\u00e4m\u00e4 mahdollistaa sen, ett\u00e4 Naton vahvistuksia pystyt\u00e4\u00e4n keskitt\u00e4m\u00e4\u00e4n nopeasti sinne, miss\u00e4 Ven\u00e4j\u00e4 yritt\u00e4isi esimerkiksi jalkav\u00e4en massamaista hy\u00f6kk\u00e4yst\u00e4.<\/p>\n<p class=\"paragraph\">Elektroniset j\u00e4rjestelm\u00e4t ovat keskeinen osa Nato-maiden maavoimien uutta taistelutapaa. Siten varmistetaan, ett\u00e4 minnek\u00e4\u00e4n it\u00e4iselle sivustalle ei synny heikkoa kohtaa, jossa Naton joukoilla ei olisi kyky\u00e4 lamauttaa ven\u00e4l\u00e4isten j\u00e4rjestelmi\u00e4 tai kyky\u00e4 vastata lennokkisodank\u00e4yntiin.<\/p>\n<p class=\"paragraph\">\u2013 Konsepti tulee ohjaamaan Naton ja liittolaisten maavoimien kehitt\u00e4mist\u00e4. Suomessa testiharjoitus j\u00e4rjestet\u00e4\u00e4n marraskuussa 2026, kenraaliluutnatti V\u00e4lim\u00e4ki sanoo.<\/p>\n<p class=\"paragraph\">\u2013 Tekniikan ja teknologian muutos mahdollistaa suorituskykyjen ja taistelutapojen uudistamisen. Kehitys on eritt\u00e4in nopeaa, h\u00e4n tuumaa.<\/p>\n<p>Tiukka aikaraja<\/p>\n<p class=\"paragraph\">Nimelt\u00e4\u00e4n testiharjoitus on Arctic Strike 26.<\/p>\n<p class=\"paragraph\">Maavoimat luovutti harjoituksen toiminnalliset vaatimukset elokuussa teollisuudelle.<\/p>\n<p class=\"paragraph\">\u2013 Heille j\u00e4\u00e4 14 kuukautta aikaa kehitt\u00e4\u00e4 tuotteitaan ja ratkaisujaan ja sitten osoittaa niiden toimivuus Pohjolan olosuhteissa marraskuussa.<\/p>\n<p class=\"paragraph\">V\u00e4lim\u00e4ki kertoo, ett\u00e4 vaatimukset on laadittu yhdess\u00e4 liittolaisten ja ukrainalaisten kanssa.<\/p>\n<p class=\"paragraph\">\u2013 Pystymme hy\u00f6dynt\u00e4m\u00e4\u00e4n yhteisty\u00f6t\u00e4 Ukrainan kanssa, kun arvioimme sotavarustuksen k\u00e4ytett\u00e4vyytt\u00e4 ja tehoa taistelukent\u00e4ll\u00e4.<\/p>\n<p class=\"paragraph\">Miehitt\u00e4m\u00e4tt\u00f6m\u00e4t asej\u00e4rjestelm\u00e4t valtaavat taistelukentt\u00e4\u00e4 nopeasti. Puolustusvoimat kiirehtii uuden tekniikan k\u00e4ytt\u00f6\u00f6nottoa senkin takia, ett\u00e4 siten on mahdollista s\u00e4\u00e4st\u00e4\u00e4 ihmishenki\u00e4.<\/p>\n<p>N\u00e4in hy\u00f6kk\u00e4\u00e4j\u00e4 voitetaan<\/p>\n<p class=\"paragraph\">V\u00e4lim\u00e4ki korostaa, ett\u00e4 Suomi ja muut Nato-maat eiv\u00e4t halua juuttua kulutussotaan, jossa kuolisi kymmeni\u00e4- tai jopa satojatuhansia omia sotilaita. Siksi hy\u00f6kk\u00e4\u00e4j\u00e4 on voitettava teknologisen ylivoiman ja massiivisen, mutta tarkan tulenk\u00e4yt\u00f6n yhdistelm\u00e4ll\u00e4.<\/p>\n<p class=\"paragraph\">\u2013 Kyse ei ole vain jostain dronestrategiasta, vaan useiden erilaisten suorituskykyjen yhdistelm\u00e4st\u00e4 taistelukent\u00e4ll\u00e4. Se vastaa viimeisimm\u00e4n sodan kokemuksiin ja koskee kaikkia aselajeja ja johtamisen tasoja, V\u00e4lim\u00e4ki painottaa.<\/p>\n<p class=\"paragraph\">J\u00e4rjestelmien ja suorituskykyjen vertailu tapahtuu nyt Ukrainassa taistelukent\u00e4ll\u00e4, ja Suomi tekee tiivist\u00e4 puolustusyhteisty\u00f6t\u00e4 Ukrainan kanssa.<\/p>\n<p class=\"paragraph\">L\u00e4hivuosina Suomessa tapahtuu paljon miehitt\u00e4m\u00e4tt\u00f6mien suorituskykyjen testaamista ja k\u00e4ytt\u00f6\u00f6nottoa.<\/p>\n<p class=\"paragraph\">V\u00e4lim\u00e4ki alkaa luetella.<\/p>\n<p class=\"paragraph\">\u2013 Taistelulennokit, tiedustelu- ja tulenjohtolennokit, vastadronet ja lennokkien torjuntaj\u00e4rjestelm\u00e4t, t\u00e4ydennysten kuljetukset ja haavoittuneiden evakuoinnit miehitt\u00e4m\u00e4tt\u00f6mill\u00e4 maa-alustoilla, kaapeliyhteyksien rakentaminen droneilla, miinoitteiden ja esteiden raivaaminen miehitt\u00e4m\u00e4tt\u00f6mill\u00e4 j\u00e4rjestelmill\u00e4.<\/p>\n<p class=\"paragraph\">Ihmiset eiv\u00e4t en\u00e4\u00e4 kuljeta ammust\u00e4ydennyksi\u00e4 tykist\u00f6n liikkuviin tuliasemiin. Siit\u00e4 huolehtivat robotit ja kauko-ohjattavat ajoneuvot.<\/p>\n<p>6 miljardia euroa<\/p>\n<p class=\"paragraph\">Uusi tekniikka ja asej\u00e4rjestelm\u00e4t maksavat \u2013 ja paljon maksavatkin.<\/p>\n<p class=\"paragraph\">P\u00e4\u00e4ministeri <strong>Petteri<\/strong> <strong>Orpon<\/strong> (kok) hallitus teki budjettiriihess\u00e4\u00e4n p\u00e4\u00e4t\u00f6ksen Puolustusvoimien tilausvaltuuksien nostamisesta kuuteen miljardiin euroon.<\/p>\n<p class=\"paragraph\">\u2013 Ne ovat huikean suuret. Tilausvaltuudet nostetaan kuuteen miljardiin, siis 0,4 miljardista. Moninkertaisiksi. Viisitoistakertaisiksi, valtiovarainministeri <strong>Riikka Purra<\/strong> (ps) p\u00e4ivitteli harppausta.<\/p>\n<p>Puolustusministeri Antti H\u00e4kk\u00e4sen johdolla on aloitettu miljardien asehankinnat Suomen Maavoimille. Lauri Nurmi<\/p>\n<p class=\"paragraph\">Miljardeja vaaditaan my\u00f6s panssarikaluston ostamiseen. Maavoimat aikoo hankkia uudet taistelupanssarivaunut.<\/p>\n<p class=\"paragraph\">\u2013 Emme n\u00e4e kehityst\u00e4, jossa voisimme luopua taistelupanssarivaunuista, tykist\u00f6st\u00e4, rynn\u00e4kk\u00f6vaunuista ja muusta nykyisest\u00e4 p\u00e4\u00e4kalustosta, V\u00e4lim\u00e4ki sanoo.<\/p>\n<p class=\"paragraph\">Muutos n\u00e4kyy alkuvaiheessa ennen kaikkea toiminnan muutoksena taistelukent\u00e4ll\u00e4 ja harjoituksissa.<\/p>\n<p class=\"paragraph\">V\u00e4lim\u00e4en sanoin uuden oppiminen on kriittist\u00e4 \u201dkenraalista varusmieheen\u201d.<\/p>\n<p class=\"paragraph\">\u2013 Asevelvollisuus on puolustuksemme kivijalka, h\u00e4n kiteytt\u00e4\u00e4.<\/p>\n<p>Lennokeilta suojaa<\/p>\n<p class=\"paragraph\">Kenraaliluutnantti kutsuu perustan kuntoon panemista \u201doperaatiolinja A:ksi\u201d.<\/p>\n<p class=\"paragraph\">Jalkav\u00e4en sotilailla on oltava omasuojaa lennokkeja vastaan: esimerkiksi ilmaisimia sek\u00e4 l\u00e4mp\u00f6- ja infrapunasuojapeitteit\u00e4.<\/p>\n<p class=\"paragraph\">\u2013 On ihan selv\u00e4\u00e4, ett\u00e4 taistelijan luottamus v\u00e4lineist\u00f6\u00f6ns\u00e4 riippuu siit\u00e4, ett\u00e4 h\u00e4nell\u00e4 on ajanmukainen peruskoulutus ja varustus, joka vastaa nykyaikaisen taistelukent\u00e4n vaatimuksiin, V\u00e4lim\u00e4ki korostaa.<\/p>\n<p class=\"paragraph\">Maavoimien komentaja haluaa edist\u00e4\u00e4 kulttuuria, jossa arvostetaan aloitteellisuutta, uuden oppimista ja kielitaitoa.<\/p>\n<p class=\"paragraph\">Jos k\u00e4yt\u00e4nn\u00f6n havainnot siit\u00e4, mik\u00e4 toimii ja mik\u00e4 ei, eiv\u00e4t v\u00e4lity yl\u00f6sp\u00e4in kitkattomasti, vaarana on ihmishenkien tarpeeton menett\u00e4minen.<\/p>\n<p class=\"paragraph\">\u2013 Emme pit\u00e4ydy niiss\u00e4 vanhoissa toimintamalleissa, jotka ovat osoittautuneet taistelukent\u00e4ll\u00e4 huonoiksi.<\/p>\n<p class=\"paragraph\">\u2013 Olemme siis rakentamassa uudenlaista taistelijan rataa, V\u00e4lim\u00e4ki kertoo.<\/p>\n<p class=\"paragraph\">Toisin sanoen varusmiesten peruskoulutusta uudistetaan.<\/p>\n<p>Ukrainalainen sotilas lenn\u00e4tti vuonna 2023 lennokkia Donetskin rintamalla. Suomessa varusmiesten lennokkikoulutus alkaa komppanian tasolla kes\u00e4n 2026 saapumiser\u00e4st\u00e4 alkaen. AOP<\/p>\n<p>Taistelun voittaminen<\/p>\n<p class=\"paragraph\">Operaatiolinja B:ksi V\u00e4lim\u00e4ki kutsuu sit\u00e4, ett\u00e4 kaiken keski\u00f6ss\u00e4 on oltava valmius voittaa taistelu. Ven\u00e4j\u00e4n-uhka on todellinen, ei teoreettinen.<\/p>\n<p class=\"paragraph\">Ven\u00e4j\u00e4 kehitt\u00e4\u00e4 ja p\u00e4ivitt\u00e4\u00e4 omia elektronisia j\u00e4rjestelmi\u00e4\u00e4n koko ajan. Uskottavan pelotteen yll\u00e4pit\u00e4minen vaatii Nato-mailta reaaliaikaista kilpajuoksua.<\/p>\n<p class=\"paragraph\">\u2013 Taistelun voittamisen merkitys on ymm\u00e4rrett\u00e4v\u00e4 kaikessa tekemisess\u00e4. Ajatuksena on, ett\u00e4 noin 90\u2013120 vuorokauden v\u00e4lein testaamme ja p\u00e4ivit\u00e4mme j\u00e4rjestelmi\u00e4, V\u00e4lim\u00e4ki sanoo.<\/p>\n<p class=\"paragraph\">Harjoittelussa ei en\u00e4\u00e4 ole kyse hyvien aikojen toiminnasta.<\/p>\n<p class=\"paragraph\">\u2013 Koulutus- ja sotilasharjoitukset ovat taisteluteht\u00e4vien testaamista ja toimeenpanovalmiuden kehitt\u00e4mist\u00e4, V\u00e4lim\u00e4ki korostaa.<\/p>\n<p>Useita armeijakuntia<\/p>\n<p class=\"paragraph\">Vuoteen 2029 menness\u00e4 maanpuolustuksen johtaminen on V\u00e4lim\u00e4en mukaan t\u00e4ysin integroitu liittokunnan komentorakenteeseen. My\u00f6s paikallispuolustusta on harjoiteltu Nato-liittolaisten kanssa.<\/p>\n<p class=\"paragraph\">Mikkeliin perustettava Naton pohjoisten maavoimien johtoporras pystyy johtamaan jopa satojentuhansien sotilaiden taistelua.<\/p>\n<p class=\"paragraph\">\u2013 Se on useamman armeijakunnan samanaikaiseen johtamiseen kykenev\u00e4 johtoporras, V\u00e4lim\u00e4ki sanoo.<\/p>\n<p class=\"paragraph\">Armeijakunnan koko vaihtelee, mutta Natossa sen vahvuus on tavanomaisesti 50 000\u201360 000 sotilasta.<\/p>\n<p class=\"paragraph\">Vahvoista joukoista, uudesta aseistuksesta ja modernista teknologiasta syntyy pelote, joka est\u00e4\u00e4 Ven\u00e4j\u00e4\u00e4 hy\u00f6kk\u00e4\u00e4m\u00e4st\u00e4. T\u00e4m\u00e4 on tavoitteena.<\/p>\n<p class=\"paragraph\">Mutta jos Ven\u00e4j\u00e4 kaikesta huolimatta hy\u00f6kk\u00e4isi, sen joukot ly\u00f6t\u00e4isiin Nato-maiden rajoilla, eik\u00e4 niit\u00e4 p\u00e4\u00e4stett\u00e4isi etenem\u00e4\u00e4n liittokunnan alueelle.<\/p>\n","protected":false},"excerpt":{"rendered":"Nato rakentaa Ven\u00e4j\u00e4\u00e4 vastaan uuden \u201dpelotelinjan\u201d. Maavoimien komentaja Pasi V\u00e4lim\u00e4ki kertoo, miten se tapahtuu. Puolustusliitto Nato on kehitt\u00e4nyt&hellip;\n","protected":false},"author":2,"featured_media":30522,"comment_status":"","ping_status":"","sticky":false,"template":"","format":"standard","meta":{"footnotes":""},"categories":[5],"tags":[35,802,22,23,26,27,33,31,30,17,24,25,803,28,29,15,18,21,878,2535,32,19,20,2534,16],"class_list":{"0":"post-30521","1":"post","2":"type-post","3":"status-publish","4":"format-standard","5":"has-post-thumbnail","7":"category-otsikot","8":"tag-24h","9":"tag-armeijat-ja-aseelliset-joukot","10":"tag-breaking-news","11":"tag-breakingnews","12":"tag-featured-news","13":"tag-featurednews","14":"tag-fi","15":"tag-finland","16":"tag-finnish","17":"tag-headlines","18":"tag-latest-news","19":"tag-latestnews","20":"tag-levottomuudet-ja-sodat","21":"tag-main-news","22":"tag-mainnews","23":"tag-news","24":"tag-otsikot","25":"tag-paauutiset","26":"tag-puolustus-ja-rajavalvonta-maanpuolustus","27":"tag-puolustuspolitiikka","28":"tag-suomi","29":"tag-top-stories","30":"tag-topstories","31":"tag-turvallisuuspolitiikka","32":"tag-uutiset"},"share_on_mastodon":{"url":"","error":""},"_links":{"self":[{"href":"https:\/\/www.europesays.com\/fi\/wp-json\/wp\/v2\/posts\/30521","targetHints":{"allow":["GET"]}}],"collection":[{"href":"https:\/\/www.europesays.com\/fi\/wp-json\/wp\/v2\/posts"}],"about":[{"href":"https:\/\/www.europesays.com\/fi\/wp-json\/wp\/v2\/types\/post"}],"author":[{"embeddable":true,"href":"https:\/\/www.europesays.com\/fi\/wp-json\/wp\/v2\/users\/2"}],"replies":[{"embeddable":true,"href":"https:\/\/www.europesays.com\/fi\/wp-json\/wp\/v2\/comments?post=30521"}],"version-history":[{"count":0,"href":"https:\/\/www.europesays.com\/fi\/wp-json\/wp\/v2\/posts\/30521\/revisions"}],"wp:featuredmedia":[{"embeddable":true,"href":"https:\/\/www.europesays.com\/fi\/wp-json\/wp\/v2\/media\/30522"}],"wp:attachment":[{"href":"https:\/\/www.europesays.com\/fi\/wp-json\/wp\/v2\/media?parent=30521"}],"wp:term":[{"taxonomy":"category","embeddable":true,"href":"https:\/\/www.europesays.com\/fi\/wp-json\/wp\/v2\/categories?post=30521"},{"taxonomy":"post_tag","embeddable":true,"href":"https:\/\/www.europesays.com\/fi\/wp-json\/wp\/v2\/tags?post=30521"}],"curies":[{"name":"wp","href":"https:\/\/api.w.org\/{rel}","templated":true}]}}