{"id":30525,"date":"2025-09-10T03:53:18","date_gmt":"2025-09-10T03:53:18","guid":{"rendered":"https:\/\/www.europesays.com\/fi\/30525\/"},"modified":"2025-09-10T03:53:18","modified_gmt":"2025-09-10T03:53:18","slug":"olga-palon-esseeromaani-keskusteluja-lapseni-ja-virginia-woolfin-kanssa-syntyi-halusta-ymmartaa-miksi-oma-aitiys-oli-niin-vaikea-hyvaksya","status":"publish","type":"post","link":"https:\/\/www.europesays.com\/fi\/30525\/","title":{"rendered":"Olga Palon esseeromaani Keskusteluja lapseni ja Virginia Woolfin kanssa syntyi halusta ymm\u00e4rt\u00e4\u00e4, miksi oma \u00e4itiys oli niin vaikea hyv\u00e4ksy\u00e4"},"content":{"rendered":"<p><img decoding=\"async\" src=\"https:\/\/www.europesays.com\/fi\/wp-content\/uploads\/2025\/09\/1757476397_93_978.jpg\" alt=\"Kirjailija-k\u00e4sikirjoittaja Olga Palolle perheellisten ja perheett\u00f6mien maailmat olivat kaukana toisistaan viel\u00e4 pitk\u00e4\u00e4n esikoisen syntym\u00e4n j\u00e4lkeen. Kirjassaan h\u00e4n yritt\u00e4\u00e4 sulauttaa erilliset lokerot yhteen. \" class=\"_Img_tdqg8_1\" style=\"aspect-ratio:1\" loading=\"eager\"\/><\/p>\n<p class=\"article-picture-caption\">Kirjailija-k\u00e4sikirjoittaja Olga Palolle perheellisten ja perheett\u00f6mien maailmat olivat kaukana toisistaan viel\u00e4 pitk\u00e4\u00e4n esikoisen syntym\u00e4n j\u00e4lkeen. Kirjassaan h\u00e4n yritt\u00e4\u00e4 sulauttaa erilliset lokerot yhteen.  Kuva:\u00a0Mika Ranta \/ HS<\/p>\n<p>Kirjailija-k\u00e4sikirjoittaja omaksui parikymppisen\u00e4 ajatuksen, ett\u00e4 naisen tulee olla vapaa ja itsen\u00e4inen. Miksi vanhemmuudesta tuli meille niin vaikeaa?<\/p>\n<p class=\"article-body margin-bottom-24 padding-x-16\">On ihmisi\u00e4, joilla on lapsia ja ihmisi\u00e4, joilla ei ole lapsia. N\u00e4m\u00e4 ihmiset el\u00e4v\u00e4t omissa kuplissaan.<\/p>\n<p class=\"article-body margin-bottom-24 padding-x-16\">Vanhemmuudelle tai \u00e4itiydelle on k\u00e4ynyt kirjailija-k\u00e4sikirjoittaja <a class=\"article-personlink\" href=\"https:\/\/www.hs.fi\/haku\/?query=Olga%20Palon\" rel=\"nofollow noopener\" target=\"_blank\">Olga Palon<\/a> mukaan se, mik\u00e4 monelle muullekin nykyaikana: siit\u00e4 on tullut valinta ja el\u00e4m\u00e4\u00e4 m\u00e4\u00e4ritt\u00e4v\u00e4 identiteetti.<\/p>\n","protected":false},"excerpt":{"rendered":"Kirjailija-k\u00e4sikirjoittaja Olga Palolle perheellisten ja perheett\u00f6mien maailmat olivat kaukana toisistaan viel\u00e4 pitk\u00e4\u00e4n esikoisen syntym\u00e4n j\u00e4lkeen. Kirjassaan h\u00e4n yritt\u00e4\u00e4&hellip;\n","protected":false},"author":2,"featured_media":30526,"comment_status":"","ping_status":"","sticky":false,"template":"","format":"standard","meta":{"footnotes":""},"categories":[134],"tags":[377,137,33,31,30,46,378,32,109],"class_list":{"0":"post-30525","1":"post","2":"type-post","3":"status-publish","4":"format-standard","5":"has-post-thumbnail","7":"category-kirjat","8":"tag-books","9":"tag-entertainment","10":"tag-fi","11":"tag-finland","12":"tag-finnish","13":"tag-helsingin-sanomat","14":"tag-kirjat","15":"tag-suomi","16":"tag-viihde"},"share_on_mastodon":{"url":"","error":""},"_links":{"self":[{"href":"https:\/\/www.europesays.com\/fi\/wp-json\/wp\/v2\/posts\/30525","targetHints":{"allow":["GET"]}}],"collection":[{"href":"https:\/\/www.europesays.com\/fi\/wp-json\/wp\/v2\/posts"}],"about":[{"href":"https:\/\/www.europesays.com\/fi\/wp-json\/wp\/v2\/types\/post"}],"author":[{"embeddable":true,"href":"https:\/\/www.europesays.com\/fi\/wp-json\/wp\/v2\/users\/2"}],"replies":[{"embeddable":true,"href":"https:\/\/www.europesays.com\/fi\/wp-json\/wp\/v2\/comments?post=30525"}],"version-history":[{"count":0,"href":"https:\/\/www.europesays.com\/fi\/wp-json\/wp\/v2\/posts\/30525\/revisions"}],"wp:featuredmedia":[{"embeddable":true,"href":"https:\/\/www.europesays.com\/fi\/wp-json\/wp\/v2\/media\/30526"}],"wp:attachment":[{"href":"https:\/\/www.europesays.com\/fi\/wp-json\/wp\/v2\/media?parent=30525"}],"wp:term":[{"taxonomy":"category","embeddable":true,"href":"https:\/\/www.europesays.com\/fi\/wp-json\/wp\/v2\/categories?post=30525"},{"taxonomy":"post_tag","embeddable":true,"href":"https:\/\/www.europesays.com\/fi\/wp-json\/wp\/v2\/tags?post=30525"}],"curies":[{"name":"wp","href":"https:\/\/api.w.org\/{rel}","templated":true}]}}